{"id":2025,"date":"2018-03-28T17:26:49","date_gmt":"2018-03-28T17:26:49","guid":{"rendered":"http:\/\/uit-ci.org\/index.php\/2018\/03\/28\/todo-nuestro-apoyo-a-elie-domota-dirigente-de-la-ugtg-de-gaudalupe\/"},"modified":"2018-03-28T17:26:49","modified_gmt":"2018-03-28T17:26:49","slug":"todo-nuestro-apoyo-a-elie-domota-dirigente-de-la-ugtg-de-gaudalupe","status":"publish","type":"post","link":"https:\/\/uit-ci.org\/index.php\/2018\/03\/28\/todo-nuestro-apoyo-a-elie-domota-dirigente-de-la-ugtg-de-gaudalupe\/","title":{"rendered":"Todo nuestro apoyo a Elie Domota, dirigente de la UGTG, de Gaudalupe"},"content":{"rendered":"<p>El 31 de mayo Elie Domota, dirigente de la Uni\u00f3n General de los Trabajadores de Guadalupe, fue citado por los tribunales para ser procesado. Su crimen: haberse opuesto con los trabajadores al despido de todos los obreros de la UGTG.<\/p>\n<p>  <!--more-->  <\/p>\n<p>La UGTG independentista, es el sindicato mayoritario de Guadalupe con 56 % de los votos en las \u00faltimas elecciones profesionales, lo que explica en gran parte la violencia de la represi\u00f3n.<\/p>\n<p>El presidente director general de BMW lo denunci\u00f3 por violencia. En realidad Elie Domota fue v\u00edctima una provocaci\u00f3n de la seguridad patronal durante una reuni\u00f3n de negociaci\u00f3n.<\/p>\n<p>Desde 2009, cerca de cien militantes son golpeados por la represi\u00f3n del estado colonial frances. Como punto de comparaci\u00f3n, proporcionalmente seria como si 15000 militantes sindicales fueran perseguidos en Francia. Elie Domota ser\u00e1 procesado el 15 de marzo .<\/p>\n<p><strong>Todo nuestro apoyo a Elie Domota y a todos los militantes de la UGTG<\/strong><br \/><strong>Absoluci\u00f3n para todos<\/strong><br \/><strong>Basta de represi\u00f3n del Estado colonial franc\u00e9s y de pwofitasyon<\/strong><\/p>\n","protected":false},"excerpt":{"rendered":"<p>El 31 de mayo Elie Domota, dirigente de la Uni\u00f3n General de los Trabajadores de Guadalupe, fue citado por los tribunales para ser procesado. Su crimen: haberse opuesto con los trabajadores al despido de todos los obreros de la UGTG.<\/p>\n","protected":false},"author":1,"featured_media":0,"comment_status":"open","ping_status":"open","sticky":false,"template":"","format":"standard","meta":[],"categories":[68],"tags":[],"_links":{"self":[{"href":"https:\/\/uit-ci.org\/index.php\/wp-json\/wp\/v2\/posts\/2025"}],"collection":[{"href":"https:\/\/uit-ci.org\/index.php\/wp-json\/wp\/v2\/posts"}],"about":[{"href":"https:\/\/uit-ci.org\/index.php\/wp-json\/wp\/v2\/types\/post"}],"author":[{"embeddable":true,"href":"https:\/\/uit-ci.org\/index.php\/wp-json\/wp\/v2\/users\/1"}],"replies":[{"embeddable":true,"href":"https:\/\/uit-ci.org\/index.php\/wp-json\/wp\/v2\/comments?post=2025"}],"version-history":[{"count":0,"href":"https:\/\/uit-ci.org\/index.php\/wp-json\/wp\/v2\/posts\/2025\/revisions"}],"wp:attachment":[{"href":"https:\/\/uit-ci.org\/index.php\/wp-json\/wp\/v2\/media?parent=2025"}],"wp:term":[{"taxonomy":"category","embeddable":true,"href":"https:\/\/uit-ci.org\/index.php\/wp-json\/wp\/v2\/categories?post=2025"},{"taxonomy":"post_tag","embeddable":true,"href":"https:\/\/uit-ci.org\/index.php\/wp-json\/wp\/v2\/tags?post=2025"}],"curies":[{"name":"wp","href":"https:\/\/api.w.org\/{rel}","templated":true}]}}