{"id":20331,"date":"2024-12-07T13:24:15","date_gmt":"2024-12-07T13:24:15","guid":{"rendered":"http:\/\/uit-ci.org\/?p=20331"},"modified":"2024-12-07T13:24:15","modified_gmt":"2024-12-07T13:24:15","slug":"a-crise-da-intervencao-imperialista-no-haiti","status":"publish","type":"post","link":"https:\/\/uit-ci.org\/index.php\/2024\/12\/07\/a-crise-da-intervencao-imperialista-no-haiti\/?lang=pt-br","title":{"rendered":"A crise da interven\u00e7\u00e3o imperialista no Haiti"},"content":{"rendered":"<p><span style=\"font-weight: 400;\">Por <\/span><b>Babyson Pierre, membro da UIT-QI<\/b><\/p>\n<p><span style=\"font-weight: 400;\">Numa entrevista, por ocasi\u00e3o da cimeira do G20 no Brasil, a 21 de novembro, o presidente franc\u00eas, Emmanuel Macron, chamou aos membros do Conselho Presidencial de Transi\u00e7\u00e3o (CPT) \u201ccontras\u201d (idiotas, em linguagem vulgar), acusando \u201cos haitianos\u201d de terem destru\u00eddo o Haiti e criticando fortemente a decis\u00e3o do CPT de demitir o primeiro-ministro Gary Conille e o seu governo.<\/span><\/p>\n<p><span style=\"font-weight: 400;\">Estas declara\u00e7\u00f5es suscitaram grande indigna\u00e7\u00e3o no Haiti, tendo em conta a hist\u00f3ria criminosa do imperialismo franc\u00eas. O povo haitiano nem sequer elegeu este CPT, que foi eleito pelos imperialistas, como Macron, de m\u00e3os dadas com o Caricom. Os governos do Core Group (N\u00facleo Central, uma organiza\u00e7\u00e3o intergovernamental informal composta por pot\u00eancias estrangeiras envolvidas na pol\u00edtica do Haiti), como os EUA, o Canad\u00e1, a Espanha, o Brasil e a Fran\u00e7a, apoiaram anteriormente os governos corruptos e mafiosos do PHTK pela for\u00e7a da ocupa\u00e7\u00e3o. Desde h\u00e1 muitos anos que s\u00e3o as pot\u00eancias imperialistas que decidem quem governa o Haiti.<\/span><\/p>\n<p><span style=\"font-weight: 400;\">O que est\u00e1 em crise, portanto, \u00e9 um modelo de tutela colonial que tem estado em vigor no Haiti h\u00e1 d\u00e9cadas. No seio do Core Group existe aquilo a que o antigo embaixador da OEA no Haiti, Ricardo Seitenfus, chamou de \u201ctridente imperial\u201d, constitu\u00eddo pelos EUA, Canad\u00e1 e Fran\u00e7a. O CPT foi instalado a 12 de abril de 2024, na sequ\u00eancia da demiss\u00e3o do Primeiro-Ministro Ariel Henry, que foi impedido de regressar ao pa\u00eds depois da sua viagem a Qu\u00e9nia para finalizar o acordo de envio de tropas.\u00a0<\/span><\/p>\n<p><span style=\"font-weight: 400;\">Henry tinha sido imposto pelo Core Group ap\u00f3s o assassinato de Jovenel Mo\u00efse, e o pr\u00f3prio Mo\u00efse tinha sido imposto em elei\u00e7\u00f5es fraudulentas pela OEA. Henry, pouco antes de se demitir, tinha pago 500 milh\u00f5es de d\u00f3lares ao governo venezuelano pela d\u00edvida da Petrocaribe, uma a\u00e7\u00e3o que deveria ser investigada por prov\u00e1vel corrup\u00e7\u00e3o. A Petrocaribe e a MINUSTAH foram dois casos de cumplicidade do reformismo latino-americano com a burguesia haitiana e o imperialismo no Haiti.<\/span><\/p>\n<p><span style=\"font-weight: 400;\">O CPT \u00e9 composto por nove membros, atualmente todos homens, dos quais dois participam como observadores. A presid\u00eancia do conselho deve ser rotativa de seis em seis meses e o seu funcionamento deve terminar a 7 de fevereiro de 2026, com a realiza\u00e7\u00e3o de elei\u00e7\u00f5es nacionais. O CPT nomeou primeiro-ministro Gary Conille, antigo conselheiro de Clinton e ex-primeiro-ministro de Martelly, e envolveu as principais correntes pol\u00edticas da burguesia haitiana, desde a extrema-direita do PHTK at\u00e9 ao centro-esquerda do Lavalas e do Pitit Dessalines, e fracassou.\u00a0<\/span><\/p>\n<p><span style=\"font-weight: 400;\">A principal miss\u00e3o de Conille, de acordo com o \u201cAcordo pol\u00edtico para uma transi\u00e7\u00e3o pol\u00edtica e ordenada\u201d de 4 de abril de 2024, era restabelecer as condi\u00e7\u00f5es de seguran\u00e7a p\u00fablica, restaurar as institui\u00e7\u00f5es do Estado e criar o Conselho Eleitoral Provis\u00f3rio. As tarefas do CPT e do governo s\u00e3o muito semelhantes, mas nos seus sete meses de funcionamento assistimos mais a lutas de poder e esc\u00e2ndalos de corrup\u00e7\u00e3o do que ao cumprimento destas tarefas.\u00a0<\/span><\/p>\n<p><span style=\"font-weight: 400;\">O primeiro confronto conhecido entre a CPT e Conille foi o desacordo manifestado por Leslie Voltaire, que preside \u00e0 CPT, relativamente a declara\u00e7\u00f5es do ent\u00e3o chanceler Dominique Dupuy criticando a pol\u00edtica de deporta\u00e7\u00f5es em massa do Governo dominicano. Voltaire, que est\u00e1 ligado ao Lavalas, pediu a cabe\u00e7a do ministro dos Neg\u00f3cios Estrangeiros. Sabe-se que o Governo de Abinader est\u00e1 ligado ao oligarca haitiano Gilbert Bigio, sancionado no final de 2022 pelo Governo canadiano devido \u00e0s suas liga\u00e7\u00f5es ao financiamento de bandos armados. Bigio continua a ser muito influente na pol\u00edtica burguesa haitiana, \u00e9 c\u00f4nsul honor\u00e1rio de Israel no Haiti e foi mesmo sancionado pelos EUA na d\u00e9cada de 1990 pelo seu envolvimento no primeiro golpe de Estado contra Aristide.<\/span><\/p>\n<p><span style=\"font-weight: 400;\">Tr\u00eas membros da CPT, Smith Augustin (antigo embaixador na Rep\u00fablica Dominicana), Emmanuel Vertilaire e Louis Gerald Gilles, foram acusados pela Unidade Anti-Corrup\u00e7\u00e3o de abuso de poder e corrup\u00e7\u00e3o ativa e passiva contra o Banco Nacional de Cr\u00e9dito. Permanecem at\u00e9 hoje numa CPT que s\u00f3 est\u00e1 interessada em garantir os seus privil\u00e9gios e os interesses dos seus parceiros olig\u00e1rquicos. Alix Didier Fils Aim\u00e9 \u00e9 o novo primeiro-ministro, que promete ser ent\u00e3o apenas mais do mesmo.<\/span><\/p>\n<p><span style=\"font-weight: 400;\">O envio de tropas quenianas, dedicadas exclusivamente \u00e0 defesa do regime, ocorreu depois de os EUA n\u00e3o terem conseguido envolver os governos do Canad\u00e1 e do Brasil para repetir o esquema da MINUSTAH. Recentemente, os imperialistas tentaram fazer com que o Conselho de Seguran\u00e7a da ONU aprovasse o envio de outra miss\u00e3o de capacetes azuis, sem sucesso. Em suma, estamos diante de uma crise do modelo de domina\u00e7\u00e3o imperialista das \u00faltimas d\u00e9cadas.\u00a0<\/span><\/p>\n<p><span style=\"font-weight: 400;\">As declara\u00e7\u00f5es de Macron demonstram a arrog\u00e2ncia e a irresponsabilidade do Core Group, porque no CPT eles s\u00e3o \u201cidiotas\u201d, mas no final s\u00e3o os seus \u201cidiotas\u201d. \u00c9 mais do que tempo de exigir internacionalmente que o direito do povo haitiano a decidir o seu pr\u00f3prio destino seja respeitado. Dada a subordina\u00e7\u00e3o da burguesia haitiana ao imperialismo, s\u00f3 um governo da classe trabalhadora e dos setores populares pode fazer valer este direito \u00e0 autodetermina\u00e7\u00e3o e iniciar a reconstru\u00e7\u00e3o do pa\u00eds.<\/span><\/p>\n","protected":false},"excerpt":{"rendered":"<p>Por Babyson Pierre, membro da UIT-QI Numa entrevista, por ocasi\u00e3o da cimeira do G20 no Brasil, a 21 de novembro, o presidente franc\u00eas, Emmanuel Macron, chamou aos membros do Conselho Presidencial de Transi\u00e7\u00e3o (CPT) \u201ccontras\u201d (idiotas, em linguagem vulgar), acusando \u201cos haitianos\u201d de terem destru\u00eddo o Haiti e criticando fortemente a decis\u00e3o do CPT de [&hellip;]<\/p>\n","protected":false},"author":2,"featured_media":20218,"comment_status":"closed","ping_status":"closed","sticky":false,"template":"","format":"standard","meta":[],"categories":[1],"tags":[],"_links":{"self":[{"href":"https:\/\/uit-ci.org\/index.php\/wp-json\/wp\/v2\/posts\/20331"}],"collection":[{"href":"https:\/\/uit-ci.org\/index.php\/wp-json\/wp\/v2\/posts"}],"about":[{"href":"https:\/\/uit-ci.org\/index.php\/wp-json\/wp\/v2\/types\/post"}],"author":[{"embeddable":true,"href":"https:\/\/uit-ci.org\/index.php\/wp-json\/wp\/v2\/users\/2"}],"replies":[{"embeddable":true,"href":"https:\/\/uit-ci.org\/index.php\/wp-json\/wp\/v2\/comments?post=20331"}],"version-history":[{"count":1,"href":"https:\/\/uit-ci.org\/index.php\/wp-json\/wp\/v2\/posts\/20331\/revisions"}],"predecessor-version":[{"id":20332,"href":"https:\/\/uit-ci.org\/index.php\/wp-json\/wp\/v2\/posts\/20331\/revisions\/20332"}],"wp:featuredmedia":[{"embeddable":true,"href":"https:\/\/uit-ci.org\/index.php\/wp-json\/wp\/v2\/media\/20218"}],"wp:attachment":[{"href":"https:\/\/uit-ci.org\/index.php\/wp-json\/wp\/v2\/media?parent=20331"}],"wp:term":[{"taxonomy":"category","embeddable":true,"href":"https:\/\/uit-ci.org\/index.php\/wp-json\/wp\/v2\/categories?post=20331"},{"taxonomy":"post_tag","embeddable":true,"href":"https:\/\/uit-ci.org\/index.php\/wp-json\/wp\/v2\/tags?post=20331"}],"curies":[{"name":"wp","href":"https:\/\/api.w.org\/{rel}","templated":true}]}}