{"id":2035,"date":"2018-04-03T15:15:23","date_gmt":"2018-04-03T15:15:23","guid":{"rendered":"http:\/\/uit-ci.org\/index.php\/2018\/04\/03\/nous-condamnons-le-massacre-en-cours-a-gaza-contre-le-peuple-palestinien\/"},"modified":"2018-04-03T15:15:23","modified_gmt":"2018-04-03T15:15:23","slug":"nous-condamnons-le-massacre-en-cours-a-gaza-contre-le-peuple-palestinien","status":"publish","type":"post","link":"https:\/\/uit-ci.org\/index.php\/2018\/04\/03\/nous-condamnons-le-massacre-en-cours-a-gaza-contre-le-peuple-palestinien\/","title":{"rendered":"Nous condamnons le massacre en cours \u00e0 Gaza contre le peuple palestinien."},"content":{"rendered":"<p><img loading=\"lazy\" class=\" alignleft size-full wp-image-2034\" src=\"http:\/\/uit-ci.org\/wp-content\/uploads\/2018\/04\/Heridos_en_Gaza_por_la_represion_sionista.jpg\" width=\"240\" height=\"148\" alt=\"Heridos en Gaza por la represi\u00f3n sionista\" style=\"margin-right: 5px; float: left;\" srcset=\"https:\/\/uit-ci.org\/wp-content\/uploads\/2018\/04\/Heridos_en_Gaza_por_la_represion_sionista.jpg 600w, https:\/\/uit-ci.org\/wp-content\/uploads\/2018\/04\/Heridos_en_Gaza_por_la_represion_sionista-300x185.jpg 300w\" sizes=\"(max-width: 240px) 100vw, 240px\" \/>Depuis vendredi 30 mars, les forces d&#8217;occupation isra\u00e9liennes ont tu\u00e9 16 jeunes Palestiniens et en ont bless\u00e9 plus de 1400, dont certains tr\u00e8s graves, \u00e0 l&#8217;aide d&#8217;artillerie, de tireurs d&#8217;\u00e9lite et m\u00eame d&#8217;avions.<\/p>\n<p>  <!--more-->  <\/p>\n<p>Elles ont criminellement r\u00e9prim\u00e9 ce que les Palestiniens appellent la Grande Marche du Retour, une manifestation pacifique du peuple palestinien dans la bande de Gaza, demandant \u00e0 la mise en \u0153uvre du paragraphe 11 de la r\u00e9solution 194 de l&#8217;ONU, qui dispose le droit au retour de tous les r\u00e9fugi\u00e9s qui souhaitent rentrer chez eux, de le faire d\u00e8s que possible. Pendant six semaines jusqu&#8217;au jour de la Nakba (Catastrophe), date de l&#8217;occupation isra\u00e9lienne en 1948, de nombreuses marches sont pr\u00e9vues pour le retour des r\u00e9fugi\u00e9s palestiniens.<\/p>\n<p>Ce vendredi 30, les forces militaires sionistes ont attaqu\u00e9 et tir\u00e9 sur des milliers de Palestiniens marchant avec leurs familles.<\/p>\n<p>Dans toutes les villes de Cisjordanie, \u00e0 l&#8217;est de la Palestine occup\u00e9e et dans la bande de Gaza, il y a une gr\u00e8ve g\u00e9n\u00e9rale pour d\u00e9noncer la tyrannie du r\u00e9gime isra\u00e9lien qui a utilis\u00e9 la force pour r\u00e9primer brutalement la marche pacifique du retour \u00e0 Gaza.<\/p>\n<p>Le Centre d&#8217;Information Palestinien a signal\u00e9 que le samedi 31, toutes les activit\u00e9s quotidiennes dans la zone sont paralys\u00e9es : il n&#8217;y a pas de circulation automobile dans les rues et les \u00e9coles, les universit\u00e9s et les magasins sont ferm\u00e9s. Les d\u00e9fenseurs des droits de l&#8217;homme ont appel\u00e9 \u00e0 une marche \u00e0 midi dans la ville de Naplouse, dans la r\u00e9gion nord de la Cisjordanie occup\u00e9e.<\/p>\n<p>Dans le monde entier, il y a une r\u00e9pudiation toujours plus grande de cette nouvelle action criminelle du sionisme soutenue par l&#8217;imp\u00e9rialisme et Donald Trump.<\/p>\n<p>Arr\u00eatons l&#8217;agression contre le peuple palestinien ! \u00c0 bas le mur de Cisjordanie raciste et r\u00e9pressif ! Libert\u00e9 de tous les prisonniers palestiniens ! Assez de l&#8217;\u00e9tat d&#8217;apartheid d&#8217;Isra\u00ebl ! Seul un \u00c9tat unique, la\u00efque, d\u00e9mocratique et non raciste en Palestine peut garantir la paix dans la r\u00e9gion. Un \u00c9tat avec des droits et des libert\u00e9s \u00e9gaux pour tous ses citoyens, y compris les Juifs qui acceptent cet \u00c9tat. Dehors l&#8217;imp\u00e9rialisme de la Palestine et de tout le Moyen-Orient !<\/p>\n<p>Nous nous joignons \u00e0 la r\u00e9pudiation internationale et nous appelons \u00e0 des actions unitaires pour r\u00e9pudier ces crimes.<\/p>\n<p>Assez de r\u00e9pression de la marche de retour !<br \/>Soutien inconditionnel \u00e0 la r\u00e9sistance du peuple palestinien !<\/p>\n<p>Unit\u00e9 des travailleurs internationaux &#8211; Quatri\u00e8me Internationale (UIT-QI)<br \/>31 mars 2018<\/p>\n","protected":false},"excerpt":{"rendered":"<p>Depuis vendredi 30 mars, les forces d&#8217;occupation isra\u00e9liennes ont tu\u00e9 16 jeunes Palestiniens et en ont bless\u00e9 plus de 1400, dont certains tr\u00e8s graves, \u00e0 l&#8217;aide d&#8217;artillerie, de tireurs d&#8217;\u00e9lite et m\u00eame d&#8217;avions.<\/p>\n","protected":false},"author":1,"featured_media":2034,"comment_status":"open","ping_status":"open","sticky":false,"template":"","format":"standard","meta":[],"categories":[53],"tags":[],"_links":{"self":[{"href":"https:\/\/uit-ci.org\/index.php\/wp-json\/wp\/v2\/posts\/2035"}],"collection":[{"href":"https:\/\/uit-ci.org\/index.php\/wp-json\/wp\/v2\/posts"}],"about":[{"href":"https:\/\/uit-ci.org\/index.php\/wp-json\/wp\/v2\/types\/post"}],"author":[{"embeddable":true,"href":"https:\/\/uit-ci.org\/index.php\/wp-json\/wp\/v2\/users\/1"}],"replies":[{"embeddable":true,"href":"https:\/\/uit-ci.org\/index.php\/wp-json\/wp\/v2\/comments?post=2035"}],"version-history":[{"count":0,"href":"https:\/\/uit-ci.org\/index.php\/wp-json\/wp\/v2\/posts\/2035\/revisions"}],"wp:featuredmedia":[{"embeddable":true,"href":"https:\/\/uit-ci.org\/index.php\/wp-json\/wp\/v2\/media\/2034"}],"wp:attachment":[{"href":"https:\/\/uit-ci.org\/index.php\/wp-json\/wp\/v2\/media?parent=2035"}],"wp:term":[{"taxonomy":"category","embeddable":true,"href":"https:\/\/uit-ci.org\/index.php\/wp-json\/wp\/v2\/categories?post=2035"},{"taxonomy":"post_tag","embeddable":true,"href":"https:\/\/uit-ci.org\/index.php\/wp-json\/wp\/v2\/tags?post=2035"}],"curies":[{"name":"wp","href":"https:\/\/api.w.org\/{rel}","templated":true}]}}