{"id":20390,"date":"2024-12-13T20:29:29","date_gmt":"2024-12-13T20:29:29","guid":{"rendered":"http:\/\/uit-ci.org\/?p=20390"},"modified":"2024-12-18T15:58:22","modified_gmt":"2024-12-18T15:58:22","slug":"la-uit-ci-y-el-apoyo-a-la-revolucion-siria","status":"publish","type":"post","link":"https:\/\/uit-ci.org\/index.php\/2024\/12\/13\/la-uit-ci-y-el-apoyo-a-la-revolucion-siria\/","title":{"rendered":"La UIT-CI y el apoyo a la revoluci\u00f3n siria"},"content":{"rendered":"<p>Por <strong>Prensa UIT-CI<\/strong><\/p>\n<p>13\/12\/2024. La UIT-CI y sus secciones impulsamos, desde marzo de 2011, el llamado a la solidaridad internacional con la revoluci\u00f3n siria. En Argentina hasta tuvimos enfrentamientos f\u00edsicos con defensores de Bashar al-Assad y enviados de la embajada. Lamentablemente estuvimos muy solos internacionalmente. Muy pocos sectores de la izquierda trotskista apoyaron.<\/p>\n<p>Con la campa\u00f1a internacional busc\u00e1bamos apoyar a la izquierda independiente que enfrentaba a la dictadura de al-Assad, para dar pasos en la construcci\u00f3n de un polo socialista revolucionario en Siria.<\/p>\n<p>Trabajamos unidos con dirigentes y organizaciones diversas que, apoyando la rebeli\u00f3n contra el r\u00e9gimen, levantaban una postura pol\u00edtica independiente a la direcci\u00f3n burguesa opositora del Consejo Nacional Sirio (CNI), del imperialismo y de las milicias reaccionarias isl\u00e1micas y el ISIS.<\/p>\n<p>Entre ellos podemos mencionar, entre otros, a Yassin al Haj Saleh, escritor, quien estuvo en la c\u00e1rcel durante diecis\u00e9is a\u00f1os (1980-96).\u00a0 Pas\u00f3 a vivir en la clandestinidad desde el inicio de la revoluci\u00f3n hasta que huy\u00f3 del pa\u00eds en 2013. Dej\u00f3 de ser comunista pero se sigue considerando de izquierda. Su compa\u00f1era, Samira Khalil, est\u00e1 desaparecida desde que fue secuestrada en 2013 por un grupo salafista en Ghouta Oriental. Salameh Kaileh, periodista sirio-palestino y autor marxista \u00e1rabe, fallecido en octubre de 2018. Estuvo preso ocho a\u00f1os (1992-2000) en Siria. Despu\u00e9s de haber vivido en Damasco durante treinta a\u00f1os, fue encarcelado y deportado a Jordania en 2012. Yasser Munif, cofundador de la Campa\u00f1a Global de Solidaridad con la Revoluci\u00f3n Siria. Mansur Attassi, ya fallecido, del Partido de la Izquierda Democr\u00e1tica de Siria, organizaci\u00f3n con la cual mantenemos una relaci\u00f3n fraternal.<\/p>\n<p>Todos ellos fueron parte de la Conferencia Internacional que se realiz\u00f3 en\u00a0<a href=\"https:\/\/izquierdasocialista.org.ar\/2020\/index.php\/nicolas-nunez\/item\/7409-declaracion-de-estambul-rompamos-el-bloqueo-a-la-revolucion-siria\">Estambul, Turqu\u00eda, en julio de 2015<\/a>\u00a0que fue convocada tambi\u00e9n por la UIT-CI y otras organizaciones. Este fue el \u00fanico evento mundial de la izquierda en apoyo a la revoluci\u00f3n siria.<\/p>\n","protected":false},"excerpt":{"rendered":"<p>Por Prensa UIT-CI 13\/12\/2024. La UIT-CI y sus secciones impulsamos, desde marzo de 2011, el llamado a la solidaridad internacional con la revoluci\u00f3n siria. En Argentina hasta tuvimos enfrentamientos f\u00edsicos con defensores de Bashar al-Assad y enviados de la embajada. Lamentablemente estuvimos muy solos internacionalmente. Muy pocos sectores de la izquierda trotskista apoyaron. Con la [&hellip;]<\/p>\n","protected":false},"author":2,"featured_media":20391,"comment_status":"closed","ping_status":"closed","sticky":false,"template":"","format":"standard","meta":[],"categories":[18],"tags":[119,1498,103,271,578,661,664,491,621,97,999],"_links":{"self":[{"href":"https:\/\/uit-ci.org\/index.php\/wp-json\/wp\/v2\/posts\/20390"}],"collection":[{"href":"https:\/\/uit-ci.org\/index.php\/wp-json\/wp\/v2\/posts"}],"about":[{"href":"https:\/\/uit-ci.org\/index.php\/wp-json\/wp\/v2\/types\/post"}],"author":[{"embeddable":true,"href":"https:\/\/uit-ci.org\/index.php\/wp-json\/wp\/v2\/users\/2"}],"replies":[{"embeddable":true,"href":"https:\/\/uit-ci.org\/index.php\/wp-json\/wp\/v2\/comments?post=20390"}],"version-history":[{"count":1,"href":"https:\/\/uit-ci.org\/index.php\/wp-json\/wp\/v2\/posts\/20390\/revisions"}],"predecessor-version":[{"id":20397,"href":"https:\/\/uit-ci.org\/index.php\/wp-json\/wp\/v2\/posts\/20390\/revisions\/20397"}],"wp:featuredmedia":[{"embeddable":true,"href":"https:\/\/uit-ci.org\/index.php\/wp-json\/wp\/v2\/media\/20391"}],"wp:attachment":[{"href":"https:\/\/uit-ci.org\/index.php\/wp-json\/wp\/v2\/media?parent=20390"}],"wp:term":[{"taxonomy":"category","embeddable":true,"href":"https:\/\/uit-ci.org\/index.php\/wp-json\/wp\/v2\/categories?post=20390"},{"taxonomy":"post_tag","embeddable":true,"href":"https:\/\/uit-ci.org\/index.php\/wp-json\/wp\/v2\/tags?post=20390"}],"curies":[{"name":"wp","href":"https:\/\/api.w.org\/{rel}","templated":true}]}}