{"id":20637,"date":"2025-01-23T15:04:09","date_gmt":"2025-01-23T15:04:09","guid":{"rendered":"http:\/\/uit-ci.org\/?p=20637"},"modified":"2025-07-15T17:41:43","modified_gmt":"2025-07-15T17:41:43","slug":"vuelve-el-ultraderechista-donald-trump-al-poder-hay-que-enfrentarlo-en-las-calles","status":"publish","type":"post","link":"https:\/\/uit-ci.org\/index.php\/2025\/01\/23\/vuelve-el-ultraderechista-donald-trump-al-poder-hay-que-enfrentarlo-en-las-calles\/","title":{"rendered":"Vuelve el ultraderechista Donald Trump al poder, hay que enfrentarlo en las calles"},"content":{"rendered":"<p>Por <b>Miguel Angel Hern\u00e1ndez, <\/b>dirigente del PSL, secci\u00f3n venezolana de la UIT-CI<\/p>\n<p>23\/1\/2025.<\/p>\n<p>En medio de una ola de fr\u00edo \u00e1rtico, cruda manifestaci\u00f3n del cambio clim\u00e1tico que niega el ultraderechista Donald Trump, \u00e9ste asumi\u00f3 como cuadrag\u00e9simo s\u00e9ptimo presidente de Estados Unidos, el pasado 20 de enero.<\/p>\n<p>Lugar privilegiado en la ceremonia tuvieron Elon Musk el CEO de Tesla y SpaceX, Jeff Bezos, fundador de Amazon y propietario de The Washington Post, Mark Zuckerberg, el CEO de Meta y cofundador de Facebook, Sundar Pichai, CEO de Alphabet, empresa matriz de Google y Tim Cook, CEO de Apple. Reflejando que el de Trump ser\u00e1 un gobierno de los CEO de las grandes transnacionales. As\u00ed como gobernantes y l\u00edderes ultraderechistas de otros pa\u00edses como Javier Milei, Nayib Bukele, Giorgia Meloni y Santiago Abascal de Vox en el Estado espa\u00f1ol.<\/p>\n<p>Su discurso de media hora se caracteriz\u00f3 por la arrogancia, la prepotencia y el ultranacionalismo. \u00abEstados Unidos recuperar\u00e1 el lugar que le corresponde como la naci\u00f3n m\u00e1s grande, m\u00e1s poderosa y m\u00e1s respetada de la Tierra, inspirando temor y admiraci\u00f3n en todo el mundo\u00bb. Refiri\u00e9ndose al canal de Panam\u00e1, afirm\u00f3 amenazante: \u201cy lo vamos a recuperar\u201d.<\/p>\n<p>Tild\u00f3 de criminales a los inmigrantes: \u201cmuchos de ellos provenientes de prisiones e instituciones psiqui\u00e1tricas que han ingresado ilegalmente a nuestro pa\u00eds desde todas partes del mundo\u201d. Amenaz\u00f3 con una guerra comercial: \u201caplicaremos aranceles y grav\u00e1menes a pa\u00edses extranjeros para enriquecer a nuestros ciudadanos\u201d, y ratific\u00f3 su car\u00e1cter mis\u00f3gino y antiderechos al afirmar que \u201cser\u00e1 pol\u00edtica oficial del gobierno de Estados Unidos que s\u00f3lo haya dos g\u00e9neros, masculino y femenino\u201d. El acto adem\u00e1s se cerr\u00f3 con el discurso de un rabino sionista.<\/p>\n<p>En su primer d\u00eda como presidente de la principal potencia imperialista del mundo, Trump firm\u00f3 una bater\u00eda de decretos, que ya prefiguran el car\u00e1cter profundamente antipopular de su gobierno, y que marcan una ofensiva de ataques contra los derechos del pueblo norteamericano y los pueblos del mundo.<\/p>\n<p>Algunas de esas medidas son eliminar directrices previas que apuntaban a reducir el precio de medicinas; congelar contrataciones de empleados p\u00fablicos y enviar a sus casas, con el objetivo de despedirlos posteriormente, a empleados federales que ingresaron al gobierno en el marco de un programa por la diversidad, la equidad y la inclusi\u00f3n; la ciudadan\u00eda por nacimiento; medidas que favorec\u00edan la protecci\u00f3n del medio ambiente, lo que Trump denomina \u201cel ambientalismo radical\u201d; decretos para eliminar los programas en favor de la diversidad sexual. Anunci\u00f3 tambi\u00e9n la retirada de Estados Unidos del acuerdo clim\u00e1tico de Par\u00eds, por segunda ocasi\u00f3n, tambi\u00e9n de la Organizaci\u00f3n Mundial de la Salud. Declar\u00f3 la \u00abemergencia energ\u00e9tica nacional\u00bb, para ampliar significativamente y sin controles ambientales, la extracci\u00f3n de petr\u00f3leo y gas. Igualmente indult\u00f3 a los 1500 ultraderechistas que tomaron violentamente el capitolio estadounidense en el 2021, entre muchas otras medidas.<\/p>\n<p>El regreso del ultraderechista Donald Trump a la presidencia es la manifestaci\u00f3n en Estados Unidos de la crisis y decadencia social, econ\u00f3mica y pol\u00edtica que atraviesa desde hace a\u00f1os el sistema capitalista-imperialista.<\/p>\n<p>Su nuevo gobierno no traer\u00e1 ning\u00fan tipo de mejora para el pueblo trabajador, para las mujeres, la juventud estadounidense ni para los inmigrantes. Nada se puede esperar en beneficio de los pueblos del mundo, para los palestinos, para el pueblo ucraniano y dem\u00e1s pueblos explotados y oprimidos del mundo.<\/p>\n<p>Ser\u00e1 un gobierno que se apoyar\u00e1 en las grandes transnacionales, como ya se evidenci\u00f3 en el acto de juramentaci\u00f3n, con la presencia de los CEO de varias empresas tecnol\u00f3gicas. Trump continuar\u00e1 la explotaci\u00f3n del pueblo trabajador norteamericano y la expoliaci\u00f3n de los pueblos del mundo. Estados Unidos seguir\u00e1 siendo el gendarme del mundo, expresado en el eufemismo de \u201cla paz a trav\u00e9s de la fuerza\u201d, que refleja su peligroso car\u00e1cter fascistoide y agresivo, que no podemos minimizar y al cual debemos enfrentar, y que adem\u00e1s puede envalentonar a otros lideres y gobernantes de la extrema derecha en el mundo.<\/p>\n<p>Desde la Unidad Internacional de Trabajadoras y Trabajadores-Cuarta Internacional (UIT-CI), seguiremos llamando a la clase trabajadora, a la juventud, a las mujeres, a las disidencias y a los sectores populares de los Estados Unidos a movilizarse por sus reivindicaciones. En ese sentido es importante destacar las grandes marchas y concentraciones que se realizaron en todo Estados Unidos, el d\u00eda antes de la toma de posesi\u00f3n de Trump. Miles marcharon en New York, Washington y otras 350 ciudades\u00a0 \u00a0 reiterando sus demandas por los derechos y libertades de las mujeres, en defensa de los inmigrantes, por la diversidad sexual, en apoyo al pueblo palestino, entre otros reclamos. Se manifest\u00f3 as\u00ed la disposici\u00f3n del pueblo estadounidense de enfrentar en las calles al ultraderechista Donald Trump. Como dijo uno de los manifestantes en la capital norteamericana: \u201cNo nos vamos a quedar quietos mientras los multimillonarios se enriquecen a\u00fan m\u00e1s y otros padecen hambre en las calles\u201d.<\/p>\n","protected":false},"excerpt":{"rendered":"<p>Por Miguel Angel Hern\u00e1ndez, dirigente del PSL, secci\u00f3n venezolana de la UIT-CI 23\/1\/2025. En medio de una ola de fr\u00edo \u00e1rtico, cruda manifestaci\u00f3n del cambio clim\u00e1tico que niega el ultraderechista Donald Trump, \u00e9ste asumi\u00f3 como cuadrag\u00e9simo s\u00e9ptimo presidente de Estados Unidos, el pasado 20 de enero. Lugar privilegiado en la ceremonia tuvieron Elon Musk el [&hellip;]<\/p>\n","protected":false},"author":2,"featured_media":20638,"comment_status":"closed","ping_status":"closed","sticky":false,"template":"","format":"standard","meta":[],"categories":[72,308,28,35],"tags":[2299,251,270,352,157,139,93,226,2298,255,271,144,318,619,279,1328,1089],"_links":{"self":[{"href":"https:\/\/uit-ci.org\/index.php\/wp-json\/wp\/v2\/posts\/20637"}],"collection":[{"href":"https:\/\/uit-ci.org\/index.php\/wp-json\/wp\/v2\/posts"}],"about":[{"href":"https:\/\/uit-ci.org\/index.php\/wp-json\/wp\/v2\/types\/post"}],"author":[{"embeddable":true,"href":"https:\/\/uit-ci.org\/index.php\/wp-json\/wp\/v2\/users\/2"}],"replies":[{"embeddable":true,"href":"https:\/\/uit-ci.org\/index.php\/wp-json\/wp\/v2\/comments?post=20637"}],"version-history":[{"count":3,"href":"https:\/\/uit-ci.org\/index.php\/wp-json\/wp\/v2\/posts\/20637\/revisions"}],"predecessor-version":[{"id":20646,"href":"https:\/\/uit-ci.org\/index.php\/wp-json\/wp\/v2\/posts\/20637\/revisions\/20646"}],"wp:featuredmedia":[{"embeddable":true,"href":"https:\/\/uit-ci.org\/index.php\/wp-json\/wp\/v2\/media\/20638"}],"wp:attachment":[{"href":"https:\/\/uit-ci.org\/index.php\/wp-json\/wp\/v2\/media?parent=20637"}],"wp:term":[{"taxonomy":"category","embeddable":true,"href":"https:\/\/uit-ci.org\/index.php\/wp-json\/wp\/v2\/categories?post=20637"},{"taxonomy":"post_tag","embeddable":true,"href":"https:\/\/uit-ci.org\/index.php\/wp-json\/wp\/v2\/tags?post=20637"}],"curies":[{"name":"wp","href":"https:\/\/api.w.org\/{rel}","templated":true}]}}