{"id":20654,"date":"2025-01-25T14:53:52","date_gmt":"2025-01-25T14:53:52","guid":{"rendered":"http:\/\/uit-ci.org\/?p=20654"},"modified":"2025-01-25T14:53:52","modified_gmt":"2025-01-25T14:53:52","slug":"donald-trump-de-retour-au-pouvoir-doit-etre-affronte-dans-la-rue","status":"publish","type":"post","link":"https:\/\/uit-ci.org\/index.php\/2025\/01\/25\/donald-trump-de-retour-au-pouvoir-doit-etre-affronte-dans-la-rue\/?lang=fr","title":{"rendered":"Donald Trump, de retour au pouvoir, doit \u00eatre affront\u00e9 dans la rue"},"content":{"rendered":"<p><span style=\"font-weight: 400;\"><b>Miguel \u00c1ngel Hern\u00e1ndez, membre de la direction <\/b>du Parti Socialisme et Libert\u00e9 (PSL), section v\u00e9n\u00e9zu\u00e9lienne de l&#8217;UIT-QI.<\/p>\n<p>C&#8217;est au milieu d&#8217;une vague de froid arctique, manifestation \u00e9clatante du changement climatique ni\u00e9 par l&#8217;extr\u00eame droite, que Donald Trump a pr\u00eat\u00e9 serment comme 47\u1d49 pr\u00e9sident des \u00c9tats-Unis le 20 janvier.<\/span><\/p>\n<p><span style=\"font-weight: 400;\">Elon Musk, PDG de Tesla et SpaceX, Jeff Bezos, fondateur d&#8217;Amazon et propri\u00e9taire du Washington Post, Mark Zuckerberg, PDG de Meta et cofondateur de Facebook, Sundar Pichai, PDG d&#8217;Alphabet, soci\u00e9t\u00e9 m\u00e8re de Google, et Tim Cook, PDG d&#8217;Apple, \u00e9taient \u00e0 l&#8217;honneur lors de la c\u00e9r\u00e9monie. Refl\u00e9tant que le gouvernement de Trump sera un gouvernement des PDG des grandes transnationales. Des dirigeants et des leaders de l&#8217;ultra-droite d&#8217;autres pays \u00e9taient \u00e9galement pr\u00e9sents, comme Javier Milei, Nayib Bukele, Giorgia Meloni et Santiago Abascal de Vox en Espagne.<\/span><\/p>\n<p><span style=\"font-weight: 400;\">Son discours d&#8217;une demi-heure a \u00e9t\u00e9 caract\u00e9ris\u00e9 par l&#8217;arrogance et l&#8217;ultranationalisme. \u00ab Les \u00c9tats-Unis retrouveront leur place l\u00e9gitime comme la\u00a0 nation la plus grande, la plus puissante et la plus respect\u00e9e de la plan\u00e8te, inspirant la crainte et l&#8217;admiration dans le monde entier \u00bb. Faisant r\u00e9f\u00e9rence au canal de Panama, il a d\u00e9clar\u00e9 d&#8217;un ton mena\u00e7ant : \u00ab et nous le reprendrons \u00bb.<\/span><\/p>\n<p><span style=\"font-weight: 400;\">Il a qualifi\u00e9 les immigrants de criminels : \u00ab Beaucoup d&#8217;entre eux viennent de prisons et d&#8217;institutions psychiatriques et sont entr\u00e9s ill\u00e9galement dans notre pays en provenance du monde entier \u00bb. Il a brandi la menace d&#8217;une guerre commerciale : \u00ab nous imposerons des droits de douane et des taxes aux pays \u00e9trangers pour enrichir nos citoyens \u00bb, et a confirm\u00e9 son caract\u00e8re misogyne et anti-droit en d\u00e9clarant que \u00ab la politique officielle du gouvernement am\u00e9ricain sera qu&#8217;il n&#8217;y aura que deux genres, masculin et f\u00e9minin \u00bb. L&#8217;\u00e9v\u00e9nement s&#8217;est \u00e9galement cl\u00f4tur\u00e9 par un discours d&#8217;un rabbin sioniste.<\/span><\/p>\n<p><span style=\"font-weight: 400;\">Lors de son premier jour comme pr\u00e9sident de la premi\u00e8re puissance imp\u00e9rialiste mondiale, Trump a sign\u00e9 une batterie de d\u00e9crets, qui pr\u00e9figurent d\u00e9j\u00e0 le caract\u00e8re profond\u00e9ment anti-populaire de son gouvernement, et qui marquent une offensive d&#8217;attaques contre les droits du peuple am\u00e9ricain et des peuples du monde.<\/span><\/p>\n<p><span style=\"font-weight: 400;\">Parmi ces mesures, il y a l&#8217;\u00e9limination de directives ant\u00e9rieures visant \u00e0 r\u00e9duire le prix des m\u00e9dicaments ; le gel de l&#8217;embauche d&#8217;employ\u00e9s publics et le renvoi chez eux, dans le but de les licencier par la suite, d&#8217;employ\u00e9s f\u00e9d\u00e9raux qui ont rejoint le gouvernement dans le cadre d&#8217;un programme de diversit\u00e9, d&#8217;\u00e9quit\u00e9 et d&#8217;inclusion ; la citoyennet\u00e9 de naissance ; des mesures favorisant la protection de l&#8217;environnement, ce que Trump appelle \u00ab l&#8217;environnementalisme radical \u00bb ; des d\u00e9crets visant \u00e0 \u00e9liminer les programmes en faveur de la diversit\u00e9 sexuelle. Il a \u00e9galement annonc\u00e9 le retrait des \u00c9tats-Unis de l&#8217;accord de Paris sur le climat, pour la deuxi\u00e8me fois, ainsi que de l&#8217;Organisation mondiale de la Sant\u00e9. Il a d\u00e9clar\u00e9 une \u00ab urgence \u00e9nerg\u00e9tique nationale \u00bb pour d\u00e9velopper consid\u00e9rablement l&#8217;extraction de p\u00e9trole et de gaz sans contr\u00f4le environnemental. Il a aussi graci\u00e9 les 1500 militants d&#8217;extr\u00eame droite qui avaient violemment investi le Capitole en 2021, parmi de nombreuses autres mesures.<\/span><\/p>\n<p><span style=\"font-weight: 400;\">Le retour de l&#8217;extr<\/span><span style=\"font-weight: 400;\">\u00e9<\/span><span style=\"font-weight: 400;\">miste de droite Donald Trump \u00e0 la pr\u00e9sidence est la manifestation aux \u00c9tats-Unis de la crise sociale, \u00e9conomique et politique et de la d\u00e9cadence que conna\u00eet le syst\u00e8me capitaliste-imp\u00e9rialiste depuis des ann\u00e9es.<\/span><\/p>\n<p><span style=\"font-weight: 400;\">Son nouveau gouvernement n&#8217;apportera aucune am\u00e9lioration pour les travailleurs, pour les femmes, pour la jeunesse am\u00e9ricaine ou pour les immigr\u00e9s. On ne peut rien attendre pour les peuples du monde, pour les Palestiniens, pour le peuple ukrainien et les autres peuples exploit\u00e9s et opprim\u00e9s du monde.<\/span><\/p>\n<p><span style=\"font-weight: 400;\">Ce sera un gouvernement qui s&#8217;appuiera sur les grandes transnationales, comme l&#8217;a d\u00e9j\u00e0 montr\u00e9 la c\u00e9r\u00e9monie de prestation de serment, avec la pr\u00e9sence des PDG de plusieurs entreprises technologiques. Trump poursuivra l&#8217;exploitation des travailleurs am\u00e9ricains et le pillage des peuples du monde. Les \u00c9tats-Unis continueront d&#8217;\u00eatre le gendarme du monde, exprim\u00e9 dans l&#8217;euph\u00e9misme de \u00ab la paix par la force \u00bb, qui refl\u00e8te leur dangereux caract\u00e8re fasciste et agressif, que nous ne pouvons pas minimiser et que nous devons affronter, et qui peut \u00e9galement enhardir d&#8217;autres dirigeants et gouvernants d&#8217;extr\u00eame droite dans le monde.<\/span><\/p>\n<p><span style=\"font-weight: 400;\">Depuis l&#8217;Unit\u00e9 internationale des travailleuses et travailleurs \u2013 Quatri\u00e8me Internationale (UIT-QI), nous continuerons d&#8217;appeler la classe ouvri\u00e8re, la jeunesse, les femmes, les dissidents et les secteurs populaires des \u00c9tats-Unis \u00e0 se mobiliser pour leurs revendications. En ce sens, il est important de souligner les grandes marches et les rassemblements qui ont eu lieu \u00e0 travers les \u00c9tats-Unis la veille de l&#8217;investiture de Trump. Des milliers de personnes ont d\u00e9fil\u00e9 \u00e0 New York, Washington et dans 350 autres villes, r\u00e9it\u00e9rant leurs revendications en faveur des droits et libert\u00e9s des femmes, de la d\u00e9fense des immigr\u00e9s, de la diversit\u00e9 sexuelle, du soutien au peuple palestinien, entre autres. La volont\u00e9 du peuple am\u00e9ricain d&#8217;affronter l&#8217;extr\u00eame droite de Donald Trump dans la rue a ainsi \u00e9t\u00e9 d\u00e9montr\u00e9e. Comme l&#8217;a dit l&#8217;un des manifestants dans la capitale am\u00e9ricaine : \u00ab Nous n&#8217;allons pas rester les bras crois\u00e9s pendant que les milliardaires s&#8217;enrichissent encore plus et que d&#8217;autres ont faim dans les rues \u00bb.<\/span><\/p>\n","protected":false},"excerpt":{"rendered":"<p>Miguel \u00c1ngel Hern\u00e1ndez, membre de la direction du Parti Socialisme et Libert\u00e9 (PSL), section v\u00e9n\u00e9zu\u00e9lienne de l&#8217;UIT-QI. C&#8217;est au milieu d&#8217;une vague de froid arctique, manifestation \u00e9clatante du changement climatique ni\u00e9 par l&#8217;extr\u00eame droite, que Donald Trump a pr\u00eat\u00e9 serment comme 47\u1d49 pr\u00e9sident des \u00c9tats-Unis le 20 janvier. Elon Musk, PDG de Tesla et SpaceX, [&hellip;]<\/p>\n","protected":false},"author":2,"featured_media":20640,"comment_status":"closed","ping_status":"closed","sticky":false,"template":"","format":"standard","meta":[],"categories":[308],"tags":[271],"_links":{"self":[{"href":"https:\/\/uit-ci.org\/index.php\/wp-json\/wp\/v2\/posts\/20654"}],"collection":[{"href":"https:\/\/uit-ci.org\/index.php\/wp-json\/wp\/v2\/posts"}],"about":[{"href":"https:\/\/uit-ci.org\/index.php\/wp-json\/wp\/v2\/types\/post"}],"author":[{"embeddable":true,"href":"https:\/\/uit-ci.org\/index.php\/wp-json\/wp\/v2\/users\/2"}],"replies":[{"embeddable":true,"href":"https:\/\/uit-ci.org\/index.php\/wp-json\/wp\/v2\/comments?post=20654"}],"version-history":[{"count":1,"href":"https:\/\/uit-ci.org\/index.php\/wp-json\/wp\/v2\/posts\/20654\/revisions"}],"predecessor-version":[{"id":20655,"href":"https:\/\/uit-ci.org\/index.php\/wp-json\/wp\/v2\/posts\/20654\/revisions\/20655"}],"wp:featuredmedia":[{"embeddable":true,"href":"https:\/\/uit-ci.org\/index.php\/wp-json\/wp\/v2\/media\/20640"}],"wp:attachment":[{"href":"https:\/\/uit-ci.org\/index.php\/wp-json\/wp\/v2\/media?parent=20654"}],"wp:term":[{"taxonomy":"category","embeddable":true,"href":"https:\/\/uit-ci.org\/index.php\/wp-json\/wp\/v2\/categories?post=20654"},{"taxonomy":"post_tag","embeddable":true,"href":"https:\/\/uit-ci.org\/index.php\/wp-json\/wp\/v2\/tags?post=20654"}],"curies":[{"name":"wp","href":"https:\/\/api.w.org\/{rel}","templated":true}]}}