{"id":20673,"date":"2025-01-30T14:49:17","date_gmt":"2025-01-30T14:49:17","guid":{"rendered":"http:\/\/uit-ci.org\/?p=20673"},"modified":"2025-11-28T14:30:23","modified_gmt":"2025-11-28T14:30:23","slug":"un-argentino-nicaragua","status":"publish","type":"post","link":"https:\/\/uit-ci.org\/index.php\/2025\/01\/30\/un-argentino-nicaragua\/","title":{"rendered":"Un argentino en Nicaragua"},"content":{"rendered":"<p class=\"empty-node\">Por <b>Prensa UIT-CI<\/b><\/p>\n<p>Compartimos el reportaje realizado por la periodista Camila Mitre del medio digital independiente El Ornitorrinco de argentina al dirigente de Izquierda Socialista y la UIT-CI, Miguel Sorans, quien fue miembro de la Brigada Sim\u00f3n Bol\u00edvar durante la revoluci\u00f3n nicarag\u00fcense.<\/p>\n<hr \/>\n<p>Antes de entrar de lleno en la entrevista de hoy, quer\u00eda contarte sobre una canci\u00f3n que estuvo muy presente en mi infancia y que, sin querer, termin\u00f3 de ganar sentido el viernes pasado luego de hacer esta entrevista.<\/p>\n<p class=\"empty-node\"><em>Pl\u00e1stico\u00a0<\/em>del disco\u00a0<em>Siembra<\/em>\u00a0(1978) de Rub\u00e9n Blades y Willie Col\u00f3n, es un himno afilado contra la superficialidad y el materialismo. La canci\u00f3n es s\u00faper salsera, pero tambi\u00e9n una cr\u00edtica mordaz a la frivolidad de una sociedad obsesionada con las apariencias, donde \u201ctodo lo superficial\u201d se desmorona en cuanto es puesto a prueba. Pero hacia el final, la canci\u00f3n da un giro: una enumeraci\u00f3n de pa\u00edses latinoamericanos que rompe con la iron\u00eda inicial y se convierte en una oda a la diversidad y a la riqueza cultural de la regi\u00f3n. Esto se repite en varias canciones del disco.<\/p>\n<p class=\"empty-node\">Y dice as\u00ed:<\/p>\n<p class=\"empty-node\">Panam\u00e1 (\u00a1presente!)<br \/>\nPuerto Rico (\u00a1presente!)<br \/>\nM\u00e9xico (\u00a1presente!)<br \/>\nVenezuela (\u00a1presente!)<br \/>\nPer\u00fa (\u00a1presente!)<br \/>\nRep\u00fablica Dominicana (\u00a1presente!)<br \/>\nCuba (\u00a1presente!)<br \/>\nCosta Rica (\u00a1presente!)<br \/>\nColombia (\u00a1presente!)<br \/>\nHonduras (\u00a1presente!)<br \/>\nEcuador (\u00a1presente!)<br \/>\nBolivia (\u00a1presente!)<br \/>\nArgentina (\u00a1presente!)<br \/>\n<strong>Nicaragua sin Somoza (\u00a1presente!)<\/strong><br \/>\nEl barrio (\u00a1presente!)<br \/>\nLa esquina (\u00a1presente!)<\/p>\n<p class=\"empty-node last-child\">Vamos con el entrevistado.<\/p>\n<p><img loading=\"lazy\" class=\" wp-image-20674 aligncenter\" src=\"http:\/\/uit-ci.org\/wp-content\/uploads\/2025\/01\/9af915d2-885b-758b-d97b-7e186aab9b71-300x193.jpg\" alt=\"\" width=\"406\" height=\"261\" srcset=\"https:\/\/uit-ci.org\/wp-content\/uploads\/2025\/01\/9af915d2-885b-758b-d97b-7e186aab9b71-300x193.jpg 300w, https:\/\/uit-ci.org\/wp-content\/uploads\/2025\/01\/9af915d2-885b-758b-d97b-7e186aab9b71-600x385.jpg 600w, https:\/\/uit-ci.org\/wp-content\/uploads\/2025\/01\/9af915d2-885b-758b-d97b-7e186aab9b71.jpg 701w\" sizes=\"(max-width: 406px) 100vw, 406px\" \/><\/p>\n<h4><strong>\u201cYo fui el encargado de llevar el decreto de expropiaci\u00f3n de la empresa pesquera Booths\u201d<\/strong><\/h4>\n<p class=\"mcePastedContent\">En 1979, Nicaragua fue escenario de uno de los procesos m\u00e1s relevantes en la historia reciente de Am\u00e9rica Latina: el derrocamiento de la dictadura de Anastasio Somoza Debayle y el triunfo de la Revoluci\u00f3n Sandinista.\u00a0<strong>Esto no solo marc\u00f3 el fin de m\u00e1s de cuatro d\u00e9cadas de un r\u00e9gimen familiar, sino que tambi\u00e9n se convirti\u00f3 en un s\u00edmbolo de las luchas populares contra la opresi\u00f3n en toda la regi\u00f3n.\u00a0<\/strong>La dinast\u00eda Somoza, que comenz\u00f3 con Anastasio Somoza Garc\u00eda en 1937, hab\u00eda consolidado su poder a trav\u00e9s de la represi\u00f3n brutal, el control absoluto de las instituciones estatales y una corrupci\u00f3n desenfrenada que empobreci\u00f3 a la mayor\u00eda del pa\u00eds mientras enriquec\u00eda a una \u00e9lite estrechamente vinculada al r\u00e9gimen.<\/p>\n<p class=\"mcePastedContent\">Este sistema opresivo fue sostenido durante d\u00e9cadas gracias al apoyo incondicional de Estados Unidos. En el marco de la Guerra Fr\u00eda, la pol\u00edtica exterior estadounidense se centr\u00f3 en frenar cualquier movimiento que considerara una amenaza para sus intereses geopol\u00edticos en el continente. Para ello, financi\u00f3 y arm\u00f3 a gobiernos autoritarios que garantizaran estabilidad a su favor, y el r\u00e9gimen de los Somoza no fue la excepci\u00f3n.\u00a0<strong>Nicaragua, bajo su control, se convirti\u00f3 en un enclave estrat\u00e9gico para Washington, una barrera contra las ideas socialistas que se expand\u00edan en Am\u00e9rica Latina tras la Revoluci\u00f3n Cubana.\u00a0<\/strong>Estados Unidos no solo respald\u00f3 a la Guardia Nacional, fuerza militar clave del r\u00e9gimen somocista, sino que tambi\u00e9n cerr\u00f3 los ojos frente a las violaciones de derechos humanos y la creciente desigualdad en el pa\u00eds.<\/p>\n<p class=\"mcePastedContent\">Sin embargo, la represi\u00f3n y la miseria sembraron las semillas de la resistencia. El Frente Sandinista de Liberaci\u00f3n Nacional (FSLN), inspirado en la lucha de Augusto C\u00e9sar Sandino contra la ocupaci\u00f3n estadounidense en los a\u00f1os 20 y 30, canaliz\u00f3 el descontento popular y encabez\u00f3 una insurrecci\u00f3n que fue creciendo en fuerza a lo largo de los a\u00f1os 70. La revoluci\u00f3n no fue solo un acto de resistencia interna: tambi\u00e9n se convirti\u00f3 en un faro de solidaridad internacional. Movimientos progresistas de todo el mundo respondieron al llamado del pueblo nicarag\u00fcense, entre ellos la Brigada Sim\u00f3n Bol\u00edvar, un grupo de j\u00f3venes militantes de varios pa\u00edses de Am\u00e9rica Latina que llegaron a Nicaragua para sumarse a la lucha armada y al esfuerzo de reconstrucci\u00f3n del pa\u00eds tras la ca\u00edda de Somoza.<\/p>\n<p class=\"mcePastedContent\">La intervenci\u00f3n de Estados Unidos no termin\u00f3 con el derrocamiento de Somoza. Por el contrario, Washington redobl\u00f3 sus esfuerzos para desestabilizar al nuevo gobierno revolucionario.\u00a0<strong>El apoyo a la Contra, grupos armados contrarrevolucionarios financiados y entrenados por la CIA, desat\u00f3 un conflicto interno que dej\u00f3 miles de muertos y agrav\u00f3 las tensiones en la regi\u00f3n.<\/strong>\u00a0A trav\u00e9s del bloqueo econ\u00f3mico, la desinformaci\u00f3n y el sabotaje, Estados Unidos intent\u00f3 asfixiar el sue\u00f1o sandinista y enviar un mensaje claro a otros movimientos sociales en Am\u00e9rica Latina: la transformaci\u00f3n pol\u00edtica tendr\u00eda un alto costo.<\/p>\n<p class=\"mcePastedContent last-child\"><strong>Miguel Sorans fue uno de los integrantes de la Brigada Sim\u00f3n Bol\u00edvar, quien vivi\u00f3 en primera persona los d\u00edas de la insurrecci\u00f3n y los inicios del gobierno sandinista, hoy es dirigente de Izquierda Socialista y la UIT-CI.\u00a0<\/strong>En esta entrevista, Sorans reflexiona sobre la lucha contra la dictadura somocista, el papel que desempe\u00f1aron los gobiernos extranjeros \u2014particularmente Estados Unidos\u2014 en la historia de Nicaragua, y el impacto de las brigadas internacionalistas en un momento de gran efervescencia revolucionaria en la regi\u00f3n. Una b\u00fasqueda por entender las lecciones de una revoluci\u00f3n que marc\u00f3 una \u00e9poca y sigue siendo un punto de referencia para quienes luchan por el fin de la opresi\u00f3n de la clase trabajadora.<\/p>\n<p><img loading=\"lazy\" class=\"wp-image-20680 aligncenter\" src=\"http:\/\/uit-ci.org\/wp-content\/uploads\/2025\/01\/2564fb2b-c8e0-75c5-1ad4-1fb03297a9ad-300x213.jpeg\" alt=\"\" width=\"432\" height=\"307\" srcset=\"https:\/\/uit-ci.org\/wp-content\/uploads\/2025\/01\/2564fb2b-c8e0-75c5-1ad4-1fb03297a9ad-300x213.jpeg 300w, https:\/\/uit-ci.org\/wp-content\/uploads\/2025\/01\/2564fb2b-c8e0-75c5-1ad4-1fb03297a9ad-1024x726.jpeg 1024w, https:\/\/uit-ci.org\/wp-content\/uploads\/2025\/01\/2564fb2b-c8e0-75c5-1ad4-1fb03297a9ad-768x544.jpeg 768w, https:\/\/uit-ci.org\/wp-content\/uploads\/2025\/01\/2564fb2b-c8e0-75c5-1ad4-1fb03297a9ad-600x425.jpeg 600w, https:\/\/uit-ci.org\/wp-content\/uploads\/2025\/01\/2564fb2b-c8e0-75c5-1ad4-1fb03297a9ad-120x86.jpeg 120w, https:\/\/uit-ci.org\/wp-content\/uploads\/2025\/01\/2564fb2b-c8e0-75c5-1ad4-1fb03297a9ad-350x250.jpeg 350w, https:\/\/uit-ci.org\/wp-content\/uploads\/2025\/01\/2564fb2b-c8e0-75c5-1ad4-1fb03297a9ad-750x532.jpeg 750w, https:\/\/uit-ci.org\/wp-content\/uploads\/2025\/01\/2564fb2b-c8e0-75c5-1ad4-1fb03297a9ad-1140x808.jpeg 1140w, https:\/\/uit-ci.org\/wp-content\/uploads\/2025\/01\/2564fb2b-c8e0-75c5-1ad4-1fb03297a9ad.jpeg 1301w\" sizes=\"(max-width: 432px) 100vw, 432px\" \/><\/p>\n<p><strong>-\u00bfC\u00f3mo llegaste a formar parte de la Brigada Sim\u00f3n Bol\u00edvar?<\/strong><\/p>\n<p>-Form\u00e9 parte como militante y dirigente de la corriente de izquierda trotskista que en 1979 lideraba nuestro fundador Nahuel Moreno, quien se encontraba exiliado en Colombia. Desde all\u00ed con las compa\u00f1eras y compa\u00f1eros colombianos del PST, se hizo una convocatoria internacional. Los brigadistas eran colombianos, paname\u00f1os, mexicanos, argentinos, costarricenses, con distintas formaciones pol\u00edticas. Los trotskistas \u00e9ramos minor\u00eda. El objetivo era brindar una solidaridad concreta con la ca\u00edda de Somoza.<\/p>\n<p>En ese entonces, yo estaba en Argentina, actuando en la clandestinidad en el Partido Socialista de los Trabajadores (PST), cuando fui convocado. Fui uno de los pocos argentinos en sumarme. Viaj\u00e9 a Colombia y, posteriormente, a Costa Rica, que era el punto de encuentro y preparaci\u00f3n para integrarnos a la lucha en Nicaragua.<\/p>\n<p><strong>-\u00bfPodr\u00edas describir el clima pol\u00edtico y social que se estaba viviendo en Nicaragua en ese momento? \u00bfC\u00f3mo caracterizar\u00edas la dictadura de Somoza?<\/strong><\/p>\n<p>-La dictadura de Somoza era un r\u00e9gimen heredado de padre a hijo, de \u00abTacho\u00bb a \u00abTachito\u00bb, y hab\u00eda durado cerca de 50 a\u00f1os. Era una dictadura tremenda, pro-norteamericana, Este proceso revolucionario en curso combinaba la lucha armada del Frente Sandinista de Liberaci\u00f3n Nacional con una insurrecci\u00f3n de masas que iba creciendo.<\/p>\n<p>A partir de 1978, hubo una huelga general que debilit\u00f3 significativamente el poder dictatorial de Somoza. Esto llev\u00f3 a que el r\u00e9gimen se desmoronara, y que incluso el propio imperialismo estadounidense decidiera soltarle la mano al ver que ya no pod\u00edan sostenerlo. El 19 de julio de 1979 cay\u00f3 finalmente Somoza.<\/p>\n<p><strong>-En este punto de encuentro, de todas las personas que integraron la brigada en Costa Rica, \u00bfc\u00f3mo fue la preparaci\u00f3n? \u00bfQu\u00e9 tipo de entrenamiento recibieron antes de partir hacia Nicaragua?<\/strong><\/p>\n<p>-La preparaci\u00f3n militar, como en toda guerra civil, era m\u00ednima por la \u00b4premura de los combates y la necesidad de combatientes. Algo com\u00fan en este tipo de conflictos. En Costa Rica, el entrenamiento inclu\u00eda lo b\u00e1sico: manejo de armas y reconocimiento del terreno donde \u00edbamos a actuar.<\/p>\n<p class=\"last-child\">Cada persona llegaba con antecedentes diferentes; en mi caso, hab\u00eda realizado el servicio militar. Hab\u00eda campos de preparaci\u00f3n. Por ejemplo, en la zona que me toc\u00f3 actuar, la costa atl\u00e1ntica, en el puerto de Lim\u00f3n, de Costa Rica, ten\u00edamos un campo de entrenamiento con alrededor de 70 combatientes de diversas nacionalidades, hasta hab\u00eda un joven alem\u00e1n. \u00a0Este lugar era similar al \u00e1rea del Atl\u00e1ntico de Nicaragua, espec\u00edficamente semejante la regi\u00f3n del puerto de Bluefields, que m\u00e1s tarde tomar\u00edamos junto a grupo armado sandinista local. Es una zona selv\u00e1tica que se llama la Costa de los Mosquitos.<\/p>\n<p><img loading=\"lazy\" class=\"wp-image-20686 aligncenter\" src=\"http:\/\/uit-ci.org\/wp-content\/uploads\/2025\/01\/5f2d9624-9a51-c386-a6ee-748a489b44fd-300x166.jpg\" alt=\"\" width=\"437\" height=\"242\" srcset=\"https:\/\/uit-ci.org\/wp-content\/uploads\/2025\/01\/5f2d9624-9a51-c386-a6ee-748a489b44fd-300x166.jpg 300w, https:\/\/uit-ci.org\/wp-content\/uploads\/2025\/01\/5f2d9624-9a51-c386-a6ee-748a489b44fd-768x424.jpg 768w, https:\/\/uit-ci.org\/wp-content\/uploads\/2025\/01\/5f2d9624-9a51-c386-a6ee-748a489b44fd-600x332.jpg 600w, https:\/\/uit-ci.org\/wp-content\/uploads\/2025\/01\/5f2d9624-9a51-c386-a6ee-748a489b44fd-750x414.jpg 750w, https:\/\/uit-ci.org\/wp-content\/uploads\/2025\/01\/5f2d9624-9a51-c386-a6ee-748a489b44fd.jpg 800w\" sizes=\"(max-width: 437px) 100vw, 437px\" \/><\/p>\n<p><strong>-\u00bfC\u00f3mo era la interacci\u00f3n de la brigada con la poblaci\u00f3n nicarag\u00fcense?<\/strong><\/p>\n<p>-La participaci\u00f3n fue abierta. Hab\u00eda gran simpat\u00eda con los combatientes de la Brigada. En nuestro caso, estuvimos involucrados en la toma del puerto de Bluefields, un lugar estrat\u00e9gico en la costa atl\u00e1ntica de Nicaragua. Primero nos dirigimos a la isla del Bluff, donde ya se encontraba un grupo sandinista aut\u00f3nomo de origen afrodescendiente. Esto se deb\u00eda a que, tanto en la costa atl\u00e1ntica nicarag\u00fcense como en Costa Rica, predominan los descendientes africanos, llevados como esclavos. En esta regi\u00f3n incluso se habla un dialecto ingl\u00e9s propio. Fuimos recibidos masivamente por la poblaci\u00f3n. Cuando la Guarda Nacional se rindi\u00f3 desembarcamos en la ciudad de Bluefields.<\/p>\n<p>Al entrar en la ciudad, realizamos una marcha, y r\u00e1pidamente tomamos el control, ya que el pueblo nicarag\u00fcense apoyaba la revoluci\u00f3n. En el caso de Bluefields, y tambi\u00e9n en Managua, contribuimos a la construcci\u00f3n de sindicatos y a la formaci\u00f3n de milicias barriales. La revoluci\u00f3n trajo consigo cambios r\u00e1pidos: aunque hab\u00eda habido una huelga general previa, los sindicatos estaban dominados por el aparato de la dictadura. Tras el triunfo de la revoluci\u00f3n, surgieron nuevos sindicatos de empresa, organizados en asambleas.<\/p>\n<p><strong>-De alguna forma, se perfilaba la construcci\u00f3n de una nueva Nicaragua en pleno auge de las dictaduras del Plan C\u00f3ndor.<\/strong><\/p>\n<p>-Nuestra brigada estaba compuesta por muchos latinoamericanos, incluso de diferentes corrientes ideol\u00f3gicas, como mao\u00edstas e independientes. Esto facilit\u00f3 nuestra labor, ya que cont\u00e1bamos con experiencia sindical y de organizaci\u00f3n desde la base. R\u00e1pidamente fundamos sindicatos, organizamos asambleas y apoyamos la creaci\u00f3n de milicias barriales. En toda Nicaragua, la gente hab\u00eda asaltado los cuarteles y se llevaban armas a sus barrios, cajas de municiones, incluidos tanques y veh\u00edculos militares. Fue un proceso revolucionario pleno.<\/p>\n<p class=\"last-child\">Por ejemplo, en Bluefields no hab\u00eda ning\u00fan sindicato y logramos formar 12 sindicatos en pocos d\u00edas. En una ciudad con una poblaci\u00f3n de unos 25 o 30 mil habitantes. Era una ciudad-puerto muy importante. Hay que tomar en cuenta que Managua, ten\u00eda entonces 500 mil habitantes en un pa\u00eds de 2.5 millones de personas en 1979. La brigada logr\u00f3 formar m\u00e1s de 120 sindicatos en todo Nicaragua.\u00a0<strong>La simpat\u00eda con la brigada fue tan fuerte que en los plenarios y asambleas de los sindicatos se firmaron peticiones al gobierno, para que se otorgara la nacionalidad y la ciudadan\u00eda nicaraguense a los integrantes de la brigada.<\/strong><\/p>\n<p><img loading=\"lazy\" class=\"wp-image-20692 aligncenter\" src=\"http:\/\/uit-ci.org\/wp-content\/uploads\/2025\/01\/39545f33-6c6f-9e61-8058-81e204869af4-300x203.jpeg\" alt=\"\" width=\"455\" height=\"308\" srcset=\"https:\/\/uit-ci.org\/wp-content\/uploads\/2025\/01\/39545f33-6c6f-9e61-8058-81e204869af4-300x203.jpeg 300w, https:\/\/uit-ci.org\/wp-content\/uploads\/2025\/01\/39545f33-6c6f-9e61-8058-81e204869af4-1024x693.jpeg 1024w, https:\/\/uit-ci.org\/wp-content\/uploads\/2025\/01\/39545f33-6c6f-9e61-8058-81e204869af4-768x520.jpeg 768w, https:\/\/uit-ci.org\/wp-content\/uploads\/2025\/01\/39545f33-6c6f-9e61-8058-81e204869af4-1536x1040.jpeg 1536w, https:\/\/uit-ci.org\/wp-content\/uploads\/2025\/01\/39545f33-6c6f-9e61-8058-81e204869af4-600x406.jpeg 600w, https:\/\/uit-ci.org\/wp-content\/uploads\/2025\/01\/39545f33-6c6f-9e61-8058-81e204869af4-750x508.jpeg 750w, https:\/\/uit-ci.org\/wp-content\/uploads\/2025\/01\/39545f33-6c6f-9e61-8058-81e204869af4-1140x772.jpeg 1140w, https:\/\/uit-ci.org\/wp-content\/uploads\/2025\/01\/39545f33-6c6f-9e61-8058-81e204869af4.jpeg 1600w\" sizes=\"(max-width: 455px) 100vw, 455px\" \/><\/p>\n<p class=\"empty-node\"><strong>-\u00bfY qu\u00e9 tan importante es el hecho de que, m\u00e1s all\u00e1 de las diferencias pol\u00edticas entre las organizaciones que formaron parte del movimiento revolucionario, se logr\u00f3 construir un movimiento de unidad que pudo derrotar a la dictadura?<\/strong><\/p>\n<p>-S\u00ed, exactamente, fue muy importante y esa fue nuestra pol\u00edtica de unidad. Aunque siempre mantuvimos cr\u00edticas y diferencias el Frente Sandinista porque, desde el principio, dejamos en claro que no est\u00e1bamos de acuerdo con que el triunfo de la revoluci\u00f3n derivara en un gobierno compartido con sectores burgueses. Esto, lamentablemente, fue lo que ocurri\u00f3, concret\u00e1ndose en la figura de Violeta Chamorro, quien representaba a una oposici\u00f3n conservadora a Somoza y dirig\u00eda el diario La Prensa.<\/p>\n<p>A pesar de esto, nuestra pol\u00edtica no fue sectaria. Siempre llamamos a la unidad y promovimos la participaci\u00f3n de todas las fuerzas de izquierda, no solo trotskistas, sino tambi\u00e9n antiimperialistas en general, para conformar un movimiento de solidaridad con la revoluci\u00f3n para derribar a la dictadura de Somoza. Esto no solo implic\u00f3 combatir en el terreno, sino tambi\u00e9n articular acciones en cada pa\u00eds de la regi\u00f3n. Fue un esfuerzo positivo.<\/p>\n<p><strong>-Un proceso que se burocratiz\u00f3 r\u00e1pidamente.<\/strong><\/p>\n<p>Al triunfar la revoluci\u00f3n, comenz\u00f3 un proceso de hostilidad hacia la brigada por parte del gobierno liderado por Daniel Ortega y Violeta Chamorro. Esto culmin\u00f3 con la expulsi\u00f3n de nuestra brigada, ya que no aceptaban voces cr\u00edticas. De hecho, esta fue la primera represi\u00f3n ocurrida en Nicaragua tras la ca\u00edda de Somoza, lo cual result\u00f3 lamentable.<\/p>\n<p>M\u00e1s de 40 a\u00f1os despu\u00e9s, nos encontramos con que Daniel Ortega, quien hab\u00eda sido uno de los principales dirigentes de la revoluci\u00f3n, ahora encabeza una nueva dictadura burguesa. Incluso ha perseguido y reprimido a sus propios excompa\u00f1eros y compa\u00f1eras de la revoluci\u00f3n, bajo una falsa aureola de izquierda. El caso m\u00e1s triste es el de la ex comandante Dora Tellez, que fue encarcelada y luego expulsada del pa\u00eds, bajo la acusaci\u00f3n de \u201ctraidora a la patria\u201d. Cuando fue una hero\u00edna de la revoluci\u00f3n ya que teniendo solo 21 a\u00f1os dirigi\u00f3 la insurrecci\u00f3n de la ciudad de Le\u00f3n.<\/p>\n<p><strong>-\u00bfY si tuvieras alguna an\u00e9cdota o recuerdo, algo que digas \u00abesto no me lo olvido nunca m\u00e1s en la vida\u00bb, que quieras compartir?<\/strong><\/p>\n<p>-S\u00ed, creo que habr\u00eda dos recuerdos principales, fuera del hecho de haber tenido el privilegio de haber participado de una revoluci\u00f3n hist\u00f3rica para Latinoam\u00e9rica. Lo que m\u00e1s me impact\u00f3 fue nuestro rol en la formaci\u00f3n del gobierno independiente, sin miembros pol\u00edticos burgueses, en el puerto de Bluefields. Junto con el grupo sandinista regional que mencion\u00e9, detuvimos al alcalde somocista y a los oficiales de la Guardia Nacional, los encarcelamos y tomamos el cuartel. Cada d\u00eda, a las 5 de la ma\u00f1ana, hac\u00edamos formaci\u00f3n militar junto a los compa\u00f1eros sandinistas e iz\u00e1bamos tanto la bandera de Nicaragua como la sandinista. Fue un momento realmente impresionante.<\/p>\n<p>El segundo hecho significativo ocurri\u00f3 m\u00e1s adelante, cuando la revoluci\u00f3n decret\u00f3, la expropiaci\u00f3n de las empresas de Somoza, muchas de las cuales estaban asociadas con empresas norteamericanas.\u00a0<strong>Una de esas empresas estaba en Bluefields, en una de las islas, y era la f\u00e1brica pesquera Booths, de envasado de langostinos, entre otros productos que se exportaban a los Estados Unidos. En ese contexto, yo fui el encargado de llevar el decreto de expropiaci\u00f3n, ya que hab\u00eda viajado a Managua y regresado a Bluefields con ese documento.<\/strong><\/p>\n<p>En ese momento no hab\u00eda celulares ni internet, y Bluefields era una zona aislada; para llegar hab\u00eda que navegar por el r\u00edo Rama durante al menos dos horas. Una vez all\u00ed, ejecutamos el decreto. Hicimos con la brigada una asamblea con las y los trabajadores y se design\u00f3, en ese marco, la primera direcci\u00f3n obrera de la f\u00e1brica.<\/p>\n<p class=\"last-child\">Para m\u00ed, estos son hechos revolucionarios inolvidables. No los viv\u00ed como logros individuales, sino como parte de los triunfos de la revoluci\u00f3n obrera y popular y del trabajo colectivo de la brigada Sim\u00f3n Bol\u00edvar.<\/p>\n<p><img loading=\"lazy\" class=\"wp-image-20698 aligncenter\" src=\"http:\/\/uit-ci.org\/wp-content\/uploads\/2025\/01\/bfdfff18-6e06-7179-dd9d-b471e6a6833b-300x216.jpeg\" alt=\"\" width=\"418\" height=\"301\" srcset=\"https:\/\/uit-ci.org\/wp-content\/uploads\/2025\/01\/bfdfff18-6e06-7179-dd9d-b471e6a6833b-300x216.jpeg 300w, https:\/\/uit-ci.org\/wp-content\/uploads\/2025\/01\/bfdfff18-6e06-7179-dd9d-b471e6a6833b-1024x737.jpeg 1024w, https:\/\/uit-ci.org\/wp-content\/uploads\/2025\/01\/bfdfff18-6e06-7179-dd9d-b471e6a6833b-768x553.jpeg 768w, https:\/\/uit-ci.org\/wp-content\/uploads\/2025\/01\/bfdfff18-6e06-7179-dd9d-b471e6a6833b-600x432.jpeg 600w, https:\/\/uit-ci.org\/wp-content\/uploads\/2025\/01\/bfdfff18-6e06-7179-dd9d-b471e6a6833b-120x86.jpeg 120w, https:\/\/uit-ci.org\/wp-content\/uploads\/2025\/01\/bfdfff18-6e06-7179-dd9d-b471e6a6833b-750x540.jpeg 750w, https:\/\/uit-ci.org\/wp-content\/uploads\/2025\/01\/bfdfff18-6e06-7179-dd9d-b471e6a6833b-1140x821.jpeg 1140w, https:\/\/uit-ci.org\/wp-content\/uploads\/2025\/01\/bfdfff18-6e06-7179-dd9d-b471e6a6833b.jpeg 1300w\" sizes=\"(max-width: 418px) 100vw, 418px\" \/><\/p>\n<p><strong>-\u00bfQueda hoy alg\u00fan vestigio de la revoluci\u00f3n?<\/strong><\/p>\n<p>-Lamentablemente, en t\u00e9rminos concretos, no queda nada, porque todo fue destruido por el propio Frente Sandinista, que se ali\u00f3 con la burgues\u00eda, incluso con sectores proestadounidenses. Hoy no hay libertades; las c\u00e1rceles est\u00e1n llenas presos populares, seguimos reclamando por la aparici\u00f3n de la periodista Fabiola Tercero, y las conquistas democr\u00e1ticas y sociales se perdieron.\u00a0<strong>Esto refleja el problema central de la Revoluci\u00f3n, y por eso se nos enfrentaron y reprimi\u00f3 el sandinismo. La brigada Sim\u00f3n Bol\u00edvar propon\u00eda avanzar al socialismo y romper el pacto con Violeta Chamorro y la burgues\u00eda.<\/strong><\/p>\n<p>La direcci\u00f3n sandinista encabezada por Daniel Ortega, en ese momento influida por Fidel Castro, el castrismo y el reformismo, decidi\u00f3 no avanzar hacia el socialismo, a pesar de que en Nicaragua hab\u00eda condiciones para hacerlo.<\/p>\n<p>Esto los llev\u00f3 a retroceder constantemente, pasando a un r\u00e9gimen cada vez m\u00e1s dictatorial.<\/p>\n<p>Lo que s\u00ed queda, y no podr\u00e1 ser borrado, es la historia. La historia no desaparece. Todav\u00eda hay personas, algunas m\u00e1s j\u00f3venes, otras menos, que participaron en el proceso y lo conocen. Esa idea de la Revoluci\u00f3n ser\u00e1 retomada. Nosotros, los socialistas revolucionarios, confiamos en eso. Confiamos en el pueblo trabajador nica y las masas, que tarde o temprano levantar\u00e1n nuevamente esas banderas. El traidor y dictador Daniel Ortega tambi\u00e9n llegar\u00e1 a su fin.<\/p>\n<p><strong>-\u00bfEn qu\u00e9 a\u00f1o volviste a Argentina?<\/strong><\/p>\n<p>-Yo regres\u00e9 clandestinamente ese mismo a\u00f1o a reintegrarme al PST. Volv\u00ed de esa forma porque en ese momento estaba vigente la dictadura de Videla en Argentina. El PST y nuestra corriente trotskista morenista sigui\u00f3 difundiendo el triunfo de la ca\u00edda de Somoza y la experiencia de la brigada porque, en ese momento, en Sudam\u00e9rica predominaban las dictaduras. La ca\u00edda de Somoza represent\u00f3 un cambio que nos ayud\u00f3 a fortalecer la lucha contra las dictaduras en Sudam\u00e9rica, en pa\u00edses como Brasil, Argentina, Uruguay y Chile. Esa victoria revolucionaria impact\u00f3 y contribuy\u00f3 a que las masas adquirieran la fuerza necesaria para enfrentar y finalmente derrotar esos reg\u00edmenes.<\/p>\n<p>***<\/p>\n<p>Siempre resulta importante leer o escuchar la historia en voz de sus protagonistas; sobre todo cuando se habla de mundos que parecen tan lejanos como la Revoluci\u00f3n Sandinista. Espero hayas disfrutado esta entrevista tanto como yo, y que te hayan gustado las fotos que son del archivo personal de Miguel Sorans.<\/p>\n","protected":false},"excerpt":{"rendered":"<p>Por Prensa UIT-CI Compartimos el reportaje realizado por la periodista Camila Mitre del medio digital independiente El Ornitorrinco de argentina al dirigente de Izquierda Socialista y la UIT-CI, Miguel Sorans, quien fue miembro de la Brigada Sim\u00f3n Bol\u00edvar durante la revoluci\u00f3n nicarag\u00fcense. Antes de entrar de lleno en la entrevista de hoy, quer\u00eda contarte sobre [&hellip;]<\/p>\n","protected":false},"author":2,"featured_media":20712,"comment_status":"closed","ping_status":"closed","sticky":false,"template":"","format":"standard","meta":[],"categories":[1867,2303,1],"tags":[],"_links":{"self":[{"href":"https:\/\/uit-ci.org\/index.php\/wp-json\/wp\/v2\/posts\/20673"}],"collection":[{"href":"https:\/\/uit-ci.org\/index.php\/wp-json\/wp\/v2\/posts"}],"about":[{"href":"https:\/\/uit-ci.org\/index.php\/wp-json\/wp\/v2\/types\/post"}],"author":[{"embeddable":true,"href":"https:\/\/uit-ci.org\/index.php\/wp-json\/wp\/v2\/users\/2"}],"replies":[{"embeddable":true,"href":"https:\/\/uit-ci.org\/index.php\/wp-json\/wp\/v2\/comments?post=20673"}],"version-history":[{"count":5,"href":"https:\/\/uit-ci.org\/index.php\/wp-json\/wp\/v2\/posts\/20673\/revisions"}],"predecessor-version":[{"id":20719,"href":"https:\/\/uit-ci.org\/index.php\/wp-json\/wp\/v2\/posts\/20673\/revisions\/20719"}],"wp:featuredmedia":[{"embeddable":true,"href":"https:\/\/uit-ci.org\/index.php\/wp-json\/wp\/v2\/media\/20712"}],"wp:attachment":[{"href":"https:\/\/uit-ci.org\/index.php\/wp-json\/wp\/v2\/media?parent=20673"}],"wp:term":[{"taxonomy":"category","embeddable":true,"href":"https:\/\/uit-ci.org\/index.php\/wp-json\/wp\/v2\/categories?post=20673"},{"taxonomy":"post_tag","embeddable":true,"href":"https:\/\/uit-ci.org\/index.php\/wp-json\/wp\/v2\/tags?post=20673"}],"curies":[{"name":"wp","href":"https:\/\/api.w.org\/{rel}","templated":true}]}}