{"id":20723,"date":"2025-01-31T17:22:55","date_gmt":"2025-01-31T17:22:55","guid":{"rendered":"http:\/\/uit-ci.org\/?p=20723"},"modified":"2025-02-03T14:56:26","modified_gmt":"2025-02-03T14:56:26","slug":"argentina-el-frente-de-izquierda-unidad-convoca-a-movilizarse-masivamente-este-sabado-contra-milei","status":"publish","type":"post","link":"https:\/\/uit-ci.org\/index.php\/2025\/01\/31\/argentina-el-frente-de-izquierda-unidad-convoca-a-movilizarse-masivamente-este-sabado-contra-milei\/","title":{"rendered":"Argentina: El Frente de Izquierda-Unidad convoca a movilizarse masivamente este s\u00e1bado contra Milei"},"content":{"rendered":"<p>Por <strong>Prensa UIT-CI<\/strong><\/p>\n<hr \/>\n<p><strong>Vamos contra todos los ataques al pueblo trabajador a la Marcha Federal del Orgullo Antifascista y Antirracista<\/strong><\/p>\n<p>Las declaraciones de Milei en el foro de Davos contra la comunidad LGTBI+ y los derechos de las mujeres provocaron una reacci\u00f3n masiva de repudio. La asamblea realizada en el parque Lezama desbord\u00f3 de compa\u00f1eres que resolvieron convocar a ganar las calles y llevar el repudio al gobierno al centro del poder pol\u00edtico nacional en la denominada \u201cmarcha federal del orgullo Antifascista y Antirracista\u201d. Junto con la asamblea de parque Lezama, se realizaron masivas asambleas en todo el pa\u00eds. El d\u00eda previo a esas aberrantes declaraciones, Milei amenaz\u00f3 con perseguir a \u201clos zurdos\u201d \u201chasta el \u00faltimo rinc\u00f3n\u201d, un ataque directo contra todos quienes somos orgullosamente de izquierda.<\/p>\n<p>El gobierno de Milei viene llevando adelante un ataque no solo en los discursos sino con medidas hacia el conjunto de la clase trabajadora, los sectores populares, la juventud, el medio ambiente, la salud, la educaci\u00f3n y la cultura. Con despidos masivos y discriminatorios, reducci\u00f3n de presupuestos p\u00fablicos y eliminaci\u00f3n de reparticiones enteras, que incluyen el vaciamiento de hospitales como el Bonaparte, un ataque y persecuci\u00f3n sin precedentes al movimiento piquetero independiente, despidos en los sitios de la Memoria, la devaluaci\u00f3n de los salarios, y un crecimiento incesante de la pobreza, sumado a la ruptura de los convenios colectivos y cierres de plantas enteras con la colaboraci\u00f3n de la burocracia sindical de la CGT y las CTAs. Y ha desplegado un plan de criminalizaci\u00f3n y represi\u00f3n de las luchas y reclamos para imponer esas medidas. El ataque a los jubilados, es otro ejemplo del ataque generalizado a todos los los trabajadores de Argentina.<\/p>\n<p>Respecto de la comunidad LGTBI+, el gobierno procede al vaciamiento de espacios de contenci\u00f3n como la l\u00ednea 144, despide trabajadores del cupo laboral travesti-trans, quita el derecho de tratarse por el VIH y se limita el acceso a hormonas, lo que lleva a la muerte a muches compa\u00f1eres.<br \/>\nYa anunciaron la presentaci\u00f3n de un proyecto para liquidar la tipificaci\u00f3n del agravante por motivos de g\u00e9nero (femicidio) en el C\u00f3digo Penal dando luz verde desde lo m\u00e1s alto del poder pol\u00edtico para que se intensifiquen los asesinatos a mujeres y disidencias por la violencia machista y patriarcal, para garantizar impunidad frente a los cr\u00edmenes de odio.<\/p>\n<p>El hecho de que el Presidente haya hecho declaraciones homof\u00f3bicas, transf\u00f3bicas, mis\u00f3ginas y machistas en un foro internacional no es casualidad. Se coloca en consonancia con Donald Trump y otros gobiernos de ultraderecha quienes tambi\u00e9n atacaron al movimiento de mujeres y diversidades. De la misma manera, ha tomado del libreto de Trump la iniciativa para lanzar una ofensiva contra los inmigrantes, anunciando una reja en la frontera de Salta, donde la gendarmer\u00eda de Bullrich asesin\u00f3 al bagayero Fernando G\u00f3mez en diciembre, insistiendo con excluir a migrantes de la salud y educaci\u00f3n publica y gratuita y presentando un proyecto de ley que dificulte obtener la residencia a migrantes que viven y trabajan aqu\u00ed. Si bien no es nada nuevo el ensa\u00f1amiento del gobierno de La Libertad Avanza hacia la comunidad LGTBI+, las mujeres y la izquierda, es muy claro que descarga la crisis econ\u00f3mica y el brutal ajuste sobre las espaldas de todas las familias trabajadoras.<\/p>\n<p>Las luchas de las mujeres y la comunidad LGTBI+ ha obtenido muchas conquistas con la movilizaci\u00f3n. Sin embargo, a lo largo del tiempo se fue vaciando la aplicaci\u00f3n de las leyes conquistadas. La pol\u00edtica de cooptaci\u00f3n e institucionalizaci\u00f3n de las luchas para sacarlas de las calles y como consecuencia la par\u00e1lisis de la aplicaci\u00f3n de las conquistas en el \u00faltimo gobierno de Alberto Fern\u00e1ndez que llevo al vaciamiento y la falta de respuestas del ex Ministerio de Mujeres, g\u00e9neros y Diversidad, sentaron las bases para que hoy los libertarios pretendan barrer definitivamente con todos los derechos conquistados con la lucha.<\/p>\n<p>En ese sentido, denunciamos a los partidos que colaboran activamente para defender la \u201cgobernabilidad\u201d de Milei, votando sus leyes \u2013incluyendo el cambio del calendario electoral como parte de una reaccionaria reforma pol\u00edtica al servicio del gobierno ultraderechista- y desapareciendo de cualquier acci\u00f3n de lucha para enfrentarlo. Esto vale para su representaci\u00f3n pol\u00edtica, pero tambi\u00e9n para sus actores en cada movimiento de lucha, desde la burocracia sindical hasta la pol\u00edtica de los sectores ligados al peronismo, el PRO y los radicales, que terminaron aceptando la propuesta de movilizaci\u00f3n del 1ero de Febrero ante la masividad y combatividad de la asamblea de Parque Lezama del 25 de febrero con miles de activistas.<\/p>\n<p>El frente de Izquierda-Unidad se moviliza masivamente este s\u00e1bado 1 de febrero para enfrentar todos los ataques del gobierno de Milei, para enfrentar de conjunto a este gobierno y sus pol\u00edticas. Las banderas y acciones de lucha intentan ser desviadas hacia el parlamentarismo por los mismos que ya gobernaron a espaldas del conjunto de los trabajadores, j\u00f3venes, mujeres y disidencias y todos los explotados. Pero la lucha es ahora.<\/p>\n<p>Este s\u00e1bado movilic\u00e9monos masivamente hacia la Plaza de Mayo y todas las plazas del pa\u00eds contra esta avanzada oscurantista y macartista y para apoyar todas y cada una de las duras luchas que est\u00e1 enfrentando la clase trabajadora, y planteamos la necesidad de continuidad con nuevas medidas unitarias y preparando masivas movilizaciones callejeras para el 8M y el 24M.<\/p>\n<p>Planteamos la necesidad de unir estas luchas a todas las causas del pueblo explotado y oprimido, en el camino de preparar un plan de lucha nacional y la huelga general que derrote las pol\u00edticas y el brutal ajuste del ultraderechista gobierno de Milei y el FMI y a todo el r\u00e9gimen en el que se apoya para imponer sus pol\u00edticas reaccionarias, represivas, de hambre y entrega.<\/p>\n<p><strong>FRENTE DE IZQUIERDA-UNIDAD<\/strong><\/p>\n","protected":false},"excerpt":{"rendered":"<p>Por Prensa UIT-CI Vamos contra todos los ataques al pueblo trabajador a la Marcha Federal del Orgullo Antifascista y Antirracista Las declaraciones de Milei en el foro de Davos contra la comunidad LGTBI+ y los derechos de las mujeres provocaron una reacci\u00f3n masiva de repudio. La asamblea realizada en el parque Lezama desbord\u00f3 de compa\u00f1eres [&hellip;]<\/p>\n","protected":false},"author":2,"featured_media":20724,"comment_status":"closed","ping_status":"closed","sticky":false,"template":"","format":"standard","meta":[],"categories":[23],"tags":[232,815,189,119,433,1841,353,2304,93,2305,1504,637,100,712,209],"_links":{"self":[{"href":"https:\/\/uit-ci.org\/index.php\/wp-json\/wp\/v2\/posts\/20723"}],"collection":[{"href":"https:\/\/uit-ci.org\/index.php\/wp-json\/wp\/v2\/posts"}],"about":[{"href":"https:\/\/uit-ci.org\/index.php\/wp-json\/wp\/v2\/types\/post"}],"author":[{"embeddable":true,"href":"https:\/\/uit-ci.org\/index.php\/wp-json\/wp\/v2\/users\/2"}],"replies":[{"embeddable":true,"href":"https:\/\/uit-ci.org\/index.php\/wp-json\/wp\/v2\/comments?post=20723"}],"version-history":[{"count":1,"href":"https:\/\/uit-ci.org\/index.php\/wp-json\/wp\/v2\/posts\/20723\/revisions"}],"predecessor-version":[{"id":20730,"href":"https:\/\/uit-ci.org\/index.php\/wp-json\/wp\/v2\/posts\/20723\/revisions\/20730"}],"wp:featuredmedia":[{"embeddable":true,"href":"https:\/\/uit-ci.org\/index.php\/wp-json\/wp\/v2\/media\/20724"}],"wp:attachment":[{"href":"https:\/\/uit-ci.org\/index.php\/wp-json\/wp\/v2\/media?parent=20723"}],"wp:term":[{"taxonomy":"category","embeddable":true,"href":"https:\/\/uit-ci.org\/index.php\/wp-json\/wp\/v2\/categories?post=20723"},{"taxonomy":"post_tag","embeddable":true,"href":"https:\/\/uit-ci.org\/index.php\/wp-json\/wp\/v2\/tags?post=20723"}],"curies":[{"name":"wp","href":"https:\/\/api.w.org\/{rel}","templated":true}]}}