{"id":21092,"date":"2025-03-11T21:22:38","date_gmt":"2025-03-11T21:22:38","guid":{"rendered":"http:\/\/uit-ci.org\/?p=21092"},"modified":"2025-03-17T16:04:15","modified_gmt":"2025-03-17T16:04:15","slug":"portugal-con-elecciones-o-sin-ellas-nada-cambia-para-los-trabajadores-es-hora-de-construir-una-alternativa","status":"publish","type":"post","link":"https:\/\/uit-ci.org\/index.php\/2025\/03\/11\/portugal-con-elecciones-o-sin-ellas-nada-cambia-para-los-trabajadores-es-hora-de-construir-una-alternativa\/","title":{"rendered":"Portugal: Con elecciones o sin ellas, nada cambia para los trabajadores: es hora de construir una alternativa"},"content":{"rendered":"<p><span style=\"font-weight: 400;\">Por <strong>Trabajadoras y Trabajadores Unidos (TU)<\/strong>, secci\u00f3n de la UIT-CI de Portugal.<\/span><i><span style=\"font-weight: 400;\"><\/p>\n<p><\/span><\/i><span style=\"font-weight: 400;\">11\/03\/2025.<\/span><i><span style=\"font-weight: 400;\"> Actualizaci\u00f3n: Tras la redacci\u00f3n de este texto, la moci\u00f3n de confianza en el gobierno fue rechazada, lo que lleva al pa\u00eds a nuevas elecciones anticipadas.<\/span><\/i><\/p>\n<p><span style=\"font-weight: 400;\">Al igual que el anterior gobierno de Ant\u00f3nio Costa, que cay\u00f3 por sospechas de tr\u00e1fico de influencias en su ejecutivo, el de Lu\u00eds Montenegro est\u00e1 muy probablemente a punto de caer un a\u00f1o despu\u00e9s de ser elegido, tras un esc\u00e1ndalo de conflicto entre sus intereses empresariales y el desempe\u00f1o de sus funciones como primer ministro.<\/span><\/p>\n<p><span style=\"font-weight: 400;\">Este nuevo cap\u00edtulo de la crisis del r\u00e9gimen demuestra que los partidos patronales, PSD (Partido Social Dem\u00f3crata) y PS (Partido Socialista), siguen enfrent\u00e1ndose a la inestabilidad y la desconfianza provocadas por la connivencia entre su gobierno y los grandes intereses econ\u00f3micos, para los que siempre han gobernado. La verdad es que, con o sin elecciones, la crisis no se resolver\u00e1, y desde luego no a favor de los trabajadores. \u00a1Tenemos que construir una alternativa pol\u00edtica y de lucha!<\/span><\/p>\n<p><b>Negocios turbios y conflictos de intereses: Montenegro muestra lo que es gobernar \u201cestilo jefe\u201d<\/b><\/p>\n<p><span style=\"font-weight: 400;\">Cada d\u00eda que pasa surgen nuevos casos que vinculan al primer ministro y a su c\u00edrculo cercano con negocios y conflictos de intereses. El primer implicado fue Hern\u00e2ni Dias (ex secretario de estado), quien, seg\u00fan Montenegro, actu\u00f3 de forma \u201cimprudente\u201d al crear dos empresas inmobiliarias dispuestas a beneficiarse de la nueva ley del suelo, que \u00e9l mismo ayud\u00f3 a redactar. Pero si Hern\u00e2ni Dias fue imprudente, Montenegro fue escandalosamente descarado.<\/span><\/p>\n<p><span style=\"font-weight: 400;\">Acosado ya por el caso del pago de 715.000 euros por dos casas en Lisboa, realizado en efectivo a trav\u00e9s de una trama con varias cuentas bancarias de menos de 41.000 euros, para eludir la declaraci\u00f3n de la renta, llega la historia de Spinumviva, una consultora fundada por Montenegro en 2021, que gan\u00f3 650.000 euros en extra\u00f1as circunstancias, por no decir otra cosa, en apenas dos a\u00f1os.<\/span><\/p>\n<p><span style=\"font-weight: 400;\">Aunque la mujer y los hijos de Montenegro son socios, este \u00e1rbol de patacas disfrazado de empresa familiar es en realidad la empresa unipersonal de Montenegro, que depende exclusivamente de sus contactos personales. Spinumviva no tiene actividad empresarial real. Funciona como un canal a trav\u00e9s del cual Montenegro recibe dinero de grupos econ\u00f3micos que dependen de decisiones gubernamentales.<\/span><\/p>\n<p><span style=\"font-weight: 400;\">Entre los clientes figura la petrolera Joaquim Barros Rodrigues &amp; Filhos, cuyo propietario es el padre de Jo\u00e3o Rodrigues, candidato del PSD al Ayuntamiento de Braga. Esta empresa pag\u00f3 a Spinumviva 194.000 euros en un solo a\u00f1o, es decir, la mitad de su facturaci\u00f3n total. Otro de los clientes de la empresa es Solverde (empresa de hosteler\u00eda y casinos), cuyo abogado Montenegro negociaba con el Estado, que prorrog\u00f3 el contrato de casinos hasta finales de 2025 y que pagaba a Spinumviva 4.700 euros al mes. No es de extra\u00f1ar que el primer ministro faltara a la cumbre que marcaba los tres a\u00f1os de la invasi\u00f3n rusa de Ucrania para jugar al golf con su amigo, el due\u00f1o de Solverde.\u00a0<\/span><\/p>\n<p><span style=\"font-weight: 400;\">Envuelto hasta el cuello en pr\u00e1cticas dudosas, Montenegro intenta presentarse como un abnegado \u00abhombre de familia\u00bb, culpando a todos menos a s\u00ed mismo de la crisis pol\u00edtica. Esta actitud ha alimentado todo tipo de tejemanejes, como la estrategia de traspasar la propiedad de la empresa Spinumviva a su mujer, con la que est\u00e1 casado en r\u00e9gimen de gananciales, con el \u00fanico fin de enmascarar sus intereses y negocios, en un esquema tan obvio que s\u00f3lo el PSD finge no entenderlo.<\/span><\/p>\n<p><b>De chantaje en chantaje hasta la ca\u00edda final<\/b><\/p>\n<p><span style=\"font-weight: 400;\">Con toda esta serie de casos centrados en el Primer Ministro, el Gobierno est\u00e1 en peligro. Tras sobrevivir a dos mociones de censura, Montenegro se enfrenta ahora a una moci\u00f3n de confianza presentada por \u00e9l mismo. Si no obtiene el apoyo suficiente en el Parlamento &#8211; escenario pr\u00e1cticamente seguro &#8211; el gobierno caer\u00e1, allanando el camino para la convocaci\u00f3n de elecciones anticipadas.<\/span><\/p>\n<p><span style=\"font-weight: 400;\">La verdad es que Lu\u00eds Montenegro siempre ha querido elecciones. Desde el primer d\u00eda de su gobierno en minor\u00eda, ha amenazado con elecciones anticipadas, inestabilidad y crisis pol\u00edticas para tratar de obtener una mayor\u00eda que le garantice estabilidad &#8211; estabilidad no para los trabajadores, sino para sus negocios y los intereses de los grandes patrones.<\/span><\/p>\n<p><span style=\"font-weight: 400;\">Recordemos que durante la elecci\u00f3n del Presidente de la Asamblea de la Rep\u00fablica, Montenegro dej\u00f3 claro que la falta de apoyo a la candidatura de Aguiar Branco podr\u00eda llevar a elecciones anticipadas. Tambi\u00e9n durante la discusi\u00f3n del programa de gobierno, Montenegro repiti\u00f3 la amenaza: si el programa era rechazado, lo interpretar\u00eda como un voto de censura y podr\u00eda convocar elecciones anticipadas. Durante la votaci\u00f3n de los Presupuestos del Estado, se utiliz\u00f3 la misma estrategia. El gobierno y el Presidente de la Rep\u00fablica jugaron continuamente con el fantasma de las elecciones anticipadas para obligar a los partidos a ceder.<\/span><\/p>\n<p><span style=\"font-weight: 400;\">Para rechazar la moci\u00f3n de confianza, el PS tendr\u00eda que votar en contra, lo que Pedro Nuno Santos ya ha dicho que est\u00e1 dispuesto a hacer, aunque al PS no le interese precisamente ir a elecciones, raz\u00f3n por la cual su l\u00edder viene rogando al PSD que retire la moci\u00f3n de confianza. Sin embargo, tampoco le conviene proteger al Gobierno en una crisis de esta naturaleza, por lo que ha rechazado la moci\u00f3n de confianza.<\/span><\/p>\n<p><span style=\"font-weight: 400;\">Por su parte, Chega, que sigue sufriendo por una serie de casos que han salido a la luz, tampoco est\u00e1 interesado en nuevas elecciones, y tambi\u00e9n se ver\u00eda en peligro si apoyara al Gobierno. Andr\u00e9 Ventura ya ha confirmado que el partido votar\u00e1 en contra de la moci\u00f3n de confianza, a pesar de que Chega es actualmente el partido con mayor ca\u00edda en intenci\u00f3n de voto en las encuestas. As\u00ed que todo apunta a que el Gobierno caer\u00e1, el PS y Chega votar\u00e1n en contra, y Montenegro tendr\u00e1 por fin las elecciones que lleva deseando desde que lleg\u00f3 al poder.<\/span><\/p>\n<p><span style=\"font-weight: 400;\">Mientras tanto, los representantes del gran capital, entre ellos Carlos Moedas (alcalde de Lisboa) y los habituales representantes de la patronal, han salido a decir que \u00abel pueblo no quiere elecciones ni crisis pol\u00edticas\u00bb, intentando culpar de la crisis pol\u00edtica a la oposici\u00f3n a la que, a pesar de haber aportado todo lo que este gobierno ha necesitado hasta la fecha, Montenegro sigue acusando de no dejarle gobernar.<\/span><\/p>\n<p><span style=\"font-weight: 400;\">Sin embargo, lo que los trabajadores realmente no quieren es un primer ministro pagado por las grandes empresas, ni un gobierno que apruebe leyes para enriquecer a sus empresas y a las de sus amigos, y no haga nada para resolver la crisis de la vivienda, la destrucci\u00f3n de los servicios p\u00fablicos y los bajos salarios.<\/span><\/p>\n<p><b>Gobierno(s) en declive, r\u00e9gimen en crisis: \u00bfqu\u00e9 camino seguir para los trabajadores y los j\u00f3venes?<\/b><\/p>\n<p><span style=\"font-weight: 400;\">Esta crisis no s\u00f3lo refleja problemas de falta de transparencia, ni es una crisis m\u00e1s de cualquier gobierno. Es una crisis de todo un r\u00e9gimen, con personajes e instituciones desacreditadas, que mantienen un sistema que funciona para los poderosos a costa de los trabajadores y que, por tanto, est\u00e1 condenado a afrontar crisis recurrentes.<\/span><\/p>\n<p><span style=\"font-weight: 400;\">Mientras los partidos parlamentarios se disputan el poder, los trabajadores y los j\u00f3venes siguen sufriendo dificultades concretas: bajos salarios, precariedad laboral, deterioro de los servicios p\u00fablicos y una crisis de la vivienda sin precedentes. La soluci\u00f3n a esta crisis no consiste en sustituir a un primer ministro o a un partido del r\u00e9gimen por otro. Lo esencial es comprender a qui\u00e9n sirve realmente el gobierno, porque mientras los grandes intereses econ\u00f3micos sigan dictando las reglas, nada cambiar\u00e1.<\/span><\/p>\n<p><span style=\"font-weight: 400;\">As\u00ed pues, independientemente del resultado de esta crisis, la realidad no ser\u00e1 transformada por los pol\u00edticos ni por las elecciones sin la intervenci\u00f3n organizada de los trabajadores. La cuesti\u00f3n central no es s\u00f3lo qui\u00e9n ejerce el poder, sino en beneficio de qui\u00e9n lo ejerce. Para un cambio real, es indispensable un programa que rompa con las pol\u00edticas que favorecen a las grandes empresas y sit\u00fae las necesidades de los trabajadores en el centro de la toma de decisiones, algo que s\u00f3lo ser\u00e1 posible con un gobierno de los trabajadores.<\/span><\/p>\n<p><b>Trabajadores Unidos: venid a construir esta alternativa con nosotros<\/b><\/p>\n<p><span style=\"font-weight: 400;\">TU (Trabajadores Unidos) a\u00fan no ha completado su proceso de legalizaci\u00f3n y, por tanto, no podr\u00e1 presentarse a estas elecciones, en caso de que se celebren. Sin embargo, una cosa es cierta: si no esperamos nada diferente del PSD, mirando a su izquierda ni Livre, ni BE (Bloque de Izquierda) , ni PCP (Partido Comunista Portugu\u00e9s) se han presentado como una alternativa real para el pa\u00eds. El sectarismo del PCP y BE al presentarse juntos s\u00f3lo es superado por el oportunismo de, como Livre, someterse al PS y a sus pol\u00edticas, allanando el camino para que la extrema derecha se convierta en la \u00fanica voz de la oposici\u00f3n.<\/span><\/p>\n<p><span style=\"font-weight: 400;\">Por eso es crucial construir una alternativa obrera, independiente del r\u00e9gimen y de los intereses de los propietarios. La crisis de gobierno no puede ser s\u00f3lo un espect\u00e1culo parlamentario o un juego de intercambio de sillas; debe servir para movilizar la lucha por una verdadera transformaci\u00f3n social que sirva a los intereses del pueblo trabajador. Trabalhadores Unidos, secci\u00f3n portuguesa de la UIT-CI, es la herramienta que estamos construyendo para lograr esta transformaci\u00f3n.<\/span><\/p>\n<p><span style=\"font-weight: 400;\">Actualmente estamos haciendo campa\u00f1a para legalizar a TU como partido pol\u00edtico, lo que nos permitir\u00e1 defender nuestras ideas y presentar nuestras propuestas en periodos electorales, llegando a m\u00e1s gente. Necesitamos tu apoyo. \u00a1\u00danete a nosotros!<\/span><\/p>\n","protected":false},"excerpt":{"rendered":"<p>Por Trabajadoras y Trabajadores Unidos (TU), secci\u00f3n de la UIT-CI de Portugal. 11\/03\/2025. Actualizaci\u00f3n: Tras la redacci\u00f3n de este texto, la moci\u00f3n de confianza en el gobierno fue rechazada, lo que lleva al pa\u00eds a nuevas elecciones anticipadas. Al igual que el anterior gobierno de Ant\u00f3nio Costa, que cay\u00f3 por sospechas de tr\u00e1fico de influencias [&hellip;]<\/p>\n","protected":false},"author":2,"featured_media":21093,"comment_status":"closed","ping_status":"closed","sticky":false,"template":"","format":"standard","meta":[],"categories":[1848],"tags":[2346,2347,90,157,746,2348,2349,2350,476,533,929,1706],"_links":{"self":[{"href":"https:\/\/uit-ci.org\/index.php\/wp-json\/wp\/v2\/posts\/21092"}],"collection":[{"href":"https:\/\/uit-ci.org\/index.php\/wp-json\/wp\/v2\/posts"}],"about":[{"href":"https:\/\/uit-ci.org\/index.php\/wp-json\/wp\/v2\/types\/post"}],"author":[{"embeddable":true,"href":"https:\/\/uit-ci.org\/index.php\/wp-json\/wp\/v2\/users\/2"}],"replies":[{"embeddable":true,"href":"https:\/\/uit-ci.org\/index.php\/wp-json\/wp\/v2\/comments?post=21092"}],"version-history":[{"count":1,"href":"https:\/\/uit-ci.org\/index.php\/wp-json\/wp\/v2\/posts\/21092\/revisions"}],"predecessor-version":[{"id":21099,"href":"https:\/\/uit-ci.org\/index.php\/wp-json\/wp\/v2\/posts\/21092\/revisions\/21099"}],"wp:featuredmedia":[{"embeddable":true,"href":"https:\/\/uit-ci.org\/index.php\/wp-json\/wp\/v2\/media\/21093"}],"wp:attachment":[{"href":"https:\/\/uit-ci.org\/index.php\/wp-json\/wp\/v2\/media?parent=21092"}],"wp:term":[{"taxonomy":"category","embeddable":true,"href":"https:\/\/uit-ci.org\/index.php\/wp-json\/wp\/v2\/categories?post=21092"},{"taxonomy":"post_tag","embeddable":true,"href":"https:\/\/uit-ci.org\/index.php\/wp-json\/wp\/v2\/tags?post=21092"}],"curies":[{"name":"wp","href":"https:\/\/api.w.org\/{rel}","templated":true}]}}