{"id":21141,"date":"2025-03-17T13:37:09","date_gmt":"2025-03-17T13:37:09","guid":{"rendered":"http:\/\/uit-ci.org\/?p=21141"},"modified":"2025-03-17T13:37:09","modified_gmt":"2025-03-17T13:37:09","slug":"etats-unis-liberez-letudiant-palestinien-mahmoud-khalil","status":"publish","type":"post","link":"https:\/\/uit-ci.org\/index.php\/2025\/03\/17\/etats-unis-liberez-letudiant-palestinien-mahmoud-khalil\/?lang=fr","title":{"rendered":"\u00c9tats-Unis : Lib\u00e9rez l&#8217;\u00e9tudiant palestinien Mahmoud Khalil!"},"content":{"rendered":"<p><span style=\"font-weight: 400;\">Le gouvernement de l&#8217;ultradroite de Donald Trump, par l&#8217;interm\u00e9diaire de l&#8217;Immigration and Customs Enforcement (ICE), a arr\u00eat\u00e9 l&#8217;\u00e9tudiant d&#8217;origine palestinienne Mahmoud Khalil, dipl\u00f4m\u00e9 de l&#8217;universit\u00e9 de Columbia et activiste des campements qui ont eu lieu en 2024. En accusant faussement Mahmoud Khalil d&#8217;antis\u00e9mitisme et de soutien au \u00ab terrorisme \u00bb, Trump a assur\u00e9 que l&#8217;arrestation du leader pro-palestinien \u00e9tait \u00ab la premi\u00e8re d&#8217;une longue s\u00e9rie \u00bb.<\/span><\/p>\n<p><span style=\"font-weight: 400;\">Cette arrestation est l&#8217;aboutissement de la politique r\u00e9pressive de Donald Trump, qui cherche \u00e0 criminaliser toute action contre le g\u00e9nocide \u00e0 Gaza en proc\u00e9dant \u00e0 des expulsions massives d&#8217;activistes et de dirigeants qui ont agi avec fermet\u00e9 dans le processus \u00e9tudiant de 2024. Dans le m\u00eame ordre d&#8217;id\u00e9es, Marco Rubio a d\u00e9clar\u00e9 que \u00ab nous r\u00e9voquerons les visas et\/ou les cartes vertes des partisans du Hamas aux \u00c9tats-Unis afin de pouvoir les expulser \u00bb.<\/span><\/p>\n<p><span style=\"font-weight: 400;\">Le 21 janvier, un groupe d&#8217;activistes a paralys\u00e9 les cours d&#8217;histoire de l&#8217;Isra\u00ebl moderne \u00e0 l&#8217;universit\u00e9 de Boston. Entre le 6 et le 8 janvier, des mobilisations, des sit-in et d&#8217;autres actions ont eu lieu \u00e0 l&#8217;universit\u00e9 de Columbia, \u00e0 New York, pour rejeter les sanctions et la r\u00e9pression des autorit\u00e9s universitaires contre les \u00e9tudiants. Mahmoud Khalil est aujourd&#8217;hui pers\u00e9cut\u00e9 par le gouvernement de Trump et d\u00e9tenu en vue d&#8217;\u00eatre expuls\u00e9, dans le but d&#8217;intimider et de dissuader les personnes qui luttent. Nous ne pouvons pas le permettre !<\/span><\/p>\n<p><span style=\"font-weight: 400;\">Donald Trump est le principal partenaire de Netanyahou. Son projet d&#8217;extr\u00eame droite et fasciste s&#8217;est exprim\u00e9 dans la proposition am\u00e9ricaine de d\u00e9placer la population de plus de 2 millions de Gazaouis vers des pays arabes pour construire un d\u00e9veloppement touristique et immobilier appel\u00e9 \u00ab La Riviera du Moyen-Orient \u00bb, promu dans une vid\u00e9o scandaleuse publi\u00e9e sur les r\u00e9seaux sociaux. Trump rejoint ainsi la politique raciste d&#8217;\u00e9puration ethnique de Netanyahu et du sionisme.<\/span><\/p>\n<p><span style=\"font-weight: 400;\">La mobilisation mondiale de solidarit\u00e9 et la r\u00e9sistance palestinienne ont remport\u00e9 leurs premi\u00e8res victoires avec le cessez-le-feu. Isra\u00ebl a \u00e9t\u00e9 frapp\u00e9 et son plan a \u00e9chou\u00e9. Il a commenc\u00e9 \u00e0 se retirer de Gaza sans contr\u00f4ler le territoire, tandis que des millions de personnes retournaient h\u00e9ro\u00efquement dans le nord d\u00e9vast\u00e9 de Gaza. Face \u00e0 cela, Netanyahou a lanc\u00e9 des attaques brutales en Cisjordanie, d\u00e9montrant qu&#8217;il ne s&#8217;arr\u00eatera pas l\u00e0.<\/span><\/p>\n<p><span style=\"font-weight: 400;\">Depuis l&#8217;Unit\u00e9 internationale des travailleurs et travailleuses \u2013 Quatri\u00e8me Internationale (UIT-QI), nous appelons les organisations \u00e9tudiantes, syndicales et politiques des \u00c9tats-Unis et du monde entier \u00e0 rejeter la politique r\u00e9pressive, les arrestations et les expulsions que Donald Trump cherche \u00e0 imposer et \u00e0 exiger massivement la lib\u00e9ration de Mahmoud Khalil et d&#8217;autres militants, ainsi que l&#8217;acquittement et le retrait imm\u00e9diat des poursuites contre tous les combattants.<\/span><\/p>\n<p><span style=\"font-weight: 400;\">Libert\u00e9 pour Mahmoud Khalil ! Signons la p\u00e9tition pour sa libert\u00e9 ! Acquittement et abandon des poursuites contre les combattants ! Assez des sanctions des autorit\u00e9s universitaires ! Vive la r\u00e9sistance du peuple palestinien et la solidarit\u00e9 mondiale ! Pour la rupture des relations \u00e9conomiques, diplomatiques, acad\u00e9miques et politiques de tous les gouvernements avec l&#8217;\u00c9tat g\u00e9nocidaire d&#8217;Isra\u00ebl ! Pour une Palestine unique, la\u00efque, d\u00e9mocratique et non raciste !<\/span><\/p>\n<p>&nbsp;<\/p>\n<p style=\"text-align: right;\"><b>Union internationale des travailleuses et travailleurs \u2013 Quatri\u00e8me Internationale (UIT-QI)<\/b><\/p>\n<p style=\"text-align: right;\"><b>10 mars 2024<\/b><\/p>\n","protected":false},"excerpt":{"rendered":"<p>Le gouvernement de l&#8217;ultradroite de Donald Trump, par l&#8217;interm\u00e9diaire de l&#8217;Immigration and Customs Enforcement (ICE), a arr\u00eat\u00e9 l&#8217;\u00e9tudiant d&#8217;origine palestinienne Mahmoud Khalil, dipl\u00f4m\u00e9 de l&#8217;universit\u00e9 de Columbia et activiste des campements qui ont eu lieu en 2024. En accusant faussement Mahmoud Khalil d&#8217;antis\u00e9mitisme et de soutien au \u00ab terrorisme \u00bb, Trump a assur\u00e9 que l&#8217;arrestation [&hellip;]<\/p>\n","protected":false},"author":2,"featured_media":21086,"comment_status":"closed","ping_status":"closed","sticky":false,"template":"","format":"standard","meta":[],"categories":[],"tags":[],"_links":{"self":[{"href":"https:\/\/uit-ci.org\/index.php\/wp-json\/wp\/v2\/posts\/21141"}],"collection":[{"href":"https:\/\/uit-ci.org\/index.php\/wp-json\/wp\/v2\/posts"}],"about":[{"href":"https:\/\/uit-ci.org\/index.php\/wp-json\/wp\/v2\/types\/post"}],"author":[{"embeddable":true,"href":"https:\/\/uit-ci.org\/index.php\/wp-json\/wp\/v2\/users\/2"}],"replies":[{"embeddable":true,"href":"https:\/\/uit-ci.org\/index.php\/wp-json\/wp\/v2\/comments?post=21141"}],"version-history":[{"count":1,"href":"https:\/\/uit-ci.org\/index.php\/wp-json\/wp\/v2\/posts\/21141\/revisions"}],"predecessor-version":[{"id":21142,"href":"https:\/\/uit-ci.org\/index.php\/wp-json\/wp\/v2\/posts\/21141\/revisions\/21142"}],"wp:featuredmedia":[{"embeddable":true,"href":"https:\/\/uit-ci.org\/index.php\/wp-json\/wp\/v2\/media\/21086"}],"wp:attachment":[{"href":"https:\/\/uit-ci.org\/index.php\/wp-json\/wp\/v2\/media?parent=21141"}],"wp:term":[{"taxonomy":"category","embeddable":true,"href":"https:\/\/uit-ci.org\/index.php\/wp-json\/wp\/v2\/categories?post=21141"},{"taxonomy":"post_tag","embeddable":true,"href":"https:\/\/uit-ci.org\/index.php\/wp-json\/wp\/v2\/tags?post=21141"}],"curies":[{"name":"wp","href":"https:\/\/api.w.org\/{rel}","templated":true}]}}