{"id":21319,"date":"2025-03-31T17:42:39","date_gmt":"2025-03-31T17:42:39","guid":{"rendered":"http:\/\/uit-ci.org\/?p=21319"},"modified":"2025-03-31T17:42:39","modified_gmt":"2025-03-31T17:42:39","slug":"turquie-solidarite-mondiale-avec-la-mobilisation-liberez-les-detenus","status":"publish","type":"post","link":"https:\/\/uit-ci.org\/index.php\/2025\/03\/31\/turquie-solidarite-mondiale-avec-la-mobilisation-liberez-les-detenus\/?lang=fr","title":{"rendered":"Turquie: solidarit\u00e9 mondiale avec la mobilisation \u00abLib\u00e9rez les d\u00e9tenus!\u00bb"},"content":{"rendered":"<p><span style=\"font-weight: 400;\">Le 19 mars au matin, le maire de l&#8217;opposition de la municipalit\u00e9 m\u00e9tropolitaine d&#8217;Istanbul (\u0130BB), Ekrem \u0130mamo\u011fl, et les maires des municipalit\u00e9s de \u015ei\u015fli et Beylikd\u00fcz\u00fc, ainsi que plus d&#8217;une centaine d&#8217;autres personnes, ont \u00e9t\u00e9 arr\u00eat\u00e9s dans le cadre d&#8217;une d\u00e9monstration claire de la politique r\u00e9pressive qui d\u00e9truit les droits les plus d\u00e9mocratiques, tels que le droit d&#8217;\u00e9lire et d&#8217;\u00eatre \u00e9lu. Apr\u00e8s la chute \u00e9lectorale de l&#8217;autocrate et r\u00e9presseur Recep Tayyip Erdo\u011fan et de son Alliance populaire lors des derni\u00e8res \u00e9lections, le gouvernement pr\u00e9pare une attaque politique contre le principal parti d&#8217;opposition des patrons, le Parti r\u00e9publicain du peuple (CHP), et contre toutes les organisations politiques, y compris celles de la classe ouvri\u00e8re. \u00c0 cette fin, il n&#8217;h\u00e9site pas \u00e0 recourir \u00e0 son syst\u00e8me judiciaire accro pour emprisonner ses opposants, comme cela s&#8217;est d\u00e9j\u00e0 produit, des milliers de personnes qui se sont mobilis\u00e9es contre les pers\u00e9cutions, pour leurs droits et contre le gouvernement. Le r\u00e9gime d&#8217;Erdo\u011fan cherche \u00e0 \u00e9liminer la libert\u00e9 de r\u00e9union et de manifestation, tout en restreignant le droit des travailleurs \u00e0 s&#8217;informer. Dans ce contexte, de nombreux journalistes ont \u00e9t\u00e9 arr\u00eat\u00e9s.<\/span><\/p>\n<p><span style=\"font-weight: 400;\">Depuis le 19 mars, des manifestations massives ont lieu dans les rues de Turquie. Les places des villes principales, les bourgs et les quartiers de tout le pays ont accueilli les \u00e9tudiants, les travailleurs, les jeunes et le peuple en g\u00e9n\u00e9ral qui ont manifest\u00e9 leur rejet des politiques r\u00e9pressives de Recep Tayyip Erdo\u011fan et de son r\u00e9gime autocratique. Les mobilisations d\u00e9fient le r\u00e9gime et sont des revendications de libert\u00e9s d\u00e9mocratiques. Elles expriment \u00e9galement les \u00e9normes frustrations li\u00e9es \u00e0 l&#8217;aggravation de la crise \u00e9conomique et \u00e0 la perte de qualit\u00e9 de vie pour les classes populaires. Malgr\u00e9 la forte r\u00e9pression, qui utilise la police, les matraques, les balles en caoutchouc et les gaz lacrymog\u00e8nes ainsi que les accusations de terrorisme pour pers\u00e9cuter et emprisonner les combattants, les manifestants reviennent jour apr\u00e8s jour \u00e0 de nouvelles et massives actions de rue o\u00f9 des centaines de milliers de personnes affrontent Erdo\u011fan.<\/span><\/p>\n<p><span style=\"font-weight: 400;\">Depuis l&#8217;Unit\u00e9 internationale des travailleuses et des travailleurs \u2013 Quatri\u00e8me Internationale (UIT-QI), nous soutenons les luttes des travailleurs, des jeunes, des femmes, des personnes LGBTI+, du peuple kurde et des secteurs opprim\u00e9s, et nous d\u00e9non\u00e7ons l&#8217;escalade r\u00e9pressive du gouvernement. Nous exigeons la lib\u00e9ration imm\u00e9diate de tous les d\u00e9tenus, l&#8217;abandon de toutes les charges et leur acquittement. Avec notre section en Turquie, le Parti de la d\u00e9mocratie des travailleurs (IDP), nous exigeons que la Conf\u00e9d\u00e9ration des syndicats turcs (T\u00fcrk-\u0130\u015f), la Conf\u00e9d\u00e9ration des travailleurs r\u00e9volutionnaires de Turquie (DISK) et la Conf\u00e9d\u00e9ration des syndicats des employ\u00e9s du secteur public (KESK) aillent au-del\u00e0 des d\u00e9clarations formelles et appellent \u00e0 une gr\u00e8ve g\u00e9n\u00e9rale. Pour cela, l&#8217;exemple du syndicat de l&#8217;\u00e9ducation E\u011fitim-Sen, qui a d\u00e9cid\u00e9 de faire une gr\u00e8ve d&#8217;une journ\u00e9e en soutien au boycott acad\u00e9mique des \u00e9tudiants universitaires, ainsi que l&#8217;\u00e9mergence des comit\u00e9s de boycott, qui sont la base pour soutenir la lutte et la mobilisation, doivent \u00eatre suivis et multipli\u00e9s par mille.<\/span><\/p>\n<p><span style=\"font-weight: 400;\">Aucun droit d\u00e9mocratique n&#8217;est garanti sous ce r\u00e9gime ! C&#8217;est pourquoi les mobilisations doivent s&#8217;amplifier avec la gr\u00e8ve g\u00e9n\u00e9rale jusqu&#8217;\u00e0 une v\u00e9ritable rupture avec le r\u00e9gime autocratique et r\u00e9pressif d&#8217;Erdo\u011fan.<\/span><\/p>\n<p>&nbsp;<\/p>\n<p><span style=\"font-weight: 400;\">Non \u00e0 l&#8217;usurpation du droit d&#8217;\u00e9lire et d&#8217;\u00eatre \u00e9lu, non \u00e0 l&#8217;atteinte \u00e0 la libert\u00e9 de r\u00e9union et de manifestation !<\/span><\/p>\n<p><span style=\"font-weight: 400;\">Fin de la r\u00e9pression, de la violence, des arrestations et des emprisonnements !<\/span><\/p>\n<p><span style=\"font-weight: 400;\">Fin imm\u00e9diate des arrestations ! Lib\u00e9ration imm\u00e9diate des prisonniers politiques !<\/span><\/p>\n<p><span style=\"font-weight: 400;\">Fin imm\u00e9diate des interventions dans les municipalit\u00e9s, les universit\u00e9s et dans tout le pays !<\/span><\/p>\n<p><span style=\"font-weight: 400;\">Solidarit\u00e9 internationale avec la lutte et la mobilisation pour les droits d\u00e9mocratiques, \u00e9conomiques et sociaux contre la r\u00e9pression d&#8217;Erdo\u011fan !<\/span><\/p>\n<p>&nbsp;<\/p>\n<p style=\"text-align: right;\"><b>Unit\u00e9 internationale des travailleuses et des travailleurs \u2013 Quatri\u00e8me Internationale (UIT-QI)<\/b><\/p>\n<p style=\"text-align: right;\"><b>28 mars 2025<\/b><\/p>\n","protected":false},"excerpt":{"rendered":"<p>Le 19 mars au matin, le maire de l&#8217;opposition de la municipalit\u00e9 m\u00e9tropolitaine d&#8217;Istanbul (\u0130BB), Ekrem \u0130mamo\u011fl, et les maires des municipalit\u00e9s de \u015ei\u015fli et Beylikd\u00fcz\u00fc, ainsi que plus d&#8217;une centaine d&#8217;autres personnes, ont \u00e9t\u00e9 arr\u00eat\u00e9s dans le cadre d&#8217;une d\u00e9monstration claire de la politique r\u00e9pressive qui d\u00e9truit les droits les plus d\u00e9mocratiques, tels que [&hellip;]<\/p>\n","protected":false},"author":2,"featured_media":21287,"comment_status":"closed","ping_status":"closed","sticky":false,"template":"","format":"standard","meta":[],"categories":[],"tags":[],"_links":{"self":[{"href":"https:\/\/uit-ci.org\/index.php\/wp-json\/wp\/v2\/posts\/21319"}],"collection":[{"href":"https:\/\/uit-ci.org\/index.php\/wp-json\/wp\/v2\/posts"}],"about":[{"href":"https:\/\/uit-ci.org\/index.php\/wp-json\/wp\/v2\/types\/post"}],"author":[{"embeddable":true,"href":"https:\/\/uit-ci.org\/index.php\/wp-json\/wp\/v2\/users\/2"}],"replies":[{"embeddable":true,"href":"https:\/\/uit-ci.org\/index.php\/wp-json\/wp\/v2\/comments?post=21319"}],"version-history":[{"count":1,"href":"https:\/\/uit-ci.org\/index.php\/wp-json\/wp\/v2\/posts\/21319\/revisions"}],"predecessor-version":[{"id":21320,"href":"https:\/\/uit-ci.org\/index.php\/wp-json\/wp\/v2\/posts\/21319\/revisions\/21320"}],"wp:featuredmedia":[{"embeddable":true,"href":"https:\/\/uit-ci.org\/index.php\/wp-json\/wp\/v2\/media\/21287"}],"wp:attachment":[{"href":"https:\/\/uit-ci.org\/index.php\/wp-json\/wp\/v2\/media?parent=21319"}],"wp:term":[{"taxonomy":"category","embeddable":true,"href":"https:\/\/uit-ci.org\/index.php\/wp-json\/wp\/v2\/categories?post=21319"},{"taxonomy":"post_tag","embeddable":true,"href":"https:\/\/uit-ci.org\/index.php\/wp-json\/wp\/v2\/tags?post=21319"}],"curies":[{"name":"wp","href":"https:\/\/api.w.org\/{rel}","templated":true}]}}