{"id":21333,"date":"2025-04-02T16:10:18","date_gmt":"2025-04-02T16:10:18","guid":{"rendered":"http:\/\/uit-ci.org\/?p=21333"},"modified":"2025-04-10T17:13:03","modified_gmt":"2025-04-10T17:13:03","slug":"panama-en-apoyo-al-pueblo-panameno-nos-sumamos-a-la-jornada-antimperialista-y-en-defensa-de-la-soberania","status":"publish","type":"post","link":"https:\/\/uit-ci.org\/index.php\/2025\/04\/02\/panama-en-apoyo-al-pueblo-panameno-nos-sumamos-a-la-jornada-antimperialista-y-en-defensa-de-la-soberania\/","title":{"rendered":"Panam\u00e1: En apoyo al pueblo paname\u00f1o nos sumamos a la jornada antimperialista y en defensa de la soberan\u00eda"},"content":{"rendered":"<p><span style=\"font-weight: 400;\">Por <strong>Unidad Internacional de las Trabajadoras y Trabajadores-Cuarta Internacional<\/strong><\/span><\/p>\n<p><span style=\"font-weight: 400;\">2\/4\/2025. En el encuentro nacional de dirigentes y dirigentas sindicales, pol\u00edticos y sociales, realizado el s\u00e1bado 29 de marzo en la Universidad de Panam\u00e1, la Alianza Pueblo Unido por la Vida, que agrupa a distintas organizaciones sindicales y populares, acord\u00f3 la continuaci\u00f3n de la lucha por la soberan\u00eda nacional, en defensa del Canal, contra el intento del presidente Mulino de reabrir la mina de cobre, por la derogatoria de la ley 462 que privatiza la Caja de Seguro Social, condenando a la clase trabajadora a pensiones de miseria y deterioro de la salud p\u00fablica. As\u00ed como tambi\u00e9n contra la construcci\u00f3n del embalse de r\u00edo Indio, qu\u00e9 significar\u00eda el desalojo de los habitantes de la regi\u00f3n, y contra la represi\u00f3n a los y las que luchan, particularmente a los y las estudiantes de la Universidad de Panam\u00e1.\u00a0<\/span><\/p>\n<p><span style=\"font-weight: 400;\">En el encuentro el Frente de Acci\u00f3n Magisterial, la Uni\u00f3n Nacional de Educadores de Panam\u00e1 y la Uni\u00f3n Nacional de Educadores por la Calidad de la Educaci\u00f3n Paname\u00f1a, anunciaron una huelga de 48 horas de los y las docentes, los d\u00edas 3 y 4 de abril, acci\u00f3n que fue apoyada por el Suntracs (sindicato de la construcci\u00f3n) y los dem\u00e1s gremios y sectores presentes.<\/span><\/p>\n<p><span style=\"font-weight: 400;\">Se acord\u00f3 adem\u00e1s, un plan de lucha con piqueteos en sitios p\u00fablicos los d\u00edas 2 y 9 de abril; el d\u00eda 5 un nuevo encuentro sindical de las y los docentes; el lunes 7 una jornada nacional antimperialista y por la soberan\u00eda de Panam\u00e1, ante la visita del secretario de Defensa de los Estados Unidos, Pete Hegseth, y contra la presencia de tropas, aviones y barcos del ej\u00e9rcito imperialista norteamericano, cuyo objetivo es el eventual establecimiento de bases militares en el pa\u00eds, controlar el canal de Panam\u00e1, y establecer una plataforma para agredir a los pueblos de Am\u00e9rica Latina.\u00a0<\/span><\/p>\n<p><span style=\"font-weight: 400;\">Tambi\u00e9n, como parte del plan de lucha, se acord\u00f3 realizar una gran marcha nacional el d\u00eda 24 de abril. Los representantes sindicales, campesinos, y populares presentes en el encuentro, no descartaron la convocatoria a un paro indefinido, en caso de no haber una respuesta satisfactoria del gobierno a los distintos reclamos.\u00a0\u00a0\u00a0\u00a0\u00a0<\/span><\/p>\n<p><span style=\"font-weight: 400;\">Desde el ascenso del ultraderechista Donald Trump a la presidencia de los Estados Unidos, este ratific\u00f3 sus intenciones de tomar el control del canal de Panam\u00e1, incluso si era necesario por la fuerza, lo cual hab\u00eda anunciado durante la campa\u00f1a electoral. Las presiones sobre Panam\u00e1 se han manifestado con la presencia en el pa\u00eds en el mes de febrero, tanto del jefe del comando sur de Estados Unidos, Alvin Holsey, como del secretario de Estado, Marco Rubio. Recientemente el nuevo embajador del imperialismo norteamericano, Kevin Cabrera, arremeti\u00f3 contras las universidades del pa\u00eds en una clara muestra de la injerencia abusiva y descarada del gobierno de Trump, cuando se\u00f1al\u00f3 que \u201cla influencia china en Panam\u00e1 se expande a otras \u00e1reas ajenas al Canal, estableciendo convenios con las universidades p\u00fablicas paname\u00f1as para la creaci\u00f3n de Institutos Confucio, as\u00ed como relaciones con la televisora estatal Sertv\u201d.\u00a0\u00a0<\/span><\/p>\n<p><span style=\"font-weight: 400;\">Por su parte, el presidente Jos\u00e9 Ra\u00fal Mulino se ha mostrado dispuesto a satisfacer las exigencias del imperialismo norteamericano, y en una actitud claramente sumisa, anunci\u00f3 despu\u00e9s de la vista de Rubio, que Panam\u00e1 no renovar\u00eda su participaci\u00f3n en la Iniciativa de la Franja y la Ruta de la Seda promovida por China, incluso el gobierno paname\u00f1o est\u00e1 estudiando terminarlo antes de la fecha de vencimiento prevista.\u00a0\u00a0<\/span><\/p>\n<p><span style=\"font-weight: 400;\">Trump viene lanzando una agresiva ofensiva contrarrevolucionaria, tratando de revertir la crisis de dominaci\u00f3n del imperialismo norteamericano, sometiendo a los imperialismos menores (Europa, China, Rusia), y simult\u00e1neamente trata de derrotar las luchas de las masas, y aumentar las cuotas de explotaci\u00f3n de la clase trabajadora en Estados Unidos y a escala global. En ese marco hay que ubicar las amenazas a Panam\u00e1, a Groenlandia, la xen\u00f3foba y racista pol\u00edtica migratoria, as\u00ed como los aranceles, que aplica incluso a aliados hist\u00f3ricos como M\u00e9xico y Canad\u00e1.<\/span><\/p>\n<p><span style=\"font-weight: 400;\">Desde la Unidad Internacional de las Trabajadoras y Trabajadores-Cuarta Internacional, nos solidarizamos con el pueblo trabajador de Panam\u00e1, y desde nuestra organizaci\u00f3n paname\u00f1a, Propuesta Socialista, nos sumamos a las acciones de protesta y a la huelga magisterial anunciada el pasado s\u00e1bado 29 de marzo. Igualmente nos sumaremos a la jornada antimperialista y por la soberan\u00eda paname\u00f1a el pr\u00f3ximo 7 de abril, realizando diversas acciones de solidaridad en los distintos pa\u00edses donde tenemos presencia.\u00a0\u00a0<\/span><\/p>\n<p>&nbsp;<\/p>\n<p><span style=\"font-weight: 400;\">2 de abril de 2025<\/span><\/p>\n","protected":false},"excerpt":{"rendered":"<p>Por Unidad Internacional de las Trabajadoras y Trabajadores-Cuarta Internacional 2\/4\/2025. En el encuentro nacional de dirigentes y dirigentas sindicales, pol\u00edticos y sociales, realizado el s\u00e1bado 29 de marzo en la Universidad de Panam\u00e1, la Alianza Pueblo Unido por la Vida, que agrupa a distintas organizaciones sindicales y populares, acord\u00f3 la continuaci\u00f3n de la lucha por [&hellip;]<\/p>\n","protected":false},"author":2,"featured_media":21334,"comment_status":"closed","ping_status":"closed","sticky":false,"template":"","format":"standard","meta":[],"categories":[29],"tags":[1927,2308,2234,139,105,2247,638],"_links":{"self":[{"href":"https:\/\/uit-ci.org\/index.php\/wp-json\/wp\/v2\/posts\/21333"}],"collection":[{"href":"https:\/\/uit-ci.org\/index.php\/wp-json\/wp\/v2\/posts"}],"about":[{"href":"https:\/\/uit-ci.org\/index.php\/wp-json\/wp\/v2\/types\/post"}],"author":[{"embeddable":true,"href":"https:\/\/uit-ci.org\/index.php\/wp-json\/wp\/v2\/users\/2"}],"replies":[{"embeddable":true,"href":"https:\/\/uit-ci.org\/index.php\/wp-json\/wp\/v2\/comments?post=21333"}],"version-history":[{"count":1,"href":"https:\/\/uit-ci.org\/index.php\/wp-json\/wp\/v2\/posts\/21333\/revisions"}],"predecessor-version":[{"id":21340,"href":"https:\/\/uit-ci.org\/index.php\/wp-json\/wp\/v2\/posts\/21333\/revisions\/21340"}],"wp:featuredmedia":[{"embeddable":true,"href":"https:\/\/uit-ci.org\/index.php\/wp-json\/wp\/v2\/media\/21334"}],"wp:attachment":[{"href":"https:\/\/uit-ci.org\/index.php\/wp-json\/wp\/v2\/media?parent=21333"}],"wp:term":[{"taxonomy":"category","embeddable":true,"href":"https:\/\/uit-ci.org\/index.php\/wp-json\/wp\/v2\/categories?post=21333"},{"taxonomy":"post_tag","embeddable":true,"href":"https:\/\/uit-ci.org\/index.php\/wp-json\/wp\/v2\/tags?post=21333"}],"curies":[{"name":"wp","href":"https:\/\/api.w.org\/{rel}","templated":true}]}}