{"id":21508,"date":"2025-04-16T22:23:36","date_gmt":"2025-04-16T22:23:36","guid":{"rendered":"http:\/\/uit-ci.org\/?p=21508"},"modified":"2025-04-22T14:57:34","modified_gmt":"2025-04-22T14:57:34","slug":"turquia-movilizacion-logra-la-libertad-de-enes-karakas-y-otros-detenidos","status":"publish","type":"post","link":"https:\/\/uit-ci.org\/index.php\/2025\/04\/16\/turquia-movilizacion-logra-la-libertad-de-enes-karakas-y-otros-detenidos\/","title":{"rendered":"Turqu\u00eda: La movilizaci\u00f3n logra la libertad de Enes Karaka\u015f y otros detenidos"},"content":{"rendered":"<p><span style=\"font-weight: 400;\">Por <strong>Unidad Internacional de Trabajadoras y Trabajadores &#8211; Cuarta Internacional<\/strong><\/span><\/p>\n<p>16\/4\/2025. Enes Karaka\u015f, nuestro compa\u00f1ero miembro del Partido de la Democracia Obrera de Turqu\u00eda (IDP), secci\u00f3n de la UIT-CI, y estudiante de la Universidad Bo\u011fazi\u00e7 ha sido liberado el mi\u00e9rcoles 16 de abril. Luego de 20 d\u00edas de estar detenido en las c\u00e1rceles de Erdogan, la movilizaci\u00f3n que exige la libertad de todas y todos los detenidos ha dado sus primeros frutos con la liberaci\u00f3n de Enes y otras personas detenidas.<\/p>\n<p><span style=\"font-weight: 400;\">El Gobierno autoritario de Erdogan y su justicia al servicio de los represores ha encarcelado y perseguido a cientos de personas durante las grandes movilizaciones que rechazaban el encarcelamiento de dirigentes opositores, la brutal represi\u00f3n policial y la intervenci\u00f3n pol\u00edtica de municipios y universidades.<\/span><\/p>\n<p><span style=\"font-weight: 400;\">En las puertas de la c\u00e1rcel, a minutos de recuperar su libertad y rodeado de sus compa\u00f1eras y compa\u00f1eros de lucha, Enes manifest\u00f3: <\/span><i><span style=\"font-weight: 400;\">\u201c\u00a1Hola a todas y todos! Hoy ha terminado mi encarcelamiento debido a la lucha por los derechos democr\u00e1ticos en Turqu\u00eda. Fuimos arrestados 308 estudiantes por participar en esta lucha. Muchos de nuestras compa\u00f1eras y compa\u00f1eros ya hab\u00edan sido liberados. Hoy me han liberado a m\u00ed tambi\u00e9n. A\u00fan hay compa\u00f1eros detenidos. Exigimos su liberaci\u00f3n inmediata. Jam\u00e1s renunciaremos a esta lucha. He salido en libertad y continuar\u00e9 la lucha desde donde la dej\u00e9. \u00a1No permitiremos el r\u00e9gimen represivo que busca intervenir desde las universidades hasta los municipios!\u201d<\/span><\/i><\/p>\n<p><span style=\"font-weight: 400;\">Desde la Unidad Internacional de trabajadoras y Trabajadores \u2013 Cuarta Internacional (UIT-CI) saludamos a las y los dirigentes, personalidades y compa\u00f1eras y compa\u00f1eros que fueron parte activa de la campa\u00f1a internacional que realizamos exigiendo su libertad. \u00a1Seguiremos movilizados hasta conquistar la libertad a todas y todos los detenidos! \u00a1Viva la lucha de los trabajadores, la juventud y el pueblo de Turqu\u00eda contra la represi\u00f3n de Erogan!<\/span><\/p>\n","protected":false},"excerpt":{"rendered":"<p>Por Unidad Internacional de Trabajadoras y Trabajadores &#8211; Cuarta Internacional 16\/4\/2025. Enes Karaka\u015f, nuestro compa\u00f1ero miembro del Partido de la Democracia Obrera de Turqu\u00eda (IDP), secci\u00f3n de la UIT-CI, y estudiante de la Universidad Bo\u011fazi\u00e7 ha sido liberado el mi\u00e9rcoles 16 de abril. Luego de 20 d\u00edas de estar detenido en las c\u00e1rceles de Erdogan, [&hellip;]<\/p>\n","protected":false},"author":2,"featured_media":21510,"comment_status":"closed","ping_status":"closed","sticky":false,"template":"","format":"standard","meta":[],"categories":[60,48],"tags":[2365,2363,2364,93,1863,386,496,208,843,150,97],"_links":{"self":[{"href":"https:\/\/uit-ci.org\/index.php\/wp-json\/wp\/v2\/posts\/21508"}],"collection":[{"href":"https:\/\/uit-ci.org\/index.php\/wp-json\/wp\/v2\/posts"}],"about":[{"href":"https:\/\/uit-ci.org\/index.php\/wp-json\/wp\/v2\/types\/post"}],"author":[{"embeddable":true,"href":"https:\/\/uit-ci.org\/index.php\/wp-json\/wp\/v2\/users\/2"}],"replies":[{"embeddable":true,"href":"https:\/\/uit-ci.org\/index.php\/wp-json\/wp\/v2\/comments?post=21508"}],"version-history":[{"count":2,"href":"https:\/\/uit-ci.org\/index.php\/wp-json\/wp\/v2\/posts\/21508\/revisions"}],"predecessor-version":[{"id":21517,"href":"https:\/\/uit-ci.org\/index.php\/wp-json\/wp\/v2\/posts\/21508\/revisions\/21517"}],"wp:featuredmedia":[{"embeddable":true,"href":"https:\/\/uit-ci.org\/index.php\/wp-json\/wp\/v2\/media\/21510"}],"wp:attachment":[{"href":"https:\/\/uit-ci.org\/index.php\/wp-json\/wp\/v2\/media?parent=21508"}],"wp:term":[{"taxonomy":"category","embeddable":true,"href":"https:\/\/uit-ci.org\/index.php\/wp-json\/wp\/v2\/categories?post=21508"},{"taxonomy":"post_tag","embeddable":true,"href":"https:\/\/uit-ci.org\/index.php\/wp-json\/wp\/v2\/tags?post=21508"}],"curies":[{"name":"wp","href":"https:\/\/api.w.org\/{rel}","templated":true}]}}