{"id":21988,"date":"2025-05-27T17:24:45","date_gmt":"2025-05-27T17:24:45","guid":{"rendered":"http:\/\/uit-ci.org\/?p=21988"},"modified":"2025-05-27T17:24:45","modified_gmt":"2025-05-27T17:24:45","slug":"halte-a-la-famine-et-au-genocide-a-gaza","status":"publish","type":"post","link":"https:\/\/uit-ci.org\/index.php\/2025\/05\/27\/halte-a-la-famine-et-au-genocide-a-gaza\/?lang=fr","title":{"rendered":"Halte \u00e0 la famine et au g\u00e9nocide \u00e0 Gaza!"},"content":{"rendered":"<p><span style=\"font-weight: 400;\">Depuis pr\u00e8s de trois mois, le gouvernement d&#8217;extr\u00eame droite de Netanyahu impose un blocus criminel \u00e0 la Bande de Gaza, emp\u00eachant l&#8217;entr\u00e9e de nourriture, d&#8217;eau, de m\u00e9dicaments et de carburant, et restreignant l&#8217;acc\u00e8s \u00e0 l&#8217;\u00e9lectricit\u00e9.<\/span><\/p>\n<p><span style=\"font-weight: 400;\">Il cherche \u00e0 affamer la population gazaouie afin de l&#8217;expulser de l&#8217;enclave et de contraindre la r\u00e9sistance palestinienne \u00e0 se rendre, achevant ainsi le nettoyage ethnique initi\u00e9 par Isra\u00ebl en 1947 et aujourd&#8217;hui soutenu par Trump.<\/span><\/p>\n<p><span style=\"font-weight: 400;\">La situation humanitaire \u00e0 Gaza est alarmante. Le risque de famine s&#8217;accro\u00eet. Les chiffres sont effrayants : selon l&#8217;ONU, 14 000 b\u00e9b\u00e9s risqueraient de mourir s&#8217;ils ne re\u00e7oivent pas la nourriture n\u00e9cessaire dans les prochaines heures. Selon les rapports de cette m\u00eame organisation, un demi-million de personnes (20 % de la population) risqueraient de mourir de faim. De son c\u00f4t\u00e9, l&#8217;Organisation mondiale de la Sant\u00e9 a indiqu\u00e9 que 57 enfants sont morts de malnutrition depuis le d\u00e9but du blocus isra\u00e9lien de Gaza en mars.<\/span><\/p>\n<p><b>Netanyahu et le nettoyage ethnique<\/b><\/p>\n<p><span style=\"font-weight: 400;\">En mars, le r\u00e9gime sioniste d&#8217;Isra\u00ebl a rompu la tr\u00eave et repris les bombardements, dans le cadre d&#8217;une nouvelle offensive lanc\u00e9e le 18 mai et baptis\u00e9e \u00ab Op\u00e9ration Chars de G\u00e9d\u00e9on \u00bb.<\/span><\/p>\n<p><span style=\"font-weight: 400;\">Le criminel Netanyahu a d\u00e9clar\u00e9 que cette nouvelle offensive visait \u00e0 prendre le contr\u00f4le de la Bande de Gaza et qu&#8217;ils ne se retireraient pas. Face <\/span><span style=\"font-weight: 400;\">\u00e0<\/span><span style=\"font-weight: 400;\"> une commission du Parlement sioniste, il a d\u00e9clar\u00e9 : \u00ab <\/span><i><span style=\"font-weight: 400;\">Nous d\u00e9truisons de plus en plus de maisons, et les Gazaouis n&#8217;ont nulle part o\u00f9 retourner. Le seul r\u00e9sultat in\u00e9vitable sera leur d\u00e9sir d&#8217;\u00e9migrer hors de la Bande de Gaza<\/span><\/i><span style=\"font-weight: 400;\">. \u00bb<\/span><\/p>\n<p><span style=\"font-weight: 400;\">Dans une d\u00e9claration ult\u00e9rieure, le 13 mai dernier, annon\u00e7ant le lancement de l&#8217;op\u00e9ration militaire, il a d\u00e9clar\u00e9 : \u00ab <\/span><i><span style=\"font-weight: 400;\">Nous avons mis en place une administration qui leur permettra de partir, mais le probl\u00e8me de notre c\u00f4t\u00e9 se r\u00e9sume \u00e0 une seule chose : nous avons besoin de pays pr\u00eats \u00e0 les accueillir. C&#8217;est ce \u00e0 quoi nous travaillons actuellement\u2026 Si nous leur procurons la possibilit\u00e9 de partir, plus de 50 % partiront, et je pense m\u00eame que beaucoup plus. Mais le Hamas ne sera plus l\u00e0<\/span><\/i><span style=\"font-weight: 400;\">. \u00bb<\/span><\/p>\n<p><span style=\"font-weight: 400;\">L&#8217;objectif est clair : prendre le contr\u00f4le total de Gaza, expulser le peuple palestinien de ses terres et de ses foyers et transformer la Bande de Gaza en lieu de vill\u00e9giature, comme l&#8217;a annonc\u00e9 Trump.<\/span><\/p>\n<p><b>La pression internationale oblige Isra\u00ebl \u00e0 autoriser un minimum d&#8217;aide humanitaire.<\/b><\/p>\n<p><span style=\"font-weight: 400;\">Apr\u00e8s avoir pouss\u00e9 le peuple palestinien de Gaza au bord de la famine, Netanyahu a d\u00fb autoriser l&#8217;entr\u00e9e d&#8217;une fraction minime de l&#8217;aide humanitaire. Entre le lundi 19 et le vendredi 23 mai, environ 385 camions transportant des denr\u00e9es alimentaires, des m\u00e9dicaments et d&#8217;autres biens sont entr\u00e9s dans la Bande de Gaza. Beaucoup d&#8217;entre eux ont mis du temps \u00e0 parvenir effectivement aux habitants de Gaza. Ces quantit\u00e9s restent insuffisantes alors que, pendant la tr\u00eave, jusqu&#8217;\u00e0 600 camions d&#8217;aide humanitaire entraient chaque jour et que des centaines d&#8217;autres attendent actuellement \u00e0 la fronti\u00e8re.<\/span><\/p>\n<p><span style=\"font-weight: 400;\">Ce revirement du gouvernement isra\u00e9lien n&#8217;est pas motiv\u00e9 par des raisons humanitaires. Il s&#8217;agit d&#8217;une d\u00e9cision calcul\u00e9e et froide, d\u00e9termin\u00e9e par la pression exerc\u00e9e par diff\u00e9rents gouvernements, comme l&#8217;a cyniquement reconnu Netanyahu lui-m\u00eame : \u00ab <\/span><i><span style=\"font-weight: 400;\">Nos meilleurs amis dans le monde, des s\u00e9nateurs que je sais favorables \u00e0 Isra\u00ebl, viennent me voir et me disent : nous vous donnerons toute l&#8217;aide dont vous avez besoin pour une victoire totale. Des armes, un soutien pour \u00e9liminer le Hamas, un soutien au Conseil de s\u00e9curit\u00e9 (de l&#8217;ONU), mais nous ne pouvons pas continuer \u00e0 recevoir des images de famine \u00e0 Gaza<\/span><\/i><span style=\"font-weight: 400;\"> \u00bb.<\/span><\/p>\n<p><span style=\"font-weight: 400;\">Avec la brutalit\u00e9 qui le caract\u00e9rise, le ministre d&#8217;extr\u00eame droite des Finances, Bezalel Smotrich, a d\u00e9clar\u00e9 : \u00ab <\/span><i><span style=\"font-weight: 400;\">Pr\u00e9f\u00e9rez-vous n\u2019envoyer ne serait-ce qu&#8217;un seul grain de nourriture \u00e0 Gaza, m\u00eame aux civils <\/span><\/i><span style=\"font-weight: 400;\">?\u00a0 <\/span><i><span style=\"font-weight: 400;\">Peut-\u00eatre<\/span><\/i><span style=\"font-weight: 400;\"> \u00bb. Il a ensuite ajout\u00e9 : \u00ab <\/span><i><span style=\"font-weight: 400;\">Je comprends profond\u00e9ment la col\u00e8re et la douleur que nous ressentons tous. La v\u00e9rit\u00e9, c&#8217;est que tant que tous les otages n&#8217;auront pas \u00e9t\u00e9 lib\u00e9r\u00e9s, nous ne devrions m\u00eame pas envoyer d&#8217;eau. Mais si nous agissons ainsi, le monde nous obligera \u00e0 arr\u00eater imm\u00e9diatement la guerre et nous perdrons. <\/span><\/i><span style=\"font-weight: 400;\">\u00bb<\/span><\/p>\n<p><b>La pression des gouvernements sur Isra\u00ebl est d\u00e9termin\u00e9e par la mobilisation.<\/b><\/p>\n<p><span style=\"font-weight: 400;\">Les nombreuses voix d&#8217;organisations internationales d\u00e9non\u00e7ant une catastrophe humanitaire imminente ont donn\u00e9 un nouvel \u00e9lan aux mobilisations \u00e0 travers le monde, en particulier en Europe. Cette situation a co\u00efncid\u00e9 avec le 77\u1d49 anniversaire de la Nakba, lorsque des milliers de personnes se sont mobilis\u00e9es dans le monde entier pour protester contre leurs gouvernements et soutenir la lutte du peuple palestinien. \u00c0 Madrid, le 10 mai, plus de 80 000 personnes sont descendues dans les rues pour exiger la rupture des relations et l&#8217;arr\u00eat de la vente d&#8217;armes \u00e0 Isra\u00ebl ; \u00e0 La Haye, aux Pays-Bas, le 18 mai dernier, 100 000 personnes ont d\u00e9fil\u00e9 pour exiger du gouvernement qu&#8217;il mette fin \u00e0 son soutien \u00e0 Isra\u00ebl ; \u00e0 Londres, pr\u00e8s d&#8217;un demi-million de personnes se sont mobilis\u00e9es le 17 mai dernier.<\/span><\/p>\n<p><span style=\"font-weight: 400;\">Le 19 mai, la France, le Canada et le Royaume-Uni ont rejet\u00e9, dans un communiqu\u00e9, la nouvelle offensive militaire sioniste, appel\u00e9 \u00e0 un cessez-le-feu et, hypocritement, apr\u00e8s avoir soutenu Isra\u00ebl pendant des mois, d\u00e9clar\u00e9 que \u00ab <\/span><i><span style=\"font-weight: 400;\">le niveau de souffrance humaine \u00e0 Gaza est intol\u00e9rable<\/span><\/i><span style=\"font-weight: 400;\"> \u00bb. Dans ce communiqu\u00e9 conjoint, ils ont d\u00e9clar\u00e9 : \u00ab <\/span><i><span style=\"font-weight: 400;\">Si Isra\u00ebl ne met pas fin \u00e0 sa nouvelle offensive militaire et ne l\u00e8ve pas les restrictions \u00e0 l&#8217;aide humanitaire, nous prendrons des mesures concr\u00e8tes suppl\u00e9mentaires en r\u00e9ponse <\/span><\/i><span style=\"font-weight: 400;\">\u00bb. Par la suite, le gouvernement britannique a suspendu les n\u00e9gociations qu&#8217;il menait avec Isra\u00ebl en vue d&#8217;un accord de libre-\u00e9change. Dix-huit autres pays ont exig\u00e9 la reprise imm\u00e9diate et compl\u00e8te de l&#8217;aide dans la Bande de Gaza.<\/span><\/p>\n<p><span style=\"font-weight: 400;\">Les gouvernements capitalistes europ\u00e9ens et d&#8217;autres r\u00e9gions ne remettent pas en cause Isra\u00ebl pour des raisons humanitaires, mais le font sous la forte pression du mouvement de masse, qui pourrait \u00e9ventuellement entra<\/span><span style=\"font-weight: 400;\">\u00ee<\/span><span style=\"font-weight: 400;\">ner une crise au sein de leurs r\u00e9gimes.<\/span><\/p>\n<p><b>La crise politique se poursuit en Isra\u00ebl.<\/b><\/p>\n<p><span style=\"font-weight: 400;\">Pendant ce temps, les manifestations se poursuivent quotidiennement en Isra\u00ebl pour exiger la fin de la guerre et le retour des otages d\u00e9tenus par la r\u00e9sistance palestinienne. Ces mobilisations sont le fond d&#8217;une crise politique qui ne cesse de s&#8217;aggraver.<\/span><\/p>\n<p><span style=\"font-weight: 400;\">Ce n&#8217;est pas un hasard si l&#8217;ancien Premier ministre Ehud Olmert a d\u00e9clar\u00e9, le 4 avril dernier, qu&#8217;Isra\u00ebl traversait \u00ab <\/span><i><span style=\"font-weight: 400;\">la crise la plus grave de son histoire<\/span><\/i><span style=\"font-weight: 400;\"> \u00bb. Il a ensuite affirm\u00e9, le 21 mai dernier : \u00ab <\/span><i><span style=\"font-weight: 400;\">Ce qu&#8217;Isra\u00ebl fait actuellement \u00e0 Gaza est tr\u00e8s proche d&#8217;un crime de guerre<\/span><\/i><span style=\"font-weight: 400;\"> \u00bb.<\/span><\/p>\n<p><span style=\"font-weight: 400;\">Presque simultan\u00e9ment aux propos d&#8217;Olmert, le militaire \u00e0 la retraite, d\u00e9put\u00e9 et leader du parti Les D\u00e9mocrates, Yair Golan, a fait des d\u00e9clarations qui ont provoqu\u00e9 un vif \u00e9moi en Isra\u00ebl. Il a assur\u00e9 qu&#8217;\u00ab <\/span><i><span style=\"font-weight: 400;\">un pays sens\u00e9 ne m\u00e8ne pas de combats contre des civils, ne tue pas de b\u00e9b\u00e9s pour s&#8217;amuser et ne se fixe pas pour objectif d&#8217;expulser une population <\/span><\/i><span style=\"font-weight: 400;\">\u00bb. Il a ajout\u00e9 qu&#8217;\u00ab <\/span><i><span style=\"font-weight: 400;\">Isra\u00ebl est en passe de devenir un \u00c9tat paria, \u00e0 l&#8217;image de l&#8217;Afrique du Sud durant l&#8217;apartheid<\/span><\/i><span style=\"font-weight: 400;\"> \u00bb.<\/span><\/p>\n<p><span style=\"font-weight: 400;\">Olmert, Golan et d&#8217;autres dirigeants critiques du gouvernement Netanyahu sont tout aussi sionistes et anti-palestiniens que Netanyahu lui-m\u00eame. Cependant, la mobilisation mondiale contre le g\u00e9nocide, les marches continues et les expressions de rejet du gouvernement en Isra\u00ebl provoquent une crise politique majeure au sein du sionisme, mettant en \u00e9vidence les contradictions et les divergences politiques. Golan, Olmert, Benny Gantz et d&#8217;autres pr\u00f4nent la solution \u00e0 deux \u00c9tats, qui a \u00e9chou\u00e9, et diff\u00e8rent de Netanyahu et de ses ministres d&#8217;extr\u00eame droite dans le rythme et les formes de la lutte contre la r\u00e9sistance palestinienne.<\/span><\/p>\n<p><b>Il faut approfondir la mobilisation mondiale en soutien \u00e0 la r\u00e9sistance palestinienne.<\/b><\/p>\n<p><span style=\"font-weight: 400;\">Depuis l&#8217;UIT-QI, nous affirmons qu&#8217;il faut continuer \u00e0 se mobiliser partout dans le monde pour soutenir le peuple palestinien et la r\u00e9sistance afin de vaincre la tentative d&#8217;\u00e9puration ethnique et d&#8217;occupation de Gaza.<\/span><\/p>\n<p><span style=\"font-weight: 400;\">Le 15 juin est pr\u00e9vue la \u00ab Marche vers Gaza \u00bb, promue par des organisations de plus de 20 pays. Il s&#8217;agira d&#8217;une marche vers le passage de Rafah, \u00e0 la fronti\u00e8re entre l&#8217;\u00c9gypte et Gaza, pour r\u00e9clamer la lev\u00e9e du blocus et l&#8217;ouverture de la fronti\u00e8re, afin que l&#8217;aide humanitaire et toute expression de soutien au peuple palestinien puissent librement entrer.<\/span><\/p>\n<p><span style=\"font-weight: 400;\">L&#8217;UIT-QI se joint \u00e0 l&#8217;appel \u00e0 cette mobilisation et nous appelons \u00e0 mener des actions unitaires dans le monde entier pour soutenir cette journ\u00e9e. \u00c0 cet \u00e9gard, nous sommes en faveur de l&#8217;ouverture imm\u00e9diate des points de passage afin de garantir l&#8217;entr\u00e9e de nourriture, de m\u00e9dicaments, de carburant et d&#8217;eau, ainsi que le r\u00e9tablissement de l&#8217;\u00e9lectricit\u00e9.<\/span><\/p>\n<p><span style=\"font-weight: 400;\">Depuis l&#8217;UIT-QI, nous exigeons de tous les gouvernements du monde, et en particulier des r\u00e9gimes arabes et du Moyen-Orient, qui font tr\u00e8s peu pour les Palestiniens, qu&#8217;ils rompent leurs relations politiques, diplomatiques, commerciales, culturelles et universitaires avec Isra\u00ebl. Les gouvernements arabes doivent soutenir la r\u00e9sistance palestinienne \u00e0 Gaza et en Cisjordanie et fournir des armes et des ressources \u00e0 cette fin.<\/span><\/p>\n<p><span style=\"font-weight: 400;\">Nous sommes pour un cessez-le-feu imm\u00e9diat et le retrait de toutes les troupes isra\u00e9liennes de Gaza, de Cisjordanie, de Syrie et du Liban. Nous rejetons le nettoyage ethnique promu par Trump et Netanyahu, ainsi que les bombardements men\u00e9s par les \u00c9tats-Unis et Isra\u00ebl contre le Y\u00e9men. Nous rejetons le plan d&#8217;Isra\u00ebl et de Trump visant \u00e0 militariser et \u00e0 privatiser l&#8217;acheminement de l&#8217;aide humanitaire.<\/span><\/p>\n<p><span style=\"font-weight: 400;\">Nous condamnons la d\u00e9tention ill\u00e9gale et la menace d&#8217;expulsion des militants qui d\u00e9fendent la libert\u00e9 de la Palestine, comme cela s&#8217;est produit aux \u00c9tats-Unis et en Allemagne. Nous nous battons pour une Palestine unique, la\u00efque, d\u00e9mocratique et non raciste. Palestine libre, du fleuve \u00e0 la mer !<\/span><\/p>\n<p>&nbsp;<\/p>\n<p><span style=\"font-weight: 400;\">24 mai 2025<\/span><\/p>\n<p><span style=\"font-weight: 400;\">Miguel \u00c1ngel Hern\u00e1ndez,<\/span><\/p>\n<p><span style=\"font-weight: 400;\">Membre des directions du Parti Socialisme et Libert\u00e9 du Venezuela (PSL) et de l&#8217;Unit\u00e9 Internationale des Travailleuses et des Travailleurs \u2013 Quatri\u00e8me Internationale (UIT-QI).<\/span><\/p>\n","protected":false},"excerpt":{"rendered":"<p>Depuis pr\u00e8s de trois mois, le gouvernement d&#8217;extr\u00eame droite de Netanyahu impose un blocus criminel \u00e0 la Bande de Gaza, emp\u00eachant l&#8217;entr\u00e9e de nourriture, d&#8217;eau, de m\u00e9dicaments et de carburant, et restreignant l&#8217;acc\u00e8s \u00e0 l&#8217;\u00e9lectricit\u00e9. Il cherche \u00e0 affamer la population gazaouie afin de l&#8217;expulser de l&#8217;enclave et de contraindre la r\u00e9sistance palestinienne \u00e0 se [&hellip;]<\/p>\n","protected":false},"author":2,"featured_media":21965,"comment_status":"closed","ping_status":"closed","sticky":false,"template":"","format":"standard","meta":[],"categories":[308],"tags":[],"_links":{"self":[{"href":"https:\/\/uit-ci.org\/index.php\/wp-json\/wp\/v2\/posts\/21988"}],"collection":[{"href":"https:\/\/uit-ci.org\/index.php\/wp-json\/wp\/v2\/posts"}],"about":[{"href":"https:\/\/uit-ci.org\/index.php\/wp-json\/wp\/v2\/types\/post"}],"author":[{"embeddable":true,"href":"https:\/\/uit-ci.org\/index.php\/wp-json\/wp\/v2\/users\/2"}],"replies":[{"embeddable":true,"href":"https:\/\/uit-ci.org\/index.php\/wp-json\/wp\/v2\/comments?post=21988"}],"version-history":[{"count":1,"href":"https:\/\/uit-ci.org\/index.php\/wp-json\/wp\/v2\/posts\/21988\/revisions"}],"predecessor-version":[{"id":21989,"href":"https:\/\/uit-ci.org\/index.php\/wp-json\/wp\/v2\/posts\/21988\/revisions\/21989"}],"wp:featuredmedia":[{"embeddable":true,"href":"https:\/\/uit-ci.org\/index.php\/wp-json\/wp\/v2\/media\/21965"}],"wp:attachment":[{"href":"https:\/\/uit-ci.org\/index.php\/wp-json\/wp\/v2\/media?parent=21988"}],"wp:term":[{"taxonomy":"category","embeddable":true,"href":"https:\/\/uit-ci.org\/index.php\/wp-json\/wp\/v2\/categories?post=21988"},{"taxonomy":"post_tag","embeddable":true,"href":"https:\/\/uit-ci.org\/index.php\/wp-json\/wp\/v2\/tags?post=21988"}],"curies":[{"name":"wp","href":"https:\/\/api.w.org\/{rel}","templated":true}]}}