{"id":23,"date":"2012-04-20T15:22:01","date_gmt":"2012-04-20T15:22:01","guid":{"rendered":"http:\/\/uit-ci.org\/index.php\/2012\/04\/20\/izquierda-socialista-seccion-oficial-de-la-uit-ci\/"},"modified":"2012-04-20T15:22:01","modified_gmt":"2012-04-20T15:22:01","slug":"izquierda-socialista-seccion-oficial-de-la-uit-ci","status":"publish","type":"post","link":"https:\/\/uit-ci.org\/index.php\/2012\/04\/20\/izquierda-socialista-seccion-oficial-de-la-uit-ci\/","title":{"rendered":"Izquierda Socialista"},"content":{"rendered":"<table style=\"width: 451px; height: 25px;\">\n<tbody>\n<tr>\n<td>\n<p><strong><span style=\"font-size: small;\">Contactos:<\/span><\/strong><\/p>\n<p><span style=\"font-size: 10pt;\"><span style=\"font-family: arial, helvetica, sans-serif;\"><strong><span style=\"color: #000000;\">En Facebook<\/span><\/strong>:<\/span><\/span><span style=\"font-family: arial, helvetica, sans-serif; font-size: 10pt;\"><a href=\"https:\/\/www.facebook.com\/IzquierdaSocialistaArg\" style=\"font-size: 12pt;\"><\/a><a href=\"https:\/\/www.facebook.com\/IzquierdaSocialistaArg\"><\/a><a href=\"https:\/\/www.facebook.com\/IzquierdaSocialistaArg\">https:\/\/www.facebook.com\/IzquierdaSocialistaArg<\/a><\/span><\/p>\n<p><span style=\"font-family: arial, helvetica, sans-serif; font-size: 10pt;\"><strong><span style=\"color: #000000;\">Direcci\u00f3n:<\/span><\/strong> Mexico 1230 (C\u00f3digo Postal C1086AAS) Ciudad Aut\u00f3noma de Buenos Aires, Argentina.<span style=\"font-family: arial, helvetica, sans-serif; font-size: 10pt;\">Tel.:(+54)1-4381-4240<\/span><\/span><\/p>\n<p><span style=\"font-family: arial, helvetica, sans-serif; font-size: 10pt;\"><strong>E-mail:<\/strong><a href=\"mailto:opinaellector@izquierdasocialista.org.ar-\">opinaellector@izquierdasocialista.org.ar<\/a>.<a href=\"mailto:opinaellector@izquierdasocialista.org.ar-\"><\/a><\/span><\/p>\n<p><span style=\"font-family: arial, helvetica, sans-serif; font-size: 10pt;\"><span style=\"font-family: arial, helvetica, sans-serif; font-size: 13.3333px;\"><strong>Conozca nuestro sitio web<\/strong>:<\/span><a href=\"http:\/\/www.izquierdasocialista.org.ar\" style=\"font-family: arial, helvetica, sans-serif; font-size: 13.3333px;\">www.izquierdasocialista.org.ar<\/a>.<\/span><\/p>\n<\/td>\n<\/tr>\n<\/tbody>\n<\/table>\n<p style=\"text-align: left;\"><span style=\"font-family: arial, helvetica, sans-serif; font-size: 10pt;\"><span style=\"font-size: 10pt;\">Acceda a nuestro peri\u00f3dico, <a href=\"http:\/\/izquierdasocialista.org.ar\/index.php\/periodico-el-socialista\/ultimo-numero\" target=\"_blank\" rel=\"noopener\">El Socialista<\/a><\/span><\/span><\/p>\n<p><a href=\"http:\/\/izquierdasocialista.org.ar\/index.php\/periodico-el-socialista\/ultimo-numero\" title=\"El Socialista\" target=\"_blank\" rel=\"noopener\"><img loading=\"lazy\" class=\" alignleft size-full wp-image-20\" src=\"http:\/\/uit-ci.org\/wp-content\/uploads\/2012\/04\/El_socialista.jpg\" width=\"400\" height=\"304\" alt=\"El socialista\" style=\"margin-right: 15px; float: left;\" srcset=\"https:\/\/uit-ci.org\/wp-content\/uploads\/2012\/04\/El_socialista.jpg 522w, https:\/\/uit-ci.org\/wp-content\/uploads\/2012\/04\/El_socialista-300x228.jpg 300w\" sizes=\"(max-width: 400px) 100vw, 400px\" \/><\/a><\/p>\n<p style=\"text-align: left;\"><span style=\"font-family: arial, helvetica, sans-serif; font-size: 10pt;\"><a href=\"http:\/\/www.izquierdasocialista.org.a\"><\/a><\/span><img loading=\"lazy\" class=\" size-full wp-image-21\" style=\"vertical-align: middle;\" src=\"http:\/\/uit-ci.org\/wp-content\/uploads\/2012\/04\/IS.jpg\" alt=\"IS\" width=\"400\" height=\"195\" srcset=\"https:\/\/uit-ci.org\/wp-content\/uploads\/2012\/04\/IS.jpg 400w, https:\/\/uit-ci.org\/wp-content\/uploads\/2012\/04\/IS-300x146.jpg 300w\" sizes=\"(max-width: 400px) 100vw, 400px\" \/><\/p>\n","protected":false},"excerpt":{"rendered":"<p>Contactos: En Facebook:https:\/\/www.facebook.com\/IzquierdaSocialistaArg Direcci\u00f3n: Mexico 1230 (C\u00f3digo Postal C1086AAS) Ciudad Aut\u00f3noma de Buenos Aires, Argentina.Tel.:(+54)1-4381-4240 E-mail:opinaellector@izquierdasocialista.org.ar. Conozca nuestro sitio web:www.izquierdasocialista.org.ar. Acceda a nuestro peri\u00f3dico, El Socialista<\/p>\n","protected":false},"author":1,"featured_media":20,"comment_status":"open","ping_status":"open","sticky":false,"template":"","format":"standard","meta":[],"categories":[23],"tags":[],"_links":{"self":[{"href":"https:\/\/uit-ci.org\/index.php\/wp-json\/wp\/v2\/posts\/23"}],"collection":[{"href":"https:\/\/uit-ci.org\/index.php\/wp-json\/wp\/v2\/posts"}],"about":[{"href":"https:\/\/uit-ci.org\/index.php\/wp-json\/wp\/v2\/types\/post"}],"author":[{"embeddable":true,"href":"https:\/\/uit-ci.org\/index.php\/wp-json\/wp\/v2\/users\/1"}],"replies":[{"embeddable":true,"href":"https:\/\/uit-ci.org\/index.php\/wp-json\/wp\/v2\/comments?post=23"}],"version-history":[{"count":0,"href":"https:\/\/uit-ci.org\/index.php\/wp-json\/wp\/v2\/posts\/23\/revisions"}],"wp:featuredmedia":[{"embeddable":true,"href":"https:\/\/uit-ci.org\/index.php\/wp-json\/wp\/v2\/media\/20"}],"wp:attachment":[{"href":"https:\/\/uit-ci.org\/index.php\/wp-json\/wp\/v2\/media?parent=23"}],"wp:term":[{"taxonomy":"category","embeddable":true,"href":"https:\/\/uit-ci.org\/index.php\/wp-json\/wp\/v2\/categories?post=23"},{"taxonomy":"post_tag","embeddable":true,"href":"https:\/\/uit-ci.org\/index.php\/wp-json\/wp\/v2\/tags?post=23"}],"curies":[{"name":"wp","href":"https:\/\/api.w.org\/{rel}","templated":true}]}}