{"id":23580,"date":"2025-08-07T18:15:35","date_gmt":"2025-08-07T18:15:35","guid":{"rendered":"http:\/\/uit-ci.org\/?p=23580"},"modified":"2025-08-07T18:18:37","modified_gmt":"2025-08-07T18:18:37","slug":"vortrag-ueber-die-extreme-rechte-in-argentinien-in-der-stadt-bremen","status":"publish","type":"post","link":"https:\/\/uit-ci.org\/index.php\/2025\/08\/07\/vortrag-ueber-die-extreme-rechte-in-argentinien-in-der-stadt-bremen\/?lang=de","title":{"rendered":"Vortrag \u00fcber die extreme Rechte in Argentinien in der Stadt Bremen"},"content":{"rendered":"<p><i><span style=\"font-weight: 400;\">Wir geben den Vortrag von Miguel Sorans*, Vorsitzender der Partei Izquierda Socialista (Sozialistische Linke) aus Argentinien, wieder, der am 23. April 2025 im Rosa-Luxemburg-Haus in Bremen gehalten wurde. Das Thema lautete \u201cDie extreme Rechte und die Regierung von Javier Milei in Argentinien\u201d.<\/span><\/i><\/p>\n<p>&nbsp;<\/p>\n<p><span style=\"font-weight: 400;\">Zun\u00e4chst m\u00f6chte ich mich bei Norbert Schepers und der Rosa-Luxemburg-Stiftung f\u00fcr die Einladung bedanken, dieses Gespr\u00e4ch \u00fcber die Situation in Argentinien zu f\u00fchren.\u00a0<\/span><\/p>\n<p><span style=\"font-weight: 400;\">Wie Sie wissen, sind wir in Argentinien unter der rechtsextremen Regierung von Javier Milei. Eine arbeiterfeindliche, staatsfeindliche, frauenfeindliche und rassistische Regierung. Das ist die schlechte Nachricht. Die gute Nachricht ist, dass wir uns ihr entgegenstellen.\u00a0 Erst am 10. April gab es einen erfolgreichen 24-st\u00fcndigen Generalstreik gegen den so genannten Kettens\u00e4genplan, der K\u00fcrzungen in den Bereichen Sozialversicherung, Renten, Gesundheit und Bildung vorsieht<\/span><\/p>\n<p><span style=\"font-weight: 400;\">Ich nenne Ihnen das Beispiel der Rentner und Pension\u00e4re, damit Sie eine Vorstellung davon bekommen, wie weit Milei mit seinen Angriffen geht. Die Rentner in Argentinien, wie auch im Rest der Welt, geh\u00f6ren zu den am st\u00e4rksten Betroffenen. Milei treibt es auf ein unhaltbares Ma\u00df. Der Familien- oder Grundverbrauchskorb f\u00fcr eine Person wird mit 1.200.000 argentinischen Pesos pro Monat berechnet, was etwa 857 Euro entspricht. Das ist sehr wenig. Aber eine Mindestrente oder Rente betr\u00e4gt 349.000 Pesos, etwa 249 Euro, pro Monat.\u00a0 Das sind 29 % des Warenkorbs der Grundversorgung. In Argentinien gibt es mehr als 5 Millionen Rentner, die 249 Euro im Monat erhalten.<\/span><\/p>\n<p><span style=\"font-weight: 400;\">Aus diesem Grund finden seit 2024 jeden Mittwoch Proteste von Rentnern und Pension\u00e4ren vor dem Parlament statt, die von den Sicherheitskr\u00e4ften brutal unterdr\u00fcckt werden. Deshalb hat die Unterst\u00fctzung der Bev\u00f6lkerung f\u00fcr ihre Forderungen zugenommen. Zun\u00e4chst traten die Fu\u00dfballfans auf, und schlie\u00dflich war der Druck so gro\u00df, dass der Gewerkschaftsdachverband CGT f\u00fcr Mittwoch, den 9. April, zu einer Mobilisierung und f\u00fcr den 10. April zu einem Generalstreik aufrufen musste. Der Streik war im ganzen Land ein Erfolg.<\/span><\/p>\n<p><span style=\"font-weight: 400;\">Die Regierung Milei ist in den letzten Monaten geschw\u00e4cht worden. Sie hatte immer noch eine hohe W\u00e4hlerzustimmung von fast 50 Prozent. Aber sie hat sich verschlechtert. Dies ist auf vier Ereignisse in den ersten Monaten des Jahres zur\u00fcckzuf\u00fchren. Das erste war eine Rede in Davos, in der er auffallend oft die \u201eGender-Ideologie als Kindesmissbrauch\u201c anprangerte und homosexuelle Paare mit P\u00e4dophilie in Verbindung brachte. Dies l\u00f6ste im Februar eine breite Ablehnung und eine Mobilisierung von mehr als einer Million Menschen aus, die sich mit den sexuell Andersdenkenden solidarisierten.<\/span><\/p>\n<p><span style=\"font-weight: 400;\">Zweite Tatsache: Im M\u00e4rz trat Milei \u00f6ffentlich auf und unterst\u00fctzte die Einf\u00fchrung einer Kryptow\u00e4hrung, die sich als Betrug herausstellte. Die dritte Tatsache ist die Unterdr\u00fcckung der Rentner und die Mobilisierung zu ihrer Unterst\u00fctzung, und die vierte Tatsache ist, dass der Lebensstandard der Bev\u00f6lkerung immer noch sehr niedrig ist. All diese Tatsachen haben die Situation in Argentinien ver\u00e4ndert und zum Generalstreik am 10. April gef\u00fchrt.<\/span><\/p>\n<p><span style=\"font-weight: 400;\">Dieser Streik wurde von unten begonnen. Aufgrund all dieser Bewegungen sah sich die Gewerkschaftsb\u00fcrokratie der CGT, die von der peronistischen Bewegung gef\u00fchrt wird, gezwungen, zu einer massiven Mobilisierung zur Unterst\u00fctzung der Rentner aufzurufen und den Streik am 10. April auszurufen.<\/span><\/p>\n<p><span style=\"font-weight: 400;\">Man muss sich vor Augen halten, dass die argentinische Arbeiterklasse eine gro\u00dfe Kampftradition hat, aber aufgrund des Peronismus politisch sehr r\u00fcckst\u00e4ndig ist. Der Peronismus ist eine b\u00fcrgerlich-nationalistische Bewegung, die 1945 mit General Per\u00f3n entstand, der w\u00e4hrend seiner Regierungszeit die meisten der in Argentinien bekannten sozialen Errungenschaften gew\u00e4hrte, aber dann wurde der Peronismus in eine normale b\u00fcrgerliche Partei der Vers\u00f6hnung mit dem Imperialismus verwandelt, die den Nationalismus und die sozialen Zugest\u00e4ndnisse aufgab. Aber die verschiedenen Generationen der Arbeiterklasse glaubten weiterhin an den Peronismus.<\/span><\/p>\n<p><span style=\"font-weight: 400;\">Aber seit einiger Zeit gibt es einen Bruch zwischen der Arbeiterklasse und der Basis des Volkes und dem Peronismus. Eine Ungl\u00e4ubigkeit gegen\u00fcber den letzten Regierungen, die die Armut vergr\u00f6\u00dfert haben. Es gibt zwei Ph\u00e4nomene des Bruchs. Das eine ist das Wahlph\u00e4nomen, bei dem ein gro\u00dfer Teil des Volkes rechts w\u00e4hlt, f\u00fcr einen Unbekannten wie Javier Milei. Wegen seines Diskurses gegen die \u201epolitische Kaste\u201c. \u00c4hnlich wie man es in Deutschland mit den Neonazis kennt. Das andere Ph\u00e4nomen sind diejenigen, die sich abwenden und die Linksfront (FITU) unterst\u00fctzen oder f\u00fcr sie stimmen. Eine Front, die aus 4 trotzkistischen Organisationen besteht, zu denen auch unsere Partei Izquierda Socialista geh\u00f6rt.<\/span><\/p>\n<p><span style=\"font-weight: 400;\">Die andere Seite dieses Ph\u00e4nomens ist, dass die Gewerkschaftsb\u00fcrokratie von unten, in den K\u00e4mpfen, \u00fcberrollt wird. Es entsteht eine k\u00e4mpferische Gewerkschaftsbewegung mit dem Gewicht des Trotzkismus. Die Izquierda Socialista f\u00fchrt zum Beispiel die Eisenbahner der Sarmiento-Branche, neue Lehrergewerkschaften oder die Gewerkschaft der Reifenfabriken an. Die antib\u00fcrokratische Opposition w\u00e4chst auch in vielen Betriebsr\u00e4ten der Unternehmen. Es sind diese Sektoren, die Druck auf die peronistische CGT aus\u00fcben und sie zum Streik zwingen, wie am 10. April geschehen. Jetzt wird die CGT aufgefordert, einen 36-st\u00fcndigen Streik auszurufen, um dem Kampf gegen die Regierung Kontinuit\u00e4t zu verleihen. Von der Izquierda Socialista erheben wir die Slogans: Genug von Milei, brecht mit dem IWF, h\u00f6rt auf, die Schulden zu bezahlen, damit wir L\u00f6hne, Renten, Gesundheit und Bildung bezahlen k\u00f6nnen.<\/span><\/p>\n<p><span style=\"font-weight: 400;\">Wir von der Izquierda Socialista waren es, die 2011 die Gr\u00fcndung der Frente de Izquierda vorangetrieben haben. Innerhalb der revolution\u00e4ren Sozialisten haben wir immer gegen Sektierertum und Spaltungen in der Linken gek\u00e4mpft. Fast 15 Jahre sp\u00e4ter sind wir eine klare Referenz und eine Alternative zu den kapitalistischen Parteien und der Gewerkschaftsb\u00fcrokratie. Die Izquierda Socialista hat eine nationale Ausdehnung. Wir haben B\u00fcros im ganzen Land, von Jujuy im Norden bis in den S\u00fcden auf der Insel Feuerland. Wir haben mehr als 50 B\u00fcros. Durch die Teilnahme an den K\u00e4mpfen der Gewerkschaften, der Studenten, der Frauenbewegung und der Dissidenten ist es uns gelungen, gemeinsam mit anderen Sektoren der Linken wichtige R\u00e4ume zu erobern. In unserem Fall f\u00fchren wir die Sektion Westbahn im Gro\u00dfraum Buenos Aires an, zusammen mit unserem Genossen Rub\u00e9n Sobrero und der Genossin M\u00f3nica Schlotthauer, die bis vor wenigen Tagen nationale Abgeordnete war. Wir f\u00fchren auch mehrere k\u00e4mpferische Lehrergewerkschaften in der Provinz Neuqu\u00e9n, in der Stadt Buenos Aires, in C\u00f3rdoba und in Santa Cruz, die gerade einen Streik gewonnen haben. Sie alle sind Gegner der B\u00fcrokratie des Gewerkschaftsbundes. Und wir von der Izquierda Socialista rufen zur Bildung eines Koordinierungsausschusses von k\u00e4mpferischen und antib\u00fcrokratischen Gewerkschaften und Betriebskomitees auf, um einen Bezugspunkt f\u00fcr die gesamte Arbeiterbewegung zu schaffen.<\/span><\/p>\n<p><span style=\"font-weight: 400;\">Wir von der Izquierda Socialista agieren mit taktischer Flexibilit\u00e4t auf dem Gebiet der K\u00e4mpfe und gegen die B\u00fcrokratie, aber wir sind strikt bei der Aufrechterhaltung unseres antikapitalistischen und sozialistischen Programms und unabh\u00e4ngig von den b\u00fcrgerlichen Regierungen. Wir k\u00f6nnten unsere Aktion zum Aufbau einer alternativen revolution\u00e4ren sozialistischen F\u00fchrung in drei Punkten zusammenfassen. Erstens schlagen wir eine m\u00f6glichst breite Aktionseinheit vor, um die ultrarechte Regierung von Milei zu besiegen. Wir bek\u00e4mpfen jedes Sektierertum. Wir glauben nicht, dass nur Trotzkisten die K\u00fcrzungspl\u00e4ne einer Regierung besiegen k\u00f6nnen. Zweitens: Um die Mobilisierung und Einheit zu f\u00f6rdern, verteidigen wir die Methode der gewerkschaftlichen Demokratie, die Versammlungsmethode. Die Basis muss entscheiden und nicht ein Generalsekret\u00e4r oder der Vorsitzende einer Gewerkschaft oder eines Studentenzentrums.<\/span><\/p>\n<p><span style=\"font-weight: 400;\">Drittens: Wir fordern die politische Unabh\u00e4ngigkeit der Arbeiterklasse und der Studenten. Wir k\u00f6nnen uns im Kampf mit den Sektoren der Bosse oder der Reformisten vereinigen. Diese Politik hat uns zum Beispiel w\u00e4hrend 2024 und in diesen Monaten geholfen, Teil der gro\u00dfen Universit\u00e4tsmobilisierungen zu sein, vereint mit Rektoren oder Dekanen oder Gewerkschaften und Studentenzentren, die nicht links sind, aber gegen die Bildungsk\u00fcrzungen von Milei sind. Aber wenn wir gemeinsam intervenieren, vers\u00e4umen wir es nicht, darauf hinzuweisen, dass wir keine kapitalistischen politischen Str\u00f6mungen oder Regierungen des Systems unterst\u00fctzen. Wir rufen die Aktivisten auf, mit diesen Str\u00f6mungen der Bosse zu brechen und sich der Sozialistischen Linken anzuschlie\u00dfen, um sich dem Kampf f\u00fcr eine grundlegende sozialistische Ver\u00e4nderung anzuschlie\u00dfen.<\/span><\/p>\n<p><span style=\"font-weight: 400;\">Die strategische Aufgabe der Izquierda Socialista ist es, neben dem Vorantreiben der K\u00e4mpfe, eine neue sozialistische und revolution\u00e4re politische F\u00fchrung aufzubauen. Es gibt K\u00e4mpfe in Argentinien und in der Welt. Was wir brauchen, ist eine revolution\u00e4re F\u00fchrung, die sie in Richtung Macht lenkt. Nicht in Richtung des \u201eM\u00f6glichen\u201c und sich damit begn\u00fcgen, das Glied einer Mitte-Links-Regierung zu sein. Deshalb mischen wir, die Sozialistische Linke und die Linksfront, uns in die Wahlen ein und stellen Parlamentarier. Nicht, weil wir an die L\u00f6sungen der Wahlen oder des Parlaments glauben. Wir gehen zu den Wahlen, um den Massen zu sagen, dass der Ausweg im Kampf liegt. Aber wir rufen sie auch dazu auf, nicht weiterhin Parteien und Kandidaten der Bosse und des Systems zu unterst\u00fctzen. Wir rufen dazu auf, gegen die Bezahlung der Auslandsschulden, gegen Privatisierungen und f\u00fcr eine Regierung der Arbeiter zu stimmen. Wir nehmen an den Wahlen teil, um sie f\u00fcr den politischen Kampf gegen alle Parteien der Bosse und f\u00fcr den Aufbau der sozialistischen Linken zu nutzen.\u00a0\u00a0\u00a0\u00a0<\/span><\/p>\n<p><span style=\"font-weight: 400;\">\u00a0Der Schwerpunkt der Abgeordneten der FIT und der Izquierda Socialista liegt darin, sozialistische Projekte vorzustellen, mit dem IWF zu brechen und die K\u00e4mpfe der Arbeiter und des Volkes zu unterst\u00fctzen. Unsere Abgeordneten erhalten ein Gehalt wie ein Lehrer und der Rest des Geldes wird f\u00fcr die K\u00e4mpfe und den Aufbau der Parteien verwendet. Wir unterscheiden uns deutlich von den Abgeordneten des Systems. In der Linksfront werden die Parlamentssitze rotiert, so dass alle Parteien beteiligt sind. K\u00fcrzlich kehrte zum Beispiel unsere Genossin Monica Schlotthauer, Abgeordnete der Izquierda Socialista, die Eisenbahnf\u00fchrerin und Mitglied der Frauengruppe Isadora ist, an ihren Arbeitsplatz als Reinigungskraft am Bahnhof zur\u00fcck.<\/span><\/p>\n<p><span style=\"font-weight: 400;\">F\u00fcr die Sozialistische Linke ist der Internationalismus Teil unserer DNA. Es ist keine Deklamation. Im Rahmen unserer M\u00f6glichkeiten praktizieren wir es. Wir glauben nicht an einen nationalen Kampf allein, um dem imperialistischen Kapitalismus ein Ende zu setzen. Deshalb sind wir Teil der UIT-CI, der trotzkistischen Str\u00f6mung, die von Nahuel Moreno, der 1987 starb, gegr\u00fcndet wurde. Wir glauben auch nicht, dass wir allein eine internationale revolution\u00e4re Organisation aufbauen k\u00f6nnen. Deshalb rufen wir dazu auf, die Revolution\u00e4re der verschiedenen Parteien, Gruppen oder Militanten in der Welt, die sich als revolution\u00e4re Sozialisten bezeichnen, zu vereinen. Es ist notwendig, diesen Schritt zu tun, sich gegenseitig zu unterst\u00fctzen, Erfahrungen auszutauschen, internationale Solidarit\u00e4tskampagnen durchzuf\u00fchren. Zum Beispiel haben wir uns gerade erfolgreich f\u00fcr die Freilassung eines Studentenf\u00fchrers unserer Organisation aus der T\u00fcrkei eingesetzt.<\/span><\/p>\n<p><span style=\"font-weight: 400;\">Deshalb besuche ich Deutschland, um diese Realit\u00e4t kennenzulernen, um Erfahrungen auszutauschen, um zu sehen, wie man der Gefahr des Wachstums der extremen Rechten begegnen und wie man helfen kann, eine sozialistische Alternative aufzubauen. Nach Deutschland werde ich zu einer Konferenz unserer Schwesterorganisation Lucha Internacionalista nach Spanien reisen, die sich mit GenossInnen aus Andalusien und Madrid zusammenschlie\u00dfen wird. Letztes Jahr haben wir \u00e4hnliche Schritte mit GenossInnen aus Portugal und Italien unternommen.<\/span><\/p>\n<p><span style=\"font-weight: 400;\">Mit der Izquierda Socialista, die sich mit der Frente de Izquierda zusammengeschlossen hat, setzen wir den Kampf gegen die Regierung Milei und f\u00fcr den Aufbau einer unabh\u00e4ngigen linken politischen Alternative fort. Im Kampf f\u00fcr einen echten grundlegenden Wandel, der eine Regierung der ArbeiterInnen erreicht und den Weg zum Sozialismus in Argentinien \u00f6ffnet.<\/span><\/p>\n<p><b>Ich danke euch.<\/b><\/p>\n<p>&nbsp;<\/p>\n<p><span style=\"font-weight: 400;\">*Miguel Sorans ist auch Mitglied der Frente de Izquierda y de los Trabajadores-Unidad (FIT-U) und der I<\/span><span style=\"font-weight: 400;\">nternationalen Arbeitereinheit \u2013 Vierte Internationale<\/span><\/p>\n","protected":false},"excerpt":{"rendered":"<p>Wir geben den Vortrag von Miguel Sorans*, Vorsitzender der Partei Izquierda Socialista (Sozialistische Linke) aus Argentinien, wieder, der am 23. April 2025 im Rosa-Luxemburg-Haus in Bremen gehalten wurde. Das Thema lautete \u201cDie extreme Rechte und die Regierung von Javier Milei in Argentinien\u201d. &nbsp; Zun\u00e4chst m\u00f6chte ich mich bei Norbert Schepers und der Rosa-Luxemburg-Stiftung f\u00fcr die [&hellip;]<\/p>\n","protected":false},"author":2,"featured_media":23575,"comment_status":"closed","ping_status":"closed","sticky":false,"template":"","format":"standard","meta":[],"categories":[1],"tags":[],"_links":{"self":[{"href":"https:\/\/uit-ci.org\/index.php\/wp-json\/wp\/v2\/posts\/23580"}],"collection":[{"href":"https:\/\/uit-ci.org\/index.php\/wp-json\/wp\/v2\/posts"}],"about":[{"href":"https:\/\/uit-ci.org\/index.php\/wp-json\/wp\/v2\/types\/post"}],"author":[{"embeddable":true,"href":"https:\/\/uit-ci.org\/index.php\/wp-json\/wp\/v2\/users\/2"}],"replies":[{"embeddable":true,"href":"https:\/\/uit-ci.org\/index.php\/wp-json\/wp\/v2\/comments?post=23580"}],"version-history":[{"count":1,"href":"https:\/\/uit-ci.org\/index.php\/wp-json\/wp\/v2\/posts\/23580\/revisions"}],"predecessor-version":[{"id":23581,"href":"https:\/\/uit-ci.org\/index.php\/wp-json\/wp\/v2\/posts\/23580\/revisions\/23581"}],"wp:featuredmedia":[{"embeddable":true,"href":"https:\/\/uit-ci.org\/index.php\/wp-json\/wp\/v2\/media\/23575"}],"wp:attachment":[{"href":"https:\/\/uit-ci.org\/index.php\/wp-json\/wp\/v2\/media?parent=23580"}],"wp:term":[{"taxonomy":"category","embeddable":true,"href":"https:\/\/uit-ci.org\/index.php\/wp-json\/wp\/v2\/categories?post=23580"},{"taxonomy":"post_tag","embeddable":true,"href":"https:\/\/uit-ci.org\/index.php\/wp-json\/wp\/v2\/tags?post=23580"}],"curies":[{"name":"wp","href":"https:\/\/api.w.org\/{rel}","templated":true}]}}