{"id":24082,"date":"2025-09-10T14:22:34","date_gmt":"2025-09-10T14:22:34","guid":{"rendered":"http:\/\/uit-ci.org\/?p=24082"},"modified":"2025-09-22T13:08:05","modified_gmt":"2025-09-22T13:08:05","slug":"estalla-la-ira-popular-en-nepal","status":"publish","type":"post","link":"https:\/\/uit-ci.org\/index.php\/2025\/09\/10\/estalla-la-ira-popular-en-nepal\/","title":{"rendered":"Estalla la ira popular en Nepal"},"content":{"rendered":"<p><span style=\"font-weight: 400;\">Por <strong>Miguel Angel Hern\u00e1ndez<\/strong>, dirigente del PSL de Venezuela y de la UIT-CI<\/span><\/p>\n<p><span style=\"font-weight: 400;\">10\/9\/2025. El pasado lunes 8 de septiembre estallaron protestas en Nepal contra la corrupci\u00f3n, a ra\u00edz de la prohibici\u00f3n de varias redes sociales por parte del gobierno. Las protestas que comenzaron de forma pac\u00edfica, con una gran movilizaci\u00f3n que se concentr\u00f3 frente al parlamento, se tornaron violentas luego que las fuerzas de seguridad reprimieran brutalmente las manifestaciones, dejando un saldo hasta ahora de 22 muertos y m\u00e1s de 100 heridos, muchos de ellos de bala.\u00a0<\/span><\/p>\n<p><span style=\"font-weight: 400;\">Nepal es un pa\u00eds de 30 millones y medio de habitantes ubicado en Asia del sur, fronterizo con la India y China, de mayor\u00eda hinduista y budista. Rodeado por la cordillera del Himalaya, el llamado \u201ctecho del mundo\u201d, ya que alberga a varias de las cumbres m\u00e1s altas del mundo, entre ellos el monte Everest.\u00a0<\/span><\/p>\n<p><span style=\"font-weight: 400;\">Este martes, el primer ministro Khadga Prasad Oli renunci\u00f3 a su cargo c<\/span><span style=\"font-weight: 400;\">omo consecuencia de las masivas protestas que estallaron en Katmand\u00fa, capital del pa\u00eds, y que se extendieron a ciudades como <\/span><span style=\"font-weight: 400;\">Pokhara e Itahari. <\/span><span style=\"font-weight: 400;\">La renuncia del primer ministro fue seguida por la renuncia del ministro del Interior, Ramesh Lekhak, quien dimiti\u00f3 durante una reuni\u00f3n del gabinete.\u00a0<\/span><\/p>\n<p><span style=\"font-weight: 400;\">En Nepal hay un gobierno capitalista de conciliaci\u00f3n de clases. El pa\u00eds es gobernado por una coalici\u00f3n de partidos burgueses liberales junto al <\/span><span style=\"font-weight: 400;\">Partido Comunista de Nepal (PCN, Marxista-Leninista Unificado), de tendencia mao\u00edsta. El primer ministro renunciante es integrante del PCN.<\/span><\/p>\n<p><span style=\"font-weight: 400;\">Nepal estuvo sumergido en una larga y cruenta guerra civil contra la monarqu\u00eda que se extendi\u00f3 entre 1996 y 2006. Ese a\u00f1o se firm\u00f3 un acuerdo entre el gobierno provisional de la Alianza de los Siete Partidos, una coalici\u00f3n de partidos burgueses liberales, y el Partido Comunista de Nepal (PCN). En el a\u00f1o 2008 se realiz\u00f3 una Asamblea Constituyente que aboli\u00f3 la monarqu\u00eda y estableci\u00f3 una rep\u00fablica democr\u00e1tica parlamentaria.<\/span><\/p>\n<p><span style=\"font-weight: 400;\">Se trata de un gobierno de conciliaci\u00f3n de clases del que participa el Partido Comunista junto a partidos patronales, lo cual genera confusi\u00f3n sobre su verdadero car\u00e1cter capitalista. Es algo similar a lo que ocurre con reg\u00edmenes como el de Venezuela o Nicaragua, que se autotitulan \u201csocialista\u201d o de \u201cizquierda\u201d, cuando en realidad aplican duros ajustes capitalistas y gobiernan en acuerdo con empresas privadas y transnacionales.\u00a0<\/span><\/p>\n<p><span style=\"font-weight: 400;\">Los principales socios comerciales de Nepal son India, China y Estados Unidos. En el pa\u00eds ha crecido la inversi\u00f3n extranjera en los \u00faltimos a\u00f1os en el marco de un acuerdo firmado con el Fondo Monetario Internacional en el a\u00f1o 2022, renovado este a\u00f1o, y que ha generado un gran desempleo, siendo esta una de las razones fundamentales para el malestar social en Nepal y el estallido de las recientes protestas.\u00a0<\/span><\/p>\n<p><span style=\"font-weight: 400;\">Entre las principales transnacionales presentes en Nepal est\u00e1n Unilever, Coca Cola, Dabur, empresa india de bienes de consumo, especialmente de salud, Suzuki, Honda, Hyundai, Verisk Nepal, empresa norteamericana de software, Cotiviti Nepal, otra empresa norteamericana tambi\u00e9n de software, Fusemachines, estadounidense, especializada en Inteligencia Artificial, entre muchas otras.\u00a0<\/span><\/p>\n<p>&nbsp;<\/p>\n<p><b>Las redes sociales y la ira popular<\/b><\/p>\n<p><span style=\"font-weight: 400;\">Como dij\u00e9ramos antes, la chispa que deton\u00f3 el estallido popular fue la suspensi\u00f3n el pasado 4 de septiembre de 26 redes sociales, entre ellas You Tube, X, Facebook, Instagram y Whatsapp, con el argumento que no cumplieron con el plazo de registro ante los organismos gubernamentales correspondientes. Y que esta medida se tomaba contra el uso indebido de las plataformas, a trav\u00e9s de las cuales, supuestamente, \u201calgunos usuarios difund\u00edan odio y rumores, comet\u00edan delitos cibern\u00e9ticos y perturbaban la armon\u00eda social\u201d.<\/span><\/p>\n<p><span style=\"font-weight: 400;\">La prohibici\u00f3n de las redes sociales fue interpretada por los sectores populares, y en particular por los j\u00f3venes, como un intento de censura\u00a0y de contener las cr\u00edticas sobre el nepotismo y la ostentaci\u00f3n de los altos jerarcas del r\u00e9gimen y sus hijos.\u00a0<\/span><\/p>\n<p><span style=\"font-weight: 400;\">Miles de manifestantes irrumpieron en la sede del parlamento desafiando el toque de queda declarado por el gobierno, prendi\u00e9ndole fuego posteriormente e incluso incendiaron una ambulancia y se enfrentaron con la polic\u00eda.\u00a0<\/span><\/p>\n<p><span style=\"font-weight: 400;\">La ira popular acumulada durante a\u00f1os de promesas incumplidas, frustraci\u00f3n por los p\u00e9simos salarios, el desempleo y la corrupci\u00f3n rampante, estall\u00f3 con la suspensi\u00f3n de las redes sociales. Los manifestantes atacaron e incendiaron casas de algunos funcionarios percibidos como corruptos. Rajyalaxmi Chitrakar, esposa del ex primer ministro Jhalanath Khanal, muri\u00f3 tras ser incendiada su residencia. El ministro de Econom\u00eda fue lanzado desnudo a un r\u00edo y golpeado por los manifestantes,<\/span> <span style=\"font-weight: 400;\">otros funcionarios tambi\u00e9n resultaron golpeados en las protestas. Incluso fue incendiada la sede de un medio de comunicaci\u00f3n privado, el Kantipur Media Group, el conglomerado medi\u00e1tico m\u00e1s grande de Nepal, que incluye diarios en nepal\u00ed e ingl\u00e9s y canales de televisi\u00f3n.\u00a0\u00a0\u00a0\u00a0<\/span><\/p>\n<p>&nbsp;<\/p>\n<p><b>Pobreza, corrupci\u00f3n y desigualdad: el origen de las protestas<\/b><\/p>\n<p><span style=\"font-weight: 400;\">El origen de las protestas hay que encontrarlo en la tremenda pobreza que sufre el pueblo trabajador de Nepal, que contrasta con los lujos y ostentaci\u00f3n de los l\u00edderes pol\u00edticos y sus familias.\u00a0<\/span><\/p>\n<p><span style=\"font-weight: 400;\">La mayor\u00eda de los j\u00f3venes nepal\u00edes se sienten frustrados y sin futuro, abrumados por la desigualdad y el desempleo. La tasa de desempleo juvenil en Nepal fue del 20 % el a\u00f1o pasado, seg\u00fan el Banco Mundial.<\/span><span style=\"font-weight: 400;\"> El <\/span><span style=\"font-weight: 400;\">ingreso per c\u00e1pita es de unos mil 300 d\u00f3lares al a\u00f1o; 7,5 % de la poblaci\u00f3n se encuentra trabajando en el extranjero, y <\/span><span style=\"font-weight: 400;\">las transferencias de la di\u00e1spora sostienen el consumo interno<\/span><span style=\"font-weight: 400;\">.\u00a0<\/span><\/p>\n<p><span style=\"font-weight: 400;\">Mientras que los l\u00edderes de los tres principales partidos, el Congreso Nepal\u00ed, el Partido Comunista de Nepal (CPN-UML) y el Partido Comunista de Nepal\u00a0 (Centro Mao\u00edsta), han sido vinculados a esc\u00e1ndalos que van desde la\u00a0llamada estafa de refugiados\u00a0butaneses, casos de usurpaci\u00f3n de tierras.\u00a0contrabando de oro, corrupci\u00f3n en el marco de la reconstrucci\u00f3n tras el terremoto de 2015, y durante la pandemia con la gesti\u00f3n de vacunas contra el Covid 19.\u00a0<\/span><\/p>\n<p><span style=\"font-weight: 400;\">M\u00e1s recientemente el caso de una red que enga\u00f1aba a ciudadanos con viajes a Espa\u00f1a bajo el falso pretexto de asistir a una conferencia de la ONU.<\/span><\/p>\n<p>&nbsp;<\/p>\n<p><b>La generaci\u00f3n Z sale a las calles\u00a0<\/b><\/p>\n<p><span style=\"font-weight: 400;\">Semanas previas a la prohibici\u00f3n de las redes sociales, grupos de j\u00f3venes desarrollaron una campa\u00f1a en redes sociales, espec\u00edficamente a trav\u00e9s de v\u00eddeos en TikTok, poniendo en evidencia la vida de lujo de los hijos de los pol\u00edticos, quienes sin pudor hacen ostentaci\u00f3n p\u00fablica de sus mansiones que poseen, de sus lujosos veh\u00edculos, de viajes al exterior y estudios en universidades europeas. Todo lo cual contrasta con la pobreza, el desempleo y la falta de oportunidades para millones de j\u00f3venes de los sectores populares.\u00a0<\/span><\/p>\n<p><span style=\"font-weight: 400;\">Las protestas han sido encabezadas por j\u00f3venes que se identifican como la \u201cgeneraci\u00f3n Z\u201d, nacidos entre 1997 y 2012. La<\/span><span style=\"font-weight: 400;\"> campa\u00f1a impulsada por redes y la convocatoria a las movilizaciones, ten\u00eda dos etiquetas que la caracterizaban:<\/span><span style=\"font-weight: 400;\"> \u00abNepo Baby\u00bb y \u00abNepo Kids\u00bb. \u00abNepo\u00bb es la abreviatura de nepotismo. Estas etiquetas han ganado gran popularidad y se han viralizado en las redes sociales poniendo al descubierto a trav\u00e9s de v\u00eddeos y fotos, el estilo de vida lujoso de los altos jerarcas del gobierno, sus familiares e hijos, quienes se han aprovechado de lo cargos de sus padres para enriquecerse.\u00a0<\/span><\/p>\n<p><span style=\"font-weight: 400;\">Desde la Unidad Internacional de Trabajadoras y Trabajadores Cuarta Internacional (UIT-CI), apoyamos incondicionalmente las movilizaciones en Nepal, y somos solidarios con la lucha de los j\u00f3venes y el pueblo trabajador de Nepal.\u00a0\u00a0<\/span><\/p>\n<p><span style=\"font-weight: 400;\">El estallido social en Nepal, un pa\u00eds del que poco se habla, es una expresi\u00f3n m\u00e1s de la gran crisis que atraviesa el sistema capitalista en su fase de decadencia imperialista. Un sistema absurdo y desigual que somete a los pueblos a la miseria y el hambre, mientras pol\u00edticos y empresarios disfrutan de toda clase de privilegios, al amparo del control del Estado y los recursos naturales de los pa\u00edses.<\/span><\/p>\n<p><span style=\"font-weight: 400;\">La corrupci\u00f3n, la ostentaci\u00f3n y la pobreza de millones son el caldo de cultivo para que estallen rebeliones populares, jaqueando a los gobiernos capitalistas.<\/span><\/p>\n","protected":false},"excerpt":{"rendered":"<p>Por Miguel Angel Hern\u00e1ndez, dirigente del PSL de Venezuela y de la UIT-CI 10\/9\/2025. El pasado lunes 8 de septiembre estallaron protestas en Nepal contra la corrupci\u00f3n, a ra\u00edz de la prohibici\u00f3n de varias redes sociales por parte del gobierno. Las protestas que comenzaron de forma pac\u00edfica, con una gran movilizaci\u00f3n que se concentr\u00f3 frente [&hellip;]<\/p>\n","protected":false},"author":2,"featured_media":24083,"comment_status":"closed","ping_status":"closed","sticky":false,"template":"","format":"standard","meta":[],"categories":[74],"tags":[416,162,139,2693,496,2694,1538,683,1164,275,150,350,2692],"_links":{"self":[{"href":"https:\/\/uit-ci.org\/index.php\/wp-json\/wp\/v2\/posts\/24082"}],"collection":[{"href":"https:\/\/uit-ci.org\/index.php\/wp-json\/wp\/v2\/posts"}],"about":[{"href":"https:\/\/uit-ci.org\/index.php\/wp-json\/wp\/v2\/types\/post"}],"author":[{"embeddable":true,"href":"https:\/\/uit-ci.org\/index.php\/wp-json\/wp\/v2\/users\/2"}],"replies":[{"embeddable":true,"href":"https:\/\/uit-ci.org\/index.php\/wp-json\/wp\/v2\/comments?post=24082"}],"version-history":[{"count":1,"href":"https:\/\/uit-ci.org\/index.php\/wp-json\/wp\/v2\/posts\/24082\/revisions"}],"predecessor-version":[{"id":24091,"href":"https:\/\/uit-ci.org\/index.php\/wp-json\/wp\/v2\/posts\/24082\/revisions\/24091"}],"wp:featuredmedia":[{"embeddable":true,"href":"https:\/\/uit-ci.org\/index.php\/wp-json\/wp\/v2\/media\/24083"}],"wp:attachment":[{"href":"https:\/\/uit-ci.org\/index.php\/wp-json\/wp\/v2\/media?parent=24082"}],"wp:term":[{"taxonomy":"category","embeddable":true,"href":"https:\/\/uit-ci.org\/index.php\/wp-json\/wp\/v2\/categories?post=24082"},{"taxonomy":"post_tag","embeddable":true,"href":"https:\/\/uit-ci.org\/index.php\/wp-json\/wp\/v2\/tags?post=24082"}],"curies":[{"name":"wp","href":"https:\/\/api.w.org\/{rel}","templated":true}]}}