{"id":2435,"date":"2017-11-16T14:43:25","date_gmt":"2017-11-16T14:43:25","guid":{"rendered":"http:\/\/uit-ci.org\/index.php\/2017\/11\/16\/catalunya-importantes-movilizaciones-y-huelgas-2\/"},"modified":"2017-11-16T14:43:25","modified_gmt":"2017-11-16T14:43:25","slug":"catalunya-importantes-movilizaciones-y-huelgas-2","status":"publish","type":"post","link":"https:\/\/uit-ci.org\/index.php\/2017\/11\/16\/catalunya-importantes-movilizaciones-y-huelgas-2\/","title":{"rendered":"Catalunya: Importantes movilizaciones y huelgas"},"content":{"rendered":"<p><strong><img loading=\"lazy\" class=\" alignleft size-full wp-image-1828\" src=\"http:\/\/uit-ci.org\/wp-content\/uploads\/2017\/11\/Barcelona-contra-el-155.jpg\" width=\"240\" height=\"148\" alt=\"Barcelona contra el 155\" style=\"margin-right: 5px; float: left;\" srcset=\"https:\/\/uit-ci.org\/wp-content\/uploads\/2017\/11\/Barcelona-contra-el-155.jpg 600w, https:\/\/uit-ci.org\/wp-content\/uploads\/2017\/11\/Barcelona-contra-el-155-300x185.jpg 300w\" sizes=\"(max-width: 240px) 100vw, 240px\" \/>Por: Miguel Lamas<\/strong><\/p>\n<p>Mientras el gobierno de la proclamada Rep\u00fablica de Catalunya huy\u00f3 sin oponer la menor resistencia a la intervenci\u00f3n del Estado espa\u00f1ol a sus instituciones, la disoluci\u00f3n de su Parlamento y el encarcelamiento de medio gobierno, el pueblo sali\u00f3 masivamente a las calles esta \u00faltima semana reclamando la libertad de los presos en la movilizaci\u00f3n m\u00e1s grande de las \u00faltimas d\u00e9cadas en Barcelona (algunas fuentes calculan m\u00e1s de un mill\u00f3n).<\/p>\n<p>  <!--more-->  <\/p>\n<p>La huelga general del 10 de noviembre, convocada por sindicatos anarquistas y de izquierda y las organizaciones de base CDR (Comit\u00e9s de Defensa de la Rep\u00fablica), fue boicoteada por las dos centrales obreras reformistas mayoritarias (UGT y Comisiones Obreras). Sin embargo paraliz\u00f3 en gran medida Catalunya, con centenares de piquetes, decenas de miles de j\u00f3venes estudiantes y trabajadores, que cortaron 70 rutas de acceso y los ferrocarriles sin que la polic\u00eda pudiera abrir el tr\u00e1nsito, y fue especialmente masiva en trabajadores del Estado y los docentes.<\/p>\n<p>La direcci\u00f3n del Partido Dem\u00f3crata Europeo Catal\u00e1n, independentista burgu\u00e9s que encabezaba el gobierno, limita ahora la lucha al justo reclamo de libertad a los presos pol\u00edticos y de hecho abandon\u00f3 la pelea por la independencia y la rep\u00fablica (acept\u00f3 la intervenci\u00f3n y las elecciones para el 21 de diciembre para nuevo gobierno aut\u00f3nomo que decret\u00f3 el gobierno central). Sin embargo, las movilizaciones y huelgas muestran que los trabajadores y los j\u00f3venes mantienen viva la lucha por la rep\u00fablica independiente catalana.<\/p>\n<p>Organizaciones de base, sindicales, estudiantiles y el frente de izquierda, CUP, y Lucha Internacionalista (UIT-CI), que es parte del frente, convocan a la solidaridad con esa lucha a los trabajadores y pueblos del Estado espa\u00f1ol y del mundo. Esta actividad, con formaci\u00f3n de comit\u00e9s y actos p\u00fablicos de solidaridad, se centraliza mediante la p\u00e1gina web withcatalonia.org<\/p>\n","protected":false},"excerpt":{"rendered":"<p>Por: Miguel Lamas Mientras el gobierno de la proclamada Rep\u00fablica de Catalunya huy\u00f3 sin oponer la menor resistencia a la intervenci\u00f3n del Estado espa\u00f1ol a sus instituciones, la disoluci\u00f3n de su Parlamento y el encarcelamiento de medio gobierno, el pueblo sali\u00f3 masivamente a las calles esta \u00faltima semana reclamando la libertad de los presos en [&hellip;]<\/p>\n","protected":false},"author":1,"featured_media":1828,"comment_status":"open","ping_status":"open","sticky":false,"template":"","format":"standard","meta":[],"categories":[57],"tags":[],"_links":{"self":[{"href":"https:\/\/uit-ci.org\/index.php\/wp-json\/wp\/v2\/posts\/2435"}],"collection":[{"href":"https:\/\/uit-ci.org\/index.php\/wp-json\/wp\/v2\/posts"}],"about":[{"href":"https:\/\/uit-ci.org\/index.php\/wp-json\/wp\/v2\/types\/post"}],"author":[{"embeddable":true,"href":"https:\/\/uit-ci.org\/index.php\/wp-json\/wp\/v2\/users\/1"}],"replies":[{"embeddable":true,"href":"https:\/\/uit-ci.org\/index.php\/wp-json\/wp\/v2\/comments?post=2435"}],"version-history":[{"count":0,"href":"https:\/\/uit-ci.org\/index.php\/wp-json\/wp\/v2\/posts\/2435\/revisions"}],"wp:featuredmedia":[{"embeddable":true,"href":"https:\/\/uit-ci.org\/index.php\/wp-json\/wp\/v2\/media\/1828"}],"wp:attachment":[{"href":"https:\/\/uit-ci.org\/index.php\/wp-json\/wp\/v2\/media?parent=2435"}],"wp:term":[{"taxonomy":"category","embeddable":true,"href":"https:\/\/uit-ci.org\/index.php\/wp-json\/wp\/v2\/categories?post=2435"},{"taxonomy":"post_tag","embeddable":true,"href":"https:\/\/uit-ci.org\/index.php\/wp-json\/wp\/v2\/tags?post=2435"}],"curies":[{"name":"wp","href":"https:\/\/api.w.org\/{rel}","templated":true}]}}