{"id":248,"date":"2012-06-13T04:12:33","date_gmt":"2012-06-13T04:12:33","guid":{"rendered":"http:\/\/uit-ci.org\/index.php\/2012\/06\/13\/estado-espanol-huelga-indefinida-en-la-mineria-asturiana\/"},"modified":"2012-06-13T04:12:33","modified_gmt":"2012-06-13T04:12:33","slug":"estado-espanol-huelga-indefinida-en-la-mineria-asturiana","status":"publish","type":"post","link":"https:\/\/uit-ci.org\/index.php\/2012\/06\/13\/estado-espanol-huelga-indefinida-en-la-mineria-asturiana\/","title":{"rendered":"Estado Espa\u00f1ol: Huelga indefinida en la miner\u00eda asturiana"},"content":{"rendered":"<p><em><strong><img loading=\"lazy\" class=\" alignleft size-full wp-image-247\" style=\"margin-right: 5px; float: left;\" alt=\"Asturias y Leon: \u00a1Todo el apoyo a los mineros! \u00a1Basta ya de ayudas a los bancos y a los ricos! \" src=\"http:\/\/uit-ci.org\/wp-content\/uploads\/2012\/06\/asturias-piqute-minero.jpg\" width=\"240\" height=\"180\" srcset=\"https:\/\/uit-ci.org\/wp-content\/uploads\/2012\/06\/asturias-piqute-minero.jpg 406w, https:\/\/uit-ci.org\/wp-content\/uploads\/2012\/06\/asturias-piqute-minero-300x225.jpg 300w\" sizes=\"(max-width: 240px) 100vw, 240px\" \/>Declaraci\u00f3n de Lucha Internacionalista<\/strong><br \/><\/em><\/p>\n<p><em>9 de junio de 2012<\/em><\/p>\n<p>El recorte de un 63% de la partida destinada a la miner\u00eda p\u00fablica asturiana y leonesa en los presupuestos del estado ha sido respondido por los trabajadores, que comenzaron huelgas y cortes de carreteras durante el mes de Mayo. El pasado 24 de Mayo m\u00e1s de 10.000 mineros y familiares se manifestaron en Madrid ante el ministerio de Industria y Energ\u00eda, acabando con enfrentamientos aislados con la polic\u00eda, que carg\u00f3 cuando los mineros se retiraban a comer bocadillos antes de subir a los autocares que les llevar\u00edan de vuelta.<\/p>\n<p>  <!--more-->  <\/p>\n<p>UGT y CCOO acaban de convocar la huelga indefinida en el sector, secundada tambi\u00e9n por el transporte. 8 Mineros mantienen un encierro de protesta en la mina Santa Cruz, a 3000 metro s deprofundidad, en defensa de los puestos de trabajo, unos 6000 directos y miles de indirectos, pues la miner\u00eda es la actividad econ\u00f3mica que mantiene las comarcas mineras y todo se construye a su alrededor. Mientras hay m\u00e1s de 20.000 millones de euros para ayudar a BANKIA y compa\u00f1\u00eda, no hay 300 millones para mantener el plan de la miner\u00eda, y no hay la menor intenci\u00f3n de encarar la reindustrializaci\u00f3n de la zona ni de racionalizaci\u00f3n del sector energ\u00e9tico por parte del gobierno del PP.<\/p>\n<p><strong>\u00a1Todo el apoyo a los mineros! \u00a1Basta ya de ayudas a los bancos y a los ricos!<\/strong><\/p>\n<p><strong>\u00a1Nacionalizaci\u00f3n de la industria energ\u00e9tica y de la miner\u00eda privada!<\/strong><\/p>\n<p><strong>\u00a1Levantemos planes de industrializaci\u00f3n y empleo p\u00fablico!<\/strong><\/p>\n<p><strong>\u00a1Huelga general, ya!<\/strong><\/p>\n","protected":false},"excerpt":{"rendered":"<p>Declaraci\u00f3n de Lucha Internacionalista 9 de junio de 2012 El recorte de un 63% de la partida destinada a la miner\u00eda p\u00fablica asturiana y leonesa en los presupuestos del estado ha sido respondido por los trabajadores, que comenzaron huelgas y cortes de carreteras durante el mes de Mayo. El pasado 24 de Mayo m\u00e1s de [&hellip;]<\/p>\n","protected":false},"author":1,"featured_media":247,"comment_status":"open","ping_status":"open","sticky":false,"template":"","format":"standard","meta":[],"categories":[21],"tags":[],"_links":{"self":[{"href":"https:\/\/uit-ci.org\/index.php\/wp-json\/wp\/v2\/posts\/248"}],"collection":[{"href":"https:\/\/uit-ci.org\/index.php\/wp-json\/wp\/v2\/posts"}],"about":[{"href":"https:\/\/uit-ci.org\/index.php\/wp-json\/wp\/v2\/types\/post"}],"author":[{"embeddable":true,"href":"https:\/\/uit-ci.org\/index.php\/wp-json\/wp\/v2\/users\/1"}],"replies":[{"embeddable":true,"href":"https:\/\/uit-ci.org\/index.php\/wp-json\/wp\/v2\/comments?post=248"}],"version-history":[{"count":0,"href":"https:\/\/uit-ci.org\/index.php\/wp-json\/wp\/v2\/posts\/248\/revisions"}],"wp:featuredmedia":[{"embeddable":true,"href":"https:\/\/uit-ci.org\/index.php\/wp-json\/wp\/v2\/media\/247"}],"wp:attachment":[{"href":"https:\/\/uit-ci.org\/index.php\/wp-json\/wp\/v2\/media?parent=248"}],"wp:term":[{"taxonomy":"category","embeddable":true,"href":"https:\/\/uit-ci.org\/index.php\/wp-json\/wp\/v2\/categories?post=248"},{"taxonomy":"post_tag","embeddable":true,"href":"https:\/\/uit-ci.org\/index.php\/wp-json\/wp\/v2\/tags?post=248"}],"curies":[{"name":"wp","href":"https:\/\/api.w.org\/{rel}","templated":true}]}}