{"id":24903,"date":"2025-11-28T14:13:47","date_gmt":"2025-11-28T14:13:47","guid":{"rendered":"http:\/\/uit-ci.org\/?p=24903"},"modified":"2025-12-03T18:15:32","modified_gmt":"2025-12-03T18:15:32","slug":"abinader-cedio-el-territorio-dominicano-para-las-operaciones-militares-de-trump-en-el-caribe-fuera-yanquis-de-republica-dominicana","status":"publish","type":"post","link":"https:\/\/uit-ci.org\/index.php\/2025\/11\/28\/abinader-cedio-el-territorio-dominicano-para-las-operaciones-militares-de-trump-en-el-caribe-fuera-yanquis-de-republica-dominicana\/","title":{"rendered":"Abinader cedi\u00f3 el territorio dominicano para las operaciones militares de Trump en el Caribe. \u00a1Fuera yanquis de Rep\u00fablica Dominicana!"},"content":{"rendered":"<p class=\"wp-block-heading\">Por <strong>Movimiento Socialista de Trabajadoras y Trabajadores,<\/strong> secci\u00f3n de la UIT-CI en Rep\u00fablica Dominicana<\/p>\n<p><em>Foto: Jos\u00e9 De Le\u00f3n<\/em><\/p>\n<p>28\/11\/2025. El mi\u00e9rcoles, 26 de noviembre, el pa\u00eds presenci\u00f3 un acto profundamente humillante durante la visita del secretario de guerra yanqui, Pete Hegseth. El presidente Luis Abinader anunci\u00f3 la entrega de espacios de la base a\u00e9rea de San Isidro y del Aeropuerto Internacional de las Am\u00e9ricas para su uso militar como parte de la campa\u00f1a de agresi\u00f3n que impulsa EEUU contra la regi\u00f3n caribe\u00f1a. Abinader involucra de esta manera al Estado dominicano en una campa\u00f1a militar agresiva y plagada de cr\u00edmenes de guerra, con decenas de bombardeos mar\u00edtimos que ya han cobrado m\u00e1s de 80 v\u00edctimas en los \u00faltimos meses, y que apunta a posibles ataques contra Venezuela y Colombia.<\/p>\n<p>Esto es especialmente grave en vista de antecedentes como las invasiones y ocupaciones militares estadounidenses de Rep\u00fablica Dominicana en 1916 y 1965, as\u00ed como las invasiones estadounidenses contra Granada en 1983 y Panam\u00e1 en 1989. El actual despliegue militar estadounidense es el mayor realizado por EEUU en d\u00e9cadas.<\/p>\n<p>Abinader, en un discurso le\u00eddo, dijo que se permitir\u00e1 el aterrizaje de aviones de reabastecimiento de combustible, as\u00ed como el transporte de equipos militares y \u00abpersonal t\u00e9cnico\u00bb. Este \u00faltimo es un eufemismo t\u00edpicamente utilizado por EEUU para referirse al despliegue de tropas. Seg\u00fan el presidente, la presencia militar estadounidense en el pa\u00eds es de car\u00e1cter \u00abt\u00e9cnico, limitado y temporal\u00bb. En realidad es de car\u00e1cter indefinido, pues no se anunci\u00f3 ning\u00fan plazo de tiempo. Igualmente falso es el argumento de que se trata de un refuerzo al Estado dominicano en sus operaciones antidrogas: como es sabido la campa\u00f1a en el Caribe va mucho m\u00e1s all\u00e1 de nuestro pa\u00eds y tiene como foco principal a Venezuela. El argumento m\u00e1s rid\u00edculo y c\u00ednico de todos es que este acuerdo \u00abfortalece la soberan\u00eda\u00bb. Todo lo contrario.<\/p>\n<p>Las operaciones militares de EEUU en el Caribe buscan \u00fanicamente para reforzar el dominio imperialista en la regi\u00f3n, continuando la nefasta Doctrina Monroe. El principal objetivo de la campa\u00f1a yanqui es ejercer presi\u00f3n contra el r\u00e9gimen venezolano, y secundariamente contra el presidente colombiano Gustavo Petro, ambos sancionados por acusaciones de v\u00ednculos con el narcotr\u00e1fico, as\u00ed como crear un nuevo statu quo en el que EEUU puede bombardear a quien quiera en aguas internacionales del Caribe.<\/p>\n<p>Una gran iron\u00eda es que todo estos se lleve a cabo a nombre de una supuesta guerra contra las drogas, cuando precisamente los lacayos perreme\u00edstas de EEUU han estado involucrados en una serie de narcoesc\u00e1ndalos.<\/p>\n<p>El presidente aleg\u00f3 estar actuando bajo el paraguas del Acuerdo de cooperaci\u00f3n para las operaciones antinarc\u00f3ticos suscrito por el decadente Balaguer y EEUU en 1995, y el protocolo de enmienda de 2003. Pero ese acuerdo no autoriza el despliegue por tiempo indefinido de tropas estadounidenses en el pa\u00eds. La Constituci\u00f3n en su art\u00edculo 80 establece que es competencia del Senado autorizar la presencia de tropas extranjeras en el territorio nacional. Lamentablemente no hay oposici\u00f3n en el Congreso.<\/p>\n<p>El gobierno y los partidos de derecha se llenan la boca hablando de soberan\u00eda cuando se trata de promover los m\u00e1s atroces cr\u00edmenes contra la clase trabajadora inmigrante haitiana, como negar atenci\u00f3n de salud a mujeres embarazadas o separar a familias obreras mediante deportaciones ilegales. En cambio, se muestran sumisos como perros amaestrados cuando se trata de complacer a sus amos gringos. Lo mismo puede decirse de los neofascistas y racistas que dicen ser nacionalistas pero callan ante la entrega de la soberan\u00eda a EEUU, pues idolatran a Trump. Dicen ser patriotas pero son neo-anexionistas que anhelan ser colonia de EEUU.<\/p>\n<p>El gobierno de Abinader ha cedido la soberan\u00eda en repetidas ocasiones a EEUU. Lo hizo al pactar el acuerdo de cielos abiertos, que otorga a las aerol\u00edneas estadounidenses iguales condiciones que a las aerol\u00edneas locales, y con el acuerdo de prechequeo, que permite a funcionarios estadounidenses realizar chequeos migratorios en territorio dominicano. Tambi\u00e9n cedi\u00f3 soberan\u00eda cuando permiti\u00f3 a autoridades estadounidenses confiscar aviones venezolanos en territorio dominicano, sin que mediara un proceso judicial en base a las leyes dominicanas. M\u00e1s recientemente, en septiembre, se cedi\u00f3 la soberan\u00eda al avalar que EEUU bombardeara ilegalmente una embarcaci\u00f3n, supuestamente proveniente de Colombia, bajo el pretexto de que conten\u00eda drogas. Seg\u00fan versiones de la prensa nacional, el bombardeo estadounidense se realiz\u00f3 en aguas territoriales dominicanas, Abinader posteriormente lo neg\u00f3, dando a entender que el bombardeo fue en aguas de la zona econ\u00f3mica exclusiva dominicana. El gobierno dominicano nunca inform\u00f3 de la ubicaci\u00f3n precisa del bombardeo o por qu\u00e9 la embarcaci\u00f3n fue bombardeada y no detenida.<\/p>\n<p>Llamamos a todas las organizaciones que se reivindican democr\u00e1ticas a rechazar en las calles la cesi\u00f3n del territorio dominicano a EEUU para su uso militar.<\/p>\n<p><strong>\u00a1Fuera yanquis de la Rep\u00fablica Dominicana!<\/strong><\/p>\n","protected":false},"excerpt":{"rendered":"<p>Por Movimiento Socialista de Trabajadoras y Trabajadores, secci\u00f3n de la UIT-CI en Rep\u00fablica Dominicana Foto: Jos\u00e9 De Le\u00f3n 28\/11\/2025. El mi\u00e9rcoles, 26 de noviembre, el pa\u00eds presenci\u00f3 un acto profundamente humillante durante la visita del secretario de guerra yanqui, Pete Hegseth. El presidente Luis Abinader anunci\u00f3 la entrega de espacios de la base a\u00e9rea de [&hellip;]<\/p>\n","protected":false},"author":2,"featured_media":24904,"comment_status":"closed","ping_status":"closed","sticky":false,"template":"","format":"standard","meta":[],"categories":[69],"tags":[173,1270,997,225,1781,963,515,2773,226,587,271,942,178,179,180,477,1328],"_links":{"self":[{"href":"https:\/\/uit-ci.org\/index.php\/wp-json\/wp\/v2\/posts\/24903"}],"collection":[{"href":"https:\/\/uit-ci.org\/index.php\/wp-json\/wp\/v2\/posts"}],"about":[{"href":"https:\/\/uit-ci.org\/index.php\/wp-json\/wp\/v2\/types\/post"}],"author":[{"embeddable":true,"href":"https:\/\/uit-ci.org\/index.php\/wp-json\/wp\/v2\/users\/2"}],"replies":[{"embeddable":true,"href":"https:\/\/uit-ci.org\/index.php\/wp-json\/wp\/v2\/comments?post=24903"}],"version-history":[{"count":1,"href":"https:\/\/uit-ci.org\/index.php\/wp-json\/wp\/v2\/posts\/24903\/revisions"}],"predecessor-version":[{"id":24912,"href":"https:\/\/uit-ci.org\/index.php\/wp-json\/wp\/v2\/posts\/24903\/revisions\/24912"}],"wp:featuredmedia":[{"embeddable":true,"href":"https:\/\/uit-ci.org\/index.php\/wp-json\/wp\/v2\/media\/24904"}],"wp:attachment":[{"href":"https:\/\/uit-ci.org\/index.php\/wp-json\/wp\/v2\/media?parent=24903"}],"wp:term":[{"taxonomy":"category","embeddable":true,"href":"https:\/\/uit-ci.org\/index.php\/wp-json\/wp\/v2\/categories?post=24903"},{"taxonomy":"post_tag","embeddable":true,"href":"https:\/\/uit-ci.org\/index.php\/wp-json\/wp\/v2\/tags?post=24903"}],"curies":[{"name":"wp","href":"https:\/\/api.w.org\/{rel}","templated":true}]}}