{"id":24982,"date":"2025-12-03T18:11:57","date_gmt":"2025-12-03T18:11:57","guid":{"rendered":"http:\/\/uit-ci.org\/?p=24982"},"modified":"2025-12-03T20:25:05","modified_gmt":"2025-12-03T20:25:05","slug":"24982","status":"publish","type":"post","link":"https:\/\/uit-ci.org\/index.php\/2025\/12\/03\/24982\/?lang=pt-br","title":{"rendered":"Todos \u00e0 Greve Geral \u2013 11 Dez"},"content":{"rendered":"<div class=\"single56__header single56__block align-center\">\n<h2 class=\"wp-block-heading\">Porque \u00e9 necess\u00e1ria a greve<\/h2>\n<p>O Governo da AD quer aprovar a maior regress\u00e3o de direitos laborais desde a troika: despedimentos mais f\u00e1ceis, precariedade generalizada, hor\u00e1rios desregulados e mais poder patronal sobre a vida dos trabalhadores.<\/p>\n<p>Apesar de este plano n\u00e3o constar do programa do Governo apresentado a elei\u00e7\u00f5es, nada disto caiu \u201cdo c\u00e9u\u201d: faz parte de um projeto que j\u00e1 vem sendo aplicado pelos sucessivos governos PSD\/PS para baixar sal\u00e1rios, enfraquecer sindicatos e p\u00f4r a economia a funcionar \u00e0 custa do trabalhador.<\/p>\n<p>Precisamos de uma greve geral forte se queremos travar este ataque. O Governo tenta dividir, prometendo recuos cosm\u00e9ticos e negociando por fora com a UGT, mas o essencial mant\u00e9m-se. A greve \u00e9 justa, necess\u00e1ria e urgente.<\/p>\n<p>A simples convocat\u00f3ria da greve obrigou o Governo a recuar em pontos secund\u00e1rios e for\u00e7ou um debate p\u00fablico mais abrangente sobre o conte\u00fado desta reforma, trazendo mais consci\u00eancia sobre o tamanho do ataque que a AD prepara contra os trabalhadores. E quanto maior for a paralisa\u00e7\u00e3o no dia 11 de dezembro, maior ser\u00e1 a nossa capacidade de derrotar o pacote laboral.<\/p>\n<p>Esta greve geral ser\u00e1 tamb\u00e9m a express\u00e3o de um descontentamento acumulado muito para al\u00e9m da reforma laboral. Num pa\u00eds onde cresce a indigna\u00e7\u00e3o com o apoio europeu ao genoc\u00eddio em curso na Palestina, muitos trabalhadores far\u00e3o greve trazendo tamb\u00e9m esta revolta: porque quem luta pelo seu sal\u00e1rio e pelos seus direitos reconhece a luta de outros povos contra a opress\u00e3o.<\/p>\n<p>A solidariedade internacional faz parte da tradi\u00e7\u00e3o dos trabalhadores e a defesa da Palestina \u00e9 hoje uma das suas express\u00f5es mais vivas. E \u00e9 essa mesma for\u00e7a coletiva que hoje se expressa no apoio \u00e0 resist\u00eancia palestiniana que pode transformar uma greve como a de 11 de dezembro num momento decisivo de luta, capaz de travar este ataque.<\/p>\n<h2 class=\"wp-block-heading\">Como a greve devia estar a ser preparada<br \/>\n(e o que ainda falta fazer)<\/h2>\n<p>A greve geral foi finalmente convocada depois de meses de paralisia das dire\u00e7\u00f5es sindicais. Mas,\u00a0 para que a paralisa\u00e7\u00e3o tenha for\u00e7a real, n\u00e3o basta marcar uma data. Uma greve geral capaz de travar a reforma laboral exige uma prepara\u00e7\u00e3o totalmente diferente daquela que est\u00e1 a ser feita pela CGTP e pela UGT.<\/p>\n<p>Esta greve devia estar a ser constru\u00edda pela base, com organiza\u00e7\u00e3o nos locais de trabalho:\u00a0<strong>assembleias abertas<\/strong>\u00a0em cada empresa e servi\u00e7o, onde os trabalhadores discutam o ataque em curso e decidam como participar;\u00a0<strong>plen\u00e1rios intersindicais e comiss\u00f5es de base eleitas<\/strong>, que coordenem a mobiliza\u00e7\u00e3o de baixo para cima;\u00a0<strong>informa\u00e7\u00e3o clara e permanente<\/strong>\u00a0nos locais de trabalho sobre o que est\u00e1 realmente em causa na reforma laboral.<\/p>\n<p>Falta tamb\u00e9m um plano de mobiliza\u00e7\u00e3o nacional e uma grande manifesta\u00e7\u00e3o no pr\u00f3prio dia Nenhuma das centrais convocou, at\u00e9 agora,\u00a0<strong>uma manifesta\u00e7\u00e3o nacional para 11 de dezembro<\/strong>. Isto fragiliza a greve: deixa trabalhadores isolados, reduz a visibilidade p\u00fablica e facilita ao Governo relativizar a sua for\u00e7a<\/p>\n<p>A aus\u00eancia deste plano \u00e9 responsabilidade direta das grandes centrais sindicais, que querem uma greve controlada, limitada e facilmente capitaliz\u00e1vel numa negocia\u00e7\u00e3o posterior. Mas nada est\u00e1 perdido. Os trabalhadores ainda podem transformar esta greve!<\/p>\n<h2 class=\"wp-block-heading\">5 coisas que podes fazer para dar for\u00e7a \u00e0 greve geral<\/h2>\n<p><strong>1. Organizar uma reuni\u00e3o sindical ou conversa informal<\/strong><strong><br \/>\n<\/strong>Mesmo que pequena. O objetivo \u00e9 simples: explicar o que est\u00e1 em causa, esclarecer d\u00favidas e perceber o estado de esp\u00edrito do setor. Mesmo que o sindicato do setor ou a comiss\u00e3o de trabalhadores seja inexistente ou n\u00e3o tome iniciativa, qualquer trabalhador pode organizar a discuss\u00e3o.<\/p>\n<p><strong>2. Criar um grupo de contacto entre colegas<\/strong><strong><br \/>\n<\/strong>Pode ser um grupo de WhatsApp ou Signal. Serve para trocar informa\u00e7\u00e3o, esclarecer d\u00favidas sobre a greve e articular a ades\u00e3o.<\/p>\n<p><strong>3. Discutir os impactos da reforma no nosso setor<\/strong><strong><br \/>\n<\/strong>N\u00e3o basta falar \u201cda lei em geral\u201d: explicar concretamente o que muda no hospital, na escola, no armaz\u00e9m, na f\u00e1brica, na loja, no escrit\u00f3rio. Isso aumenta a ades\u00e3o.<\/p>\n<p><strong>4. Identificar quem est\u00e1 hesitante e falar com essas pessoas<\/strong><strong><br \/>\n<\/strong>Nem todos aderem logo. Uma conversa franca, centrada nos problemas reais do setor (hor\u00e1rios, precariedade, press\u00f5es, sal\u00e1rios), pode mudar posi\u00e7\u00f5es.<\/p>\n<p><strong>5. Organizar piquetes para o dia da greve<\/strong><strong><br \/>\n<\/strong>No pr\u00f3prio dia, h\u00e1 sempre quem decida aderir \u00e0 \u00faltima hora. Sempre que poss\u00edvel, devemos organizar piquetes \u00e0 porta do local de trabalho, informar os colegas que est\u00e3o indecisos e dar for\u00e7a aos que est\u00e3o a participar.<\/p>\n<p><strong>Depois da greve geral, \u00e9 importante manter a articula\u00e7\u00e3o. A luta n\u00e3o termina no dia 11!<\/strong><strong><br \/>\n<\/strong><strong>Criar listas de contacto e manter grupos de discuss\u00e3o ajuda a preparar o que vem a seguir.<\/strong><\/p>\n<\/div>\n","protected":false},"excerpt":{"rendered":"<p>Porque \u00e9 necess\u00e1ria a greve O Governo da AD quer aprovar a maior regress\u00e3o de direitos laborais desde a troika: despedimentos mais f\u00e1ceis, precariedade generalizada, hor\u00e1rios desregulados e mais poder patronal sobre a vida dos trabalhadores. Apesar de este plano n\u00e3o constar do programa do Governo apresentado a elei\u00e7\u00f5es, nada disto caiu \u201cdo c\u00e9u\u201d: faz [&hellip;]<\/p>\n","protected":false},"author":2,"featured_media":24979,"comment_status":"closed","ping_status":"closed","sticky":false,"template":"","format":"standard","meta":[],"categories":[],"tags":[],"_links":{"self":[{"href":"https:\/\/uit-ci.org\/index.php\/wp-json\/wp\/v2\/posts\/24982"}],"collection":[{"href":"https:\/\/uit-ci.org\/index.php\/wp-json\/wp\/v2\/posts"}],"about":[{"href":"https:\/\/uit-ci.org\/index.php\/wp-json\/wp\/v2\/types\/post"}],"author":[{"embeddable":true,"href":"https:\/\/uit-ci.org\/index.php\/wp-json\/wp\/v2\/users\/2"}],"replies":[{"embeddable":true,"href":"https:\/\/uit-ci.org\/index.php\/wp-json\/wp\/v2\/comments?post=24982"}],"version-history":[{"count":4,"href":"https:\/\/uit-ci.org\/index.php\/wp-json\/wp\/v2\/posts\/24982\/revisions"}],"predecessor-version":[{"id":24993,"href":"https:\/\/uit-ci.org\/index.php\/wp-json\/wp\/v2\/posts\/24982\/revisions\/24993"}],"wp:featuredmedia":[{"embeddable":true,"href":"https:\/\/uit-ci.org\/index.php\/wp-json\/wp\/v2\/media\/24979"}],"wp:attachment":[{"href":"https:\/\/uit-ci.org\/index.php\/wp-json\/wp\/v2\/media?parent=24982"}],"wp:term":[{"taxonomy":"category","embeddable":true,"href":"https:\/\/uit-ci.org\/index.php\/wp-json\/wp\/v2\/categories?post=24982"},{"taxonomy":"post_tag","embeddable":true,"href":"https:\/\/uit-ci.org\/index.php\/wp-json\/wp\/v2\/tags?post=24982"}],"curies":[{"name":"wp","href":"https:\/\/api.w.org\/{rel}","templated":true}]}}