{"id":24996,"date":"2025-12-03T21:03:28","date_gmt":"2025-12-03T21:03:28","guid":{"rendered":"http:\/\/uit-ci.org\/?p=24996"},"modified":"2025-12-03T21:03:28","modified_gmt":"2025-12-03T21:03:28","slug":"nao-as-novas-ameacas-de-agressao-militar-de-trump-contra-a-venezuela-e-a-colombia","status":"publish","type":"post","link":"https:\/\/uit-ci.org\/index.php\/2025\/12\/03\/nao-as-novas-ameacas-de-agressao-militar-de-trump-contra-a-venezuela-e-a-colombia\/?lang=pt-br","title":{"rendered":"N\u00e3o \u00e0s novas amea\u00e7as de agress\u00e3o militar de Trump contra a Venezuela e a Col\u00f4mbia!"},"content":{"rendered":"<p data-start=\"126\" data-end=\"211\"><strong data-start=\"126\" data-end=\"211\">Por Unidade Internacional de Trabalhadores e Trabalhadoras \u2013 Quarta Internacional<\/strong><\/p>\n<p data-start=\"213\" data-end=\"838\">3\/11\/2025. O ultradireitista Donald Trump voltou a anunciar, em 2 de dezembro, que: \u201cVamos come\u00e7ar a atacar tamb\u00e9m por terra\u201d, referindo-se \u00e0 Venezuela e abrindo a possibilidade de que fa\u00e7am o mesmo com a Col\u00f4mbia. Ele o fez utilizando o falso argumento do narcotr\u00e1fico: \u201cA Col\u00f4mbia tem f\u00e1bricas inteiras de coca\u00edna\u201d (\u2026) \u201cQualquer um que fa\u00e7a isso e o venda ao nosso pa\u00eds est\u00e1 sujeito a ataques&#8230; n\u00e3o apenas a Venezuela\u201d, advertiu Trump (La Naci\u00f3n, Argentina, 3\/12\/2025). Tal \u00e9 o grau de agress\u00e3o imperialista que Trump \u201cordenou\u201d o fechamento do espa\u00e7o a\u00e9reo da Venezuela para as companhias a\u00e9reas comerciais de passageiros.<\/p>\n<p data-start=\"840\" data-end=\"1460\">Desde a UIT-QI, como socialistas revolucion\u00e1rios, repudiamos essas amea\u00e7as imperialistas e os ataques com m\u00edsseis executados pelo ultradireitista Donald Trump no Caribe e no Pac\u00edfico. Desde setembro, os Estados Unidos realizaram dezenas de bombardeios com um saldo de mais de 80 pessoas mortas, v\u00e1rias delas venezuelanas, colombianas, equatorianas e de Trinidad e Tobago. Trata-se de verdadeiros assassinatos, em \u00e1guas internacionais. V\u00e1rias das pessoas assassinadas da Col\u00f4mbia, Venezuela e Trinidad foram reconhecidas por familiares como pescadores que realizavam suas faenas com pequenas embarca\u00e7\u00f5es no sul do Caribe.<\/p>\n<p data-start=\"1462\" data-end=\"1783\">Essa pol\u00edtica agressiva do imperialismo norte-americano, sob o pretexto da luta contra o narcotr\u00e1fico, busca redobrar o saque dos recursos naturais dos pa\u00edses, a superexplora\u00e7\u00e3o dos povos do mundo e frear a mobiliza\u00e7\u00e3o de massas que p\u00f5e em xeque todo o sistema capitalista\/imperialista, imerso em sua crise mais profunda.<\/p>\n<p data-start=\"1785\" data-end=\"2278\">Todos esses ataques fazem parte de uma contraofensiva global realizada por Trump, que tenta reverter a crise de domina\u00e7\u00e3o e a crise econ\u00f4mica dos Estados Unidos, parte da crise global do capitalismo imperialista. Trump procura tornar a \u201cAm\u00e9rica grande novamente\u201d, como diz seu lema, mas at\u00e9 agora sem sucesso. Mais recentemente, tudo isso se expressou em seu apoio incondicional ao genocida Netanyahu e \u00e0 limpeza \u00e9tnica em Gaza e em toda a Palestina, onde ainda n\u00e3o conseguiram cantar vit\u00f3ria.<\/p>\n<p data-start=\"2280\" data-end=\"2750\">H\u00e1 meses, o ultradireitista Donald Trump mobilizou aproximadamente 10.000 efetivos militares, destr\u00f3ieres com m\u00edsseis Tomahawk, avi\u00f5es F-35 e bombardeiros estrat\u00e9gicos B-52, junto ao envio de seu maior porta-avi\u00f5es ao Caribe, o USS Gerald Ford, acompanhado por um grupo de ataque composto por v\u00e1rios navios de guerra, muito perto das costas da Venezuela e da Col\u00f4mbia. Trump tamb\u00e9m fez um acordo com o governo da Rep\u00fablica Dominicana para usar o pa\u00eds como apoio militar.<\/p>\n<p data-start=\"2752\" data-end=\"3139\">Na realidade, todo esse deslocamento militar no Caribe e no Pac\u00edfico n\u00e3o \u00e9 demonstra\u00e7\u00e3o de for\u00e7a; pelo contr\u00e1rio, evidencia as debilidades e a crise do imperialismo, que h\u00e1 anos vem acumulando retrocessos e fracassos econ\u00f4micos, pol\u00edticos e militares. Isso come\u00e7ou com a derrota no Vietn\u00e3, em 1975, e continuou com a retirada do Afeganist\u00e3o, em 2021, ap\u00f3s 20 anos de ocupa\u00e7\u00e3o fracassada.<\/p>\n<p data-start=\"3141\" data-end=\"3900\">Trump tamb\u00e9m n\u00e3o tem vida f\u00e1cil dentro dos pr\u00f3prios Estados Unidos, onde as \u00faltimas pesquisas mostram que mais de 70% da popula\u00e7\u00e3o se op\u00f5e a uma invas\u00e3o militar na Venezuela ou em outro pa\u00eds. V\u00e1rios parlamentares democratas e alguns republicanos questionaram a legalidade dos bombardeios em \u00e1guas internacionais. Chegou ao ponto de seis congressistas democratas \u2014 todos veteranos das for\u00e7as militares ou de intelig\u00eancia \u2014 publicarem um v\u00eddeo no qual alertam os militares de que \u201cpodem recusar ordens quando s\u00e3o ilegais\u201d. Trump acusou os democratas de \u201ccomportamento sedicioso\u201d e escreveu: \u201cCada um desses traidores ao nosso pa\u00eds deveria ser detido e julgado\u201d. E acrescentou que sua atitude era \u201cpun\u00edvel com a morte\u201d (dados de La Naci\u00f3n, Argentina, 3\/12\/2025).<\/p>\n<p data-start=\"3902\" data-end=\"4145\">Tudo isso ocorre no marco de den\u00fancias de que o presidente norte-americano respaldou seu secret\u00e1rio de Defesa por uma suposta ordem para matar dois sobreviventes no Caribe, e afirmou que \u201cmuito em breve\u201d lan\u00e7ar\u00e3o opera\u00e7\u00f5es dentro da Venezuela.<\/p>\n<p data-start=\"4147\" data-end=\"4624\">Um relat\u00f3rio do The Washington Post, baseado no testemunho de funcion\u00e1rios do Pent\u00e1gono, afirmou que o secret\u00e1rio de Defesa, Pete Hegseth, havia dado a ordem verbal de matar dois sobreviventes que se agarravam aos restos do naufr\u00e1gio em chamas. O almirante Frank Bradley, chefe do Comando Conjunto de Opera\u00e7\u00f5es Especiais (JSOC, na sigla em ingl\u00eas), aparentemente transmitiu a ordem \u00e0s suas for\u00e7as, que lan\u00e7aram um ataque adicional onde morreram os dois sobreviventes indefesos.<\/p>\n<p data-start=\"4626\" data-end=\"4980\">A UIT-QI e suas se\u00e7\u00f5es ratificam seu rep\u00fadio a essa a\u00e7\u00e3o criminosa de Trump no Caribe e no Pac\u00edfico, \u00e0s suas amea\u00e7as de agress\u00e3o militar contra a Venezuela e a Col\u00f4mbia, assim como a qualquer bombardeio ou invas\u00e3o a seus territ\u00f3rios. Trump tamb\u00e9m incluiu em suas amea\u00e7as a exig\u00eancia de que Nicol\u00e1s Maduro renuncie ao poder, quest\u00e3o que tamb\u00e9m repudiamos.<\/p>\n<p data-start=\"4982\" data-end=\"5459\">A UIT-QI e o Partido Socialismo e Liberdade (PSL), sua se\u00e7\u00e3o venezuelana, n\u00e3o apoiam o governo de Maduro, que consideramos uma ditadura capitalista que, sob um falso discurso socialista, reprime e explora o povo trabalhador; mas \u00e9 o povo trabalhador venezuelano que deve decidir seu destino e n\u00e3o o imperialismo genocida dos Estados Unidos. Por isso repudiamos a agress\u00e3o imperialista nas costas da Venezuela, assim como qualquer ataque ou tentativa de invas\u00e3o militar ao pa\u00eds.<\/p>\n<p data-start=\"5461\" data-end=\"6159\">Desde a UIT-QI chamamos os povos da Am\u00e9rica Latina e do mundo a repudiar e mobilizar-se para rejeitar a presen\u00e7a de navios de guerra e tropas dos EUA no mar do Caribe e no Pac\u00edfico. O presidente da Col\u00f4mbia, Petro, tamb\u00e9m rejeitou as amea\u00e7as agressivas de Trump. Propomos que ele convoque uma jornada de rep\u00fadio e uma mobiliza\u00e7\u00e3o continental para derrotar Trump. Que Lula, no Brasil, se pronuncie no mesmo sentido \u2014 algo que at\u00e9 agora n\u00e3o ocorreu. Que as organiza\u00e7\u00f5es pol\u00edticas, sindicais, estudantis, de mulheres e dissid\u00eancias, que se reivindicam democr\u00e1ticas e anti-imperialistas, convoquem em cada pa\u00eds mobiliza\u00e7\u00f5es unit\u00e1rias nas ruas ou diante de embaixadas ou consulados dos Estados Unidos.<\/p>\n<p data-start=\"6161\" data-end=\"6358\"><strong data-start=\"6161\" data-end=\"6358\">Basta de bombardeios navais e assassinatos no Caribe e no Pac\u00edfico!<br data-start=\"6230\" data-end=\"6233\" \/>N\u00e3o \u00e0s amea\u00e7as intervencionistas de Trump e do imperialismo sobre a Venezuela e a Col\u00f4mbia!<br data-start=\"6324\" data-end=\"6327\" \/>Fora Trump da Am\u00e9rica Latina!<\/strong><\/p>\n<p data-start=\"6360\" data-end=\"6474\"><strong data-start=\"6360\" data-end=\"6450\">Unidade Internacional de Trabalhadoras e Trabalhadores \u2013 Quarta Internacional (UIT-QI)<\/strong><br data-start=\"6450\" data-end=\"6453\" \/>3 de dezembro de 2025<\/p>\n","protected":false},"excerpt":{"rendered":"<p>Por Unidade Internacional de Trabalhadores e Trabalhadoras \u2013 Quarta Internacional 3\/11\/2025. O ultradireitista Donald Trump voltou a anunciar, em 2 de dezembro, que: \u201cVamos come\u00e7ar a atacar tamb\u00e9m por terra\u201d, referindo-se \u00e0 Venezuela e abrindo a possibilidade de que fa\u00e7am o mesmo com a Col\u00f4mbia. Ele o fez utilizando o falso argumento do narcotr\u00e1fico: \u201cA [&hellip;]<\/p>\n","protected":false},"author":2,"featured_media":24951,"comment_status":"closed","ping_status":"closed","sticky":false,"template":"","format":"standard","meta":[],"categories":[308],"tags":[],"_links":{"self":[{"href":"https:\/\/uit-ci.org\/index.php\/wp-json\/wp\/v2\/posts\/24996"}],"collection":[{"href":"https:\/\/uit-ci.org\/index.php\/wp-json\/wp\/v2\/posts"}],"about":[{"href":"https:\/\/uit-ci.org\/index.php\/wp-json\/wp\/v2\/types\/post"}],"author":[{"embeddable":true,"href":"https:\/\/uit-ci.org\/index.php\/wp-json\/wp\/v2\/users\/2"}],"replies":[{"embeddable":true,"href":"https:\/\/uit-ci.org\/index.php\/wp-json\/wp\/v2\/comments?post=24996"}],"version-history":[{"count":1,"href":"https:\/\/uit-ci.org\/index.php\/wp-json\/wp\/v2\/posts\/24996\/revisions"}],"predecessor-version":[{"id":24997,"href":"https:\/\/uit-ci.org\/index.php\/wp-json\/wp\/v2\/posts\/24996\/revisions\/24997"}],"wp:featuredmedia":[{"embeddable":true,"href":"https:\/\/uit-ci.org\/index.php\/wp-json\/wp\/v2\/media\/24951"}],"wp:attachment":[{"href":"https:\/\/uit-ci.org\/index.php\/wp-json\/wp\/v2\/media?parent=24996"}],"wp:term":[{"taxonomy":"category","embeddable":true,"href":"https:\/\/uit-ci.org\/index.php\/wp-json\/wp\/v2\/categories?post=24996"},{"taxonomy":"post_tag","embeddable":true,"href":"https:\/\/uit-ci.org\/index.php\/wp-json\/wp\/v2\/tags?post=24996"}],"curies":[{"name":"wp","href":"https:\/\/api.w.org\/{rel}","templated":true}]}}