{"id":25030,"date":"2025-12-09T20:13:40","date_gmt":"2025-12-09T20:13:40","guid":{"rendered":"http:\/\/uit-ci.org\/?p=25030"},"modified":"2025-12-09T20:13:40","modified_gmt":"2025-12-09T20:13:40","slug":"une-annee-sans-assad-en-syrie-la-lutte-pour-la-liberte-et-la-dignite-continue","status":"publish","type":"post","link":"https:\/\/uit-ci.org\/index.php\/2025\/12\/09\/une-annee-sans-assad-en-syrie-la-lutte-pour-la-liberte-et-la-dignite-continue\/?lang=fr","title":{"rendered":"Une ann\u00e9e sans Assad en Syrie : la lutte pour la libert\u00e9 et la dignit\u00e9 continue!"},"content":{"rendered":"<p><span style=\"font-weight: 400;\">L&#8217;une des dictatures les plus sanglantes que l&#8217;histoire de l&#8217;humanit\u00e9 ait connues est entr\u00e9e dans les archives il y a exactement un an. Le 8 d\u00e9cembre 2024, avec la fin de la dynastie Assad apr\u00e8s 54 ans, une nouvelle page s&#8217;est ouverte non seulement pour l&#8217;avenir de la Syrie, mais encore pour celui de toute la r\u00e9gion. Aujourd&#8217;hui, nous partageons c\u00e9l\u00e9brations et y participons, et \u00e0 la joie du peuple syrien, qui a mis fin \u00e0 ce r\u00e9gime sanguinaire en payant un prix \u00e9norme.<\/span><\/p>\n<p><span style=\"font-weight: 400;\">Le changement en Syrie a commenc\u00e9 lorsque la vague r\u00e9volutionnaire, qui s\u2019 est initi\u00e9e en Tunisie \u00e0 la fin de 2010 et s&#8217;est \u00e9tendue \u00e0 toute la r\u00e9gion, a atteint la Syrie en mars 2011 et que le peuple est descendu dans la rue pour r\u00e9clamer \u00ab la libert\u00e9 et la dignit\u00e9 \u00bb. Apr\u00e8s pr\u00e8s de 14 ans d&#8217;un processus marqu\u00e9 par des avanc\u00e9es et des reculs, au cours duquel la dictature d&#8217;Assad a tent\u00e9 de r\u00e9primer dans le sang la r\u00e9volte populaire, le slogan \u00ab Le peuple veut la chute du r\u00e9gime ! \u00bb s&#8217;est finalement r\u00e9alis\u00e9.<\/span><\/p>\n<p><span style=\"font-weight: 400;\">Avec la chute du r\u00e9gime, les centres de torture et de massacre constitu\u00e9s par les prisons ont \u00e9t\u00e9 ferm\u00e9s, les prisonniers politiques ont retrouv\u00e9 leur libert\u00e9 et le peuple syrien a obtenu des avanc\u00e9es importantes en termes de libert\u00e9 d&#8217;expression et d&#8217;organisation. Cependant, durant l&#8217;ann\u00e9e derni\u00e8re, des \u00e9v\u00e9nements tr\u00e8s graves ont menac\u00e9 les acquis de la r\u00e9volution. Les massacres perp\u00e9tr\u00e9s dans la r\u00e9gion c\u00f4ti\u00e8re et \u00e0 Suwayda ont \u00e9t\u00e9 les \u00e9v\u00e9nements les plus significatifs qui ont montr\u00e9 la fragilit\u00e9 de la nouvelle p\u00e9riode. L&#8217;expansion de l&#8217;occupation sioniste dans le sud et la poursuite de ses op\u00e9rations militaires, l&#8217;absence de toute am\u00e9lioration s\u00e9rieuse des conditions \u00e9conomiques et sociales de la population laborieuse, ainsi que les d\u00e9veloppements qui menacent les droits des femmes, ont constitu\u00e9 d&#8217;autres axes d\u00e9terminants de cette \u00e9tape.<\/span><\/p>\n<p><span style=\"font-weight: 400;\">La caract\u00e9ristique fondamentale de cette nouvelle p\u00e9riode, pleine d&#8217;opportunit\u00e9s mais \u00e9galement de dangers, est qu&#8217;apr\u00e8s la chute du r\u00e9gime, le pouvoir est rest\u00e9 entre les mains d&#8217;un gouvernement bourgeois provisoire qui ne repr\u00e9sente pas les revendications r\u00e9volutionnaires de \u00ab libert\u00e9 et dignit\u00e9 \u00bb. La priorit\u00e9 de ce gouvernement provisoire, constitu\u00e9 sous la direction du leader du HTS, al-Sharaa, est de reconstruire l&#8217;\u00c9tat capitaliste endommag\u00e9 par la r\u00e9volution et de consolider son pouvoir politique.<\/span><\/p>\n<p><span style=\"font-weight: 400;\">Le gouvernement provisoire, qui a d&#8217;abord tent\u00e9 de l\u00e9gitimer son pouvoir par une \u00ab Conf\u00e9rence de la victoire \u00bb d\u00e9clar\u00e9e unilat\u00e9ralement, puis par une mascarade \u00e9lectorale \u00e0 laquelle seules six mille personnes avaient le droit de voter, a tent\u00e9 de se maintenir \u00e0 ce stade gr\u00e2ce \u00e0 deux politiques centrales. Tout d&#8217;abord, il a tent\u00e9 de monopoliser la repr\u00e9sentation de la majorit\u00e9 arabe sunnite en exploitant les divisions sectaires et nationales h\u00e9rit\u00e9es du r\u00e9gime pr\u00e9c\u00e9dent. Dans ce cadre, il n&#8217;a pas h\u00e9sit\u00e9 \u00e0 pr\u00e9senter comme une menace les minorit\u00e9s ethniques et sectaires qui sont des composantes historiques et originelles du pays. Les r\u00e9sultats de cette politique se sont traduits par l&#8217;exclusion syst\u00e9matique de tous les acteurs politiques \u00e9trangers au gouvernement provisoire et, finalement, par les massacres qui ont eu lieu dans la r\u00e9gion c\u00f4ti\u00e8re et \u00e0 Suwayda.<\/span><\/p>\n<p><span style=\"font-weight: 400;\">L&#8217;autre politique fondamentale du gouvernement provisoire a \u00e9t\u00e9 d&#8217;obtenir le soutien des puissances r\u00e9gionales et mondiales, quel qu&#8217;en soit le co\u00fbt. Cherchant \u00e0 consolider sa l\u00e9gitimit\u00e9 par la reconnaissance internationale, il a adopt\u00e9 une ligne fond\u00e9e sur toutes sortes de concessions. Il n&#8217;a pris aucune position pour d\u00e9fendre la souverainet\u00e9 nationale face aux nouvelles occupations sionistes dans le sud, ni face \u00e0 l&#8217;occupation turque dans le nord et au contr\u00f4le qu&#8217;elle maintient dans plusieurs zones gr\u00e2ce \u00e0 ses extensions militaires, ni face \u00e0 la pr\u00e9sence militaire des \u00c9tats-Unis et \u00e0 leurs op\u00e9rations dans le pays, ni face aux bases militaires russes qui continuent d&#8217;exister et qui ont prot\u00e9g\u00e9 l&#8217;ancien r\u00e9gime.<\/span><\/p>\n<p><span style=\"font-weight: 400;\">Cette approche complaisante visait \u00e0 lever les sanctions existantes et \u00e0 assurer le d\u00e9veloppement \u00e9conomique gr\u00e2ce \u00e0 des investissements \u00e9trangers et \u00e0 des privatisations. Cependant, malgr\u00e9 des dizaines d&#8217;accords sign\u00e9s du Golfe \u00e0 l&#8217;Europe et aux \u00c9tats-Unis, aucun r\u00e9sultat concret n&#8217;a \u00e9t\u00e9 obtenu jusqu&#8217;\u00e0 pr\u00e9sent. De plus, la mise en \u0153uvre de ces accords ne signifierait pas une am\u00e9lioration des conditions de vie des travailleurs. Toutefois, elle transformerait la situation du pays : de semi-colonie de la Russie et de l&#8217;Iran dans le pass\u00e9, il deviendrait une semi-colonie des imp\u00e9rialismes occidentaux et des pays du Golfe.<\/span><\/p>\n<p><span style=\"font-weight: 400;\">Alors que le gouvernement provisoire continue de demander \u00ab plus de temps \u00bb pour obtenir des avanc\u00e9es concr\u00e8tes, nous affirmons que \u00ab ce que vous avez fait est la garantie de ce que vous ferez \u00bb. C&#8217;est pourquoi nous participons aux mobilisations organis\u00e9es \u00e0 l&#8217;occasion de l&#8217;anniversaire de la chute du r\u00e9gime avec des revendications et des slogans clairs. Les revendications authentiques de la r\u00e9volution syrienne ne peuvent \u00eatre comprises que par la mobilisation des masses travailleuses syriennes, et c&#8217;est uniquement sous un gouvernement ouvrier et populaire qu&#8217;elles pourront devenir des conqu\u00eates durables et d\u00e9finitives. Le r\u00e9gime d&#8217;Assad est tomb\u00e9, mais notre lutte pour la libert\u00e9 et la dignit\u00e9 continue !<\/span><\/p>\n<ul>\n<li style=\"font-weight: 400;\" aria-level=\"1\"><span style=\"font-weight: 400;\">Justice maintenant pour les personnes assassin\u00e9es, les disparus et les prisonniers !<\/span><\/li>\n<li style=\"font-weight: 400;\" aria-level=\"1\"><span style=\"font-weight: 400;\">Les richesses du pays doivent \u00eatre utilis\u00e9es pour r\u00e9pondre aux besoins urgents du peuple travailleur. Toutes les propri\u00e9t\u00e9s appartenant \u00e0 l&#8217;oligarchie d&#8217;Assad et \u00e0 ses associ\u00e9s doivent \u00eatre nationalis\u00e9es sans compensation. Les paiements de la dette ext\u00e9rieure envers la Russie et l&#8217;Iran doivent \u00eatre annul\u00e9s. Les dettes publiques h\u00e9rit\u00e9es de la p\u00e9riode Assad doivent \u00eatre r\u00e9voqu\u00e9es, et les ressources ainsi lib\u00e9r\u00e9es doivent \u00eatre utilis\u00e9es pour satisfaire les besoins les plus urgents du peuple : logement, alimentation, transport, sant\u00e9 et \u00e9ducation.<\/span><\/li>\n<li style=\"font-weight: 400;\" aria-level=\"1\"><span style=\"font-weight: 400;\">Dehors le sionisme de Syrie et de Palestine ! Le Golan est syrien. Palestine libre du fleuve \u00e0 la mer.<\/span><\/li>\n<li style=\"font-weight: 400;\" aria-level=\"1\"><span style=\"font-weight: 400;\">Les \u00c9tats-Unis, la Russie, la Turquie et toutes les forces \u00e9trang\u00e8res doivent quitter le pays imm\u00e9diatement.<\/span><\/li>\n<li style=\"font-weight: 400;\" aria-level=\"1\"><span style=\"font-weight: 400;\">Intensifions la lutte contre toutes les politiques d&#8217;exclusion et de marginalisation appliqu\u00e9es aux femmes dans la vie politique, sociale et professionnelle, ainsi que contre l&#8217;oppression des peuples opprim\u00e9s ! Ces droits ne seront garantis ni par des promesses ni par les autorit\u00e9s actuelles, mais uniquement par la mobilisation du peuple syrien.<\/span><\/li>\n<li style=\"font-weight: 400;\" aria-level=\"1\"><span style=\"font-weight: 400;\">Non aux \u00e9lections truqu\u00e9es ! Pour garantir tous les droits et libert\u00e9s d\u00e9mocratiques, nous exigeons une Assembl\u00e9e constituante libre et souveraine.<\/span><\/li>\n<\/ul>\n<p>&nbsp;<\/p>\n<p><span style=\"font-weight: 400;\">8 d\u00e9cembre 2025<\/span><\/p>\n<p><b>Unit\u00e9 internationale des travailleurs et travailleuses \u2013 Quatri\u00e8me Internationale (UIT-QI)<\/b><\/p>\n","protected":false},"excerpt":{"rendered":"<p>L&#8217;une des dictatures les plus sanglantes que l&#8217;histoire de l&#8217;humanit\u00e9 ait connues est entr\u00e9e dans les archives il y a exactement un an. Le 8 d\u00e9cembre 2024, avec la fin de la dynastie Assad apr\u00e8s 54 ans, une nouvelle page s&#8217;est ouverte non seulement pour l&#8217;avenir de la Syrie, mais encore pour celui de toute [&hellip;]<\/p>\n","protected":false},"author":2,"featured_media":25022,"comment_status":"closed","ping_status":"closed","sticky":false,"template":"","format":"standard","meta":[],"categories":[],"tags":[120],"_links":{"self":[{"href":"https:\/\/uit-ci.org\/index.php\/wp-json\/wp\/v2\/posts\/25030"}],"collection":[{"href":"https:\/\/uit-ci.org\/index.php\/wp-json\/wp\/v2\/posts"}],"about":[{"href":"https:\/\/uit-ci.org\/index.php\/wp-json\/wp\/v2\/types\/post"}],"author":[{"embeddable":true,"href":"https:\/\/uit-ci.org\/index.php\/wp-json\/wp\/v2\/users\/2"}],"replies":[{"embeddable":true,"href":"https:\/\/uit-ci.org\/index.php\/wp-json\/wp\/v2\/comments?post=25030"}],"version-history":[{"count":1,"href":"https:\/\/uit-ci.org\/index.php\/wp-json\/wp\/v2\/posts\/25030\/revisions"}],"predecessor-version":[{"id":25031,"href":"https:\/\/uit-ci.org\/index.php\/wp-json\/wp\/v2\/posts\/25030\/revisions\/25031"}],"wp:featuredmedia":[{"embeddable":true,"href":"https:\/\/uit-ci.org\/index.php\/wp-json\/wp\/v2\/media\/25022"}],"wp:attachment":[{"href":"https:\/\/uit-ci.org\/index.php\/wp-json\/wp\/v2\/media?parent=25030"}],"wp:term":[{"taxonomy":"category","embeddable":true,"href":"https:\/\/uit-ci.org\/index.php\/wp-json\/wp\/v2\/categories?post=25030"},{"taxonomy":"post_tag","embeddable":true,"href":"https:\/\/uit-ci.org\/index.php\/wp-json\/wp\/v2\/tags?post=25030"}],"curies":[{"name":"wp","href":"https:\/\/api.w.org\/{rel}","templated":true}]}}