{"id":252,"date":"2012-06-14T03:36:41","date_gmt":"2012-06-14T03:36:41","guid":{"rendered":"http:\/\/uit-ci.org\/index.php\/2012\/06\/14\/se-realiza-el-congreso-mundial-de-la-uit-ci\/"},"modified":"2012-06-14T03:36:41","modified_gmt":"2012-06-14T03:36:41","slug":"se-realiza-el-congreso-mundial-de-la-uit-ci","status":"publish","type":"post","link":"https:\/\/uit-ci.org\/index.php\/2012\/06\/14\/se-realiza-el-congreso-mundial-de-la-uit-ci\/","title":{"rendered":"Se realiza el Congreso Mundial de la UIT-CI"},"content":{"rendered":"<p><strong><em><img loading=\"lazy\" class=\" alignleft size-full wp-image-251\" style=\"margin-right: 5px; float: left;\" alt=\"Congreso de la UIT-CI, En apoyo a luchas del mundo y por la unidad de los revolucionarios\" src=\"http:\/\/uit-ci.org\/wp-content\/uploads\/2012\/06\/cuarta-huelga-en-grecia-.jpg\" width=\"240\" height=\"148\" srcset=\"https:\/\/uit-ci.org\/wp-content\/uploads\/2012\/06\/cuarta-huelga-en-grecia-.jpg 600w, https:\/\/uit-ci.org\/wp-content\/uploads\/2012\/06\/cuarta-huelga-en-grecia--300x185.jpg 300w\" sizes=\"(max-width: 240px) 100vw, 240px\" \/>En apoyo a luchas del mundo y por la unidad de los revolucionarios<\/em><\/strong><\/p>\n<p>La Unidad Internacional de los Trabajadores-Cuarta Internacional (UIT-CI) realizar\u00e1 a fines junio del 2012 su IV Congreso Mundial, del que participar\u00e1n socialistas revolucionarios de Latinoam\u00e9rica, Europa y de otras partes del mundo.<\/p>\n<p>Los que integramos la UIT-CI somos parte de la corriente hist\u00f3rica trotskista que fund\u00f3 Nahuel Moreno, fallecido en 1987, y que hoy buscamos darle continuidad a su legado pol\u00edtico y te\u00f3rico, llamando a la unidad de todos los revolucionarios del mundo para apoyar las rebeliones obreras, juveniles y populares.<\/p>\n<p>Esta convocatoria se hace en medio de la m\u00e1s grave crisis del sistema capitalista-imperialista mundial.<\/p>\n<p>  <!--more-->  <\/p>\n<p>Y tambi\u00e9n en medio, de grandes lucha contra las consecuencias de esta crisis del capitalismo y el intento de sus gobiernos para que el peso de ella caiga sobre los pueblos del mundo, con mayores niveles de pobreza y de saqueo.<\/p>\n<p>La decadencia del capitalismo est\u00e1 a la vista. Y son los pueblos los que salen a derribar a quienes los explotan y reprimen. Millones en el mundo cuestionan al sistema aunque sin encontrar cual es la salida. Para debatir todo esto es que convocamos a este Congreso Mundial.<\/p>\n<p>La revoluci\u00f3n \u00e1rabe iniciada en 2011, ha marcado el camino y ha producido un giro en la situaci\u00f3n mundial, a favor de los pueblos y los cambios de fondo. Los j\u00f3venes, los trabajadores y las mujeres de T\u00fanez, Egipto y Libia dieron por tierra con dictadores de d\u00e9cadas en el poder. Triunfaron esas revoluciones democr\u00e1ticas que son parte de una revoluci\u00f3n permanente, que sigue, porque no solo son rebeliones populares contra las dictaduras sino que cuestionan a las multinacionales, a las corporaciones capitalistas y sus ajustes que llevan al desempleo masivo y a salarios de hambre. Ahora es el pueblo sirio el que est\u00e1 dando una feroz batalla contra la dictadura de Assad.<\/p>\n<p>El impacto revolucionario de centenares de miles en la Plaza Tahir de El Cairo, deton\u00f3 el Movimiento de los Indignados de Espa\u00f1a y el mundo, que ya lleg\u00f3 a las entra\u00f1as del imperio norteamericano. Los indignados se han globalizado y unido, de hecho, a las huelgas obreras de Grecia, Espa\u00f1a, Inglaterra, Italia, Portugal y otros pa\u00edses de Europa.<\/p>\n<p>Esta rebeli\u00f3n mundial contra el ajuste capitalista se expande a China y sus huelgas, a Rusia con sus reclamos democr\u00e1ticos, a Quebec, Canad\u00e1, con la movilizaci\u00f3n estudiantil; a Latinoam\u00e9rica con la heroica lucha de los estudiantes de Chile, M\u00e9xico y Colombia, las movilizaciones de los ind\u00edgenas en Bolivia y Per\u00fa y las huelgas sindicales en Argentina, Bolivia, Brasil, Panam\u00e1, M\u00e9xico, Venezuela y otros pa\u00edses.<\/p>\n<p>Millones de trabajadores, de j\u00f3venes, mujeres, campesinos, ind\u00edgenas, se preguntan a donde va el mundo y cual es la salida. La UIT-CI sigue creyendo que la \u00fanica soluci\u00f3n es lograr gobiernos de los Trabajadores, que abran el camino del verdadero Socialismo con democracia para los trabajadores y el pueblo.<\/p>\n<p>El gran obst\u00e1culo a esta salida es la capitulaci\u00f3n de las direcciones reformistas del movimiento de masas. Esto pone en el centro del debate, que gran tarea de la hora es la unidad de los revolucionarios del mundo para construir la direcci\u00f3n nacional e internacional que los trabajadores y los pueblos necesitan.<\/p>\n<p>Del IV congreso de la UIT-CI participar\u00e1, entre otros, Orlando Chirino dirigente obrero de Venezuela, que acaba de presentarse como candidato a presidente, por el Partido Socialismo y Libertad (PSL), para las elecciones del 7 de octubre, para enfrentar al falso socialismo del Siglo XXI de Hugo Ch\u00e1vez, que mantiene una pol\u00edtica antiobrera y apoya al dictador sirio, como antes a Kadafi, ante la rebeli\u00f3n popular, como al candidato de la derecha proyanqui Henrique Capriles.<\/p>\n<p>El congreso debatir\u00e1, junto a otras organizaciones revolucionarias amigas, como intervenir en el proceso revolucionario mundial, como seguir apoyando la revoluci\u00f3n \u00e1rabe y, en especial, a la rebeli\u00f3n popular siria para que triunfe, rechazando toda forma de intervenci\u00f3n imperialista. Debatir\u00e1 y aprobar\u00e1 resoluciones de apoyo a las huelgas y luchas de todo el mundo y por lograr nuevos dirigentes pol\u00edticos y sindicales que apliquen y defiendan la democracia de los de abajo, contra todo burocratismo, en la perspectiva de lograr una nueva direcci\u00f3n socialista mundial.<\/p>\n","protected":false},"excerpt":{"rendered":"<p>En apoyo a luchas del mundo y por la unidad de los revolucionarios La Unidad Internacional de los Trabajadores-Cuarta Internacional (UIT-CI) realizar\u00e1 a fines junio del 2012 su IV Congreso Mundial, del que participar\u00e1n socialistas revolucionarios de Latinoam\u00e9rica, Europa y de otras partes del mundo. Los que integramos la UIT-CI somos parte de la corriente [&hellip;]<\/p>\n","protected":false},"author":1,"featured_media":251,"comment_status":"open","ping_status":"open","sticky":false,"template":"","format":"standard","meta":[],"categories":[21],"tags":[],"_links":{"self":[{"href":"https:\/\/uit-ci.org\/index.php\/wp-json\/wp\/v2\/posts\/252"}],"collection":[{"href":"https:\/\/uit-ci.org\/index.php\/wp-json\/wp\/v2\/posts"}],"about":[{"href":"https:\/\/uit-ci.org\/index.php\/wp-json\/wp\/v2\/types\/post"}],"author":[{"embeddable":true,"href":"https:\/\/uit-ci.org\/index.php\/wp-json\/wp\/v2\/users\/1"}],"replies":[{"embeddable":true,"href":"https:\/\/uit-ci.org\/index.php\/wp-json\/wp\/v2\/comments?post=252"}],"version-history":[{"count":0,"href":"https:\/\/uit-ci.org\/index.php\/wp-json\/wp\/v2\/posts\/252\/revisions"}],"wp:featuredmedia":[{"embeddable":true,"href":"https:\/\/uit-ci.org\/index.php\/wp-json\/wp\/v2\/media\/251"}],"wp:attachment":[{"href":"https:\/\/uit-ci.org\/index.php\/wp-json\/wp\/v2\/media?parent=252"}],"wp:term":[{"taxonomy":"category","embeddable":true,"href":"https:\/\/uit-ci.org\/index.php\/wp-json\/wp\/v2\/categories?post=252"},{"taxonomy":"post_tag","embeddable":true,"href":"https:\/\/uit-ci.org\/index.php\/wp-json\/wp\/v2\/tags?post=252"}],"curies":[{"name":"wp","href":"https:\/\/api.w.org\/{rel}","templated":true}]}}