{"id":25408,"date":"2026-01-23T19:20:55","date_gmt":"2026-01-23T19:20:55","guid":{"rendered":"http:\/\/uit-ci.org\/?p=25408"},"modified":"2026-01-23T19:20:55","modified_gmt":"2026-01-23T19:20:55","slug":"siria-nos-nos-opomos-a-todas-as-tentativas-de-agressao-dirigidas-contra-o-povo-curdo","status":"publish","type":"post","link":"https:\/\/uit-ci.org\/index.php\/2026\/01\/23\/siria-nos-nos-opomos-a-todas-as-tentativas-de-agressao-dirigidas-contra-o-povo-curdo\/?lang=pt-br","title":{"rendered":"S\u00edria: N\u00f3s nos opomos a todas as tentativas de agress\u00e3o dirigidas contra o povo curdo"},"content":{"rendered":"<p data-start=\"283\" data-end=\"460\">Por <strong>Partido da Democracia Oper\u00e1ria<\/strong>, se\u00e7\u00e3o turca da Unidade Internacional dos Trabalhadores \u2013 Quarta Internacional<em data-start=\"283\" data-end=\"398\"><br \/>\n<\/em><br data-start=\"398\" data-end=\"401\" \/>23 de janeiro de 2026. Ap\u00f3s o fracasso das negocia\u00e7\u00f5es entre o governo provis\u00f3rio e as For\u00e7as Democr\u00e1ticas da S\u00edria em 4 de janeiro, a escalada militar intensificou-se e continuou a se expandir desde Alepo para todas as zonas sob controle da Administra\u00e7\u00e3o Aut\u00f3noma no Norte e Leste da S\u00edria (ANAES).<\/p>\n<p data-start=\"778\" data-end=\"1271\">Depois que as for\u00e7as governamentais, que continuavam seu avan\u00e7o militar a oeste e a leste do Eufrates, chegaram \u00e0s imedia\u00e7\u00f5es de Kobane, Hasaka e Qamishlo, na noite de 18 de janeiro foi assinado um novo acordo de cessar-fogo. No contexto dos acontecimentos recentes, que criaram uma nova situa\u00e7\u00e3o pol\u00edtica na S\u00edria e na regi\u00e3o como resultado de uma combina\u00e7\u00e3o de m\u00faltiplos fatores, o Partido da Democracia Oper\u00e1ria resume sua posi\u00e7\u00e3o nos seguintes pontos:<\/p>\n<ol data-start=\"1273\" data-end=\"1666\">\n<li data-start=\"1273\" data-end=\"1666\">\n<p data-start=\"1276\" data-end=\"1666\">O povo curdo, dividido em quatro partes como resultado dos planos de reparti\u00e7\u00e3o imperialista, \u00e9 uma das na\u00e7\u00f5es mais antigas da regi\u00e3o. Os direitos democr\u00e1ticos e nacionais do povo curdo na Turquia, S\u00edria, Ir\u00e3 e Iraque devem ser reconhecidos sem estarem sujeitos a qualquer negocia\u00e7\u00e3o, e o povo curdo deve poder determinar livremente seu pr\u00f3prio futuro. Nenhum acordo que n\u00e3o se baseie nessa realidade hist\u00f3rica e pol\u00edtica pode produzir uma solu\u00e7\u00e3o duradoura nem garantir a paz entre os povos.<\/p>\n<\/li>\n<\/ol>\n<ol start=\"2\" data-start=\"1847\" data-end=\"2308\">\n<li data-start=\"1847\" data-end=\"2308\">\n<p data-start=\"1850\" data-end=\"2308\">Nesse contexto, a base fundamental da recente escalada militar na S\u00edria reside no fato de que o governo de Damasco n\u00e3o reconhece o car\u00e1ter multinacional, multi\u00e9tnico e multirreligioso dos povos do pa\u00eds. As divis\u00f5es herdadas do regime de Al Assad, que levou pol\u00edticas sect\u00e1rias e racistas ao extremo para se manter no poder, est\u00e3o sendo utilizadas agora pelo governo provis\u00f3rio de Shara para consolidar seu pr\u00f3prio poder. A prioridade do governo provis\u00f3rio \u00e9 reconstruir o Estado capitalista no pa\u00eds em coopera\u00e7\u00e3o com o imperialismo, o sionismo e as for\u00e7as reacion\u00e1rias regionais, apropriando-se das demandas de \u201cliberdade e dignidade\u201d pelas quais o povo s\u00edrio pagou grandes custos. Suas pol\u00edticas centralistas e autorit\u00e1rias nessa dire\u00e7\u00e3o causaram desastres em Latakia em mar\u00e7o e em Suwayda em julho, e agora provocaram uma nova crise em Rojava.<\/p>\n<\/li>\n<\/ol>\n<ol start=\"3\" data-start=\"2774\" data-end=\"3153\">\n<li data-start=\"2774\" data-end=\"3153\">\n<p data-start=\"2777\" data-end=\"3153\">O acordo de cessar-fogo assinado em 18 de janeiro e renovado em 20 de janeiro pode ser quebrado a qualquer momento, como os anteriores, e os enfrentamentos podem intensificar-se novamente. Na realidade, esse acordo \u00e9 uma revis\u00e3o do acordo de 10 de mar\u00e7o, que n\u00e3o foi implementado, e continua apresentando caracter\u00edsticas fracas e fr\u00e1geis. Esse acordo amb\u00edguo, que prev\u00ea a integra\u00e7\u00e3o das For\u00e7as Democr\u00e1ticas da S\u00edria (FDS) no ex\u00e9rcito central e da Administra\u00e7\u00e3o Aut\u00f3noma em Damasco, tem funcionado na pr\u00e1tica como uma cobertura que protege os interesses de curto prazo de ambas as partes e serve aos seus esfor\u00e7os para ganhar tempo e fortalecer suas posi\u00e7\u00f5es. Esse acordo foi configurado n\u00e3o com base nas iniciativas pr\u00f3prias das partes nem no estabelecimento dos direitos democr\u00e1ticos dos povos, mas em fun\u00e7\u00e3o das necessidades e demandas dos Estados Unidos e das pot\u00eancias regionais.<\/p>\n<\/li>\n<\/ol>\n<ol start=\"4\" data-start=\"3780\" data-end=\"4253\">\n<li data-start=\"3780\" data-end=\"4253\">\n<p data-start=\"3783\" data-end=\"4253\">Assim como no acordo de 10 de mar\u00e7o, as prioridades do imperialismo e das pot\u00eancias regionais foram decisivas para definir o acordo de 18 de janeiro. Convencidos de que as FDS haviam cumprido sua miss\u00e3o hist\u00f3rica e preferindo o regime de Damasco como seu principal aliado, a administra\u00e7\u00e3o Trump, ap\u00f3s o fracasso das negocia\u00e7\u00f5es, deu luz verde ao avan\u00e7o militar do governo interino, excluindo as cidades e aldeias de maioria curda. Imediatamente antes da opera\u00e7\u00e3o militar, o governo interino neutralizou a entidade sionista mediante um acordo alcan\u00e7ado em Paris com o Estado sionista, cuja prioridade era a desmilitariza\u00e7\u00e3o do sul, cujos detalhes ainda n\u00e3o foram oficialmente revelados. A administra\u00e7\u00e3o Erdo\u011fan, como principal defensora dessa opera\u00e7\u00e3o, ofereceu total apoio \u00e0s for\u00e7as governamentais.<\/p>\n<\/li>\n<\/ol>\n<ol start=\"5\" data-start=\"4664\" data-end=\"4966\">\n<li data-start=\"4664\" data-end=\"4966\">\n<p data-start=\"4667\" data-end=\"4966\">Enquanto o governo provis\u00f3rio continuava seu avan\u00e7o militar na regi\u00e3o de Cezire (a leste do Eufrates), tamb\u00e9m assinou em 17 de janeiro um decreto em que anunciava o reconhecimento e a garantia dos direitos de cidadania, lingu\u00edsticos e culturais do povo curdo. Embora esse passo tenha grande import\u00e2ncia por ser o primeiro documento na hist\u00f3ria da S\u00edria que reconhece diversos direitos dos curdos ap\u00f3s a independ\u00eancia do pa\u00eds, n\u00e3o produziu um resultado que alivie as preocupa\u00e7\u00f5es existenciais do povo curdo devido aos cont\u00ednuos enfrentamentos militares e \u00e0s pol\u00edticas centralistas do governo. De modo semelhante, embora o governo central enfatize que n\u00e3o realizar\u00e1 ataques militares contra as regi\u00f5es de maioria curda, n\u00e3o \u00e9 poss\u00edvel convencer os curdos cujas cidades e povoados est\u00e3o sob cerco militar. Nesse contexto, o bloqueio militar contra Kobane, onde eletricidade e \u00e1gua foram cortadas, deve ser levantado imediatamente! Por essa raz\u00e3o, a\u00e7\u00f5es est\u00e3o sendo realizadas nas quatro partes e na di\u00e1spora para a defesa de Rojava.<\/p>\n<\/li>\n<\/ol>\n<ol start=\"6\" data-start=\"5820\" data-end=\"6554\">\n<li data-start=\"5820\" data-end=\"6132\">\n<p data-start=\"5823\" data-end=\"6132\">Caso o acordo de 18 de janeiro, assinado por ambas as partes, tamb\u00e9m deixe de vigorar e o governo provis\u00f3rio tente atacar as regi\u00f5es curdas, as mobiliza\u00e7\u00f5es de solidariedade mais amplas devem ser organizadas na Turquia, na regi\u00e3o e no mundo para a defesa do povo curdo.<\/p>\n<\/li>\n<li data-start=\"6134\" data-end=\"6554\">\n<p data-start=\"6137\" data-end=\"6554\">Frente \u00e0 opera\u00e7\u00e3o do governo provis\u00f3rio, a r\u00e1pida dissolu\u00e7\u00e3o e desintegra\u00e7\u00e3o das FDS, das quais se afirma que 60% s\u00e3o compostas por \u00e1rabes, assim como a r\u00e1pida retirada das Unidades de Prote\u00e7\u00e3o Popular (YPG) das regi\u00f5es de maioria \u00e1rabe e a aus\u00eancia de resist\u00eancia nessas zonas contra as for\u00e7as do governo central, evidenciaram o fracasso da experi\u00eancia de \u201cautoadministra\u00e7\u00e3o\u201d. A Administra\u00e7\u00e3o Aut\u00f3noma, que desde 2017 mantinha sob seu controle essas regi\u00f5es de maioria \u00e1rabe, contrariamente ao seu discurso, n\u00e3o conseguiu oferecer uma alternativa baseada na liberdade e igualdade, nem conquistar as comunidades \u00e1rabes. Apesar de sua riqueza em recursos naturais como petr\u00f3leo, g\u00e1s natural e \u00e1gua, a popula\u00e7\u00e3o da regi\u00e3o, tornada uma das mais pobres do pa\u00eds pelos governos de Damasco, protestava h\u00e1 muito tempo contra a Administra\u00e7\u00e3o Aut\u00f3noma devido \u00e0 discrimina\u00e7\u00e3o, repress\u00e3o e exclus\u00e3o das institui\u00e7\u00f5es de governo. A pol\u00edtica de tentar controlar as comunidades locais por meio de acordos com l\u00edderes tribais, em vez de aplicar medidas econ\u00f4micas e pol\u00edticas capazes de conquistar os povos trabalhadores da regi\u00e3o, fracassou como resultado da mudan\u00e7a de alian\u00e7a desses l\u00edderes tribais com a mudan\u00e7a no equil\u00edbrio de for\u00e7as. Al\u00e9m disso, as pol\u00edticas que oscilam rapidamente entre negociar com o governo de Shara por sua representa\u00e7\u00e3o na administra\u00e7\u00e3o central e, por outro lado, declarar o governo um remanescente do ISIS e chamar \u00e0 resist\u00eancia total \u2014 bem como os discursos contradit\u00f3rios provenientes da lideran\u00e7a \u2014 causaram confus\u00e3o e desmoraliza\u00e7\u00e3o entre as massas.<\/p>\n<\/li>\n<\/ol>\n<ol start=\"8\" data-start=\"7910\" data-end=\"8401\">\n<li data-start=\"7910\" data-end=\"8401\">\n<p data-start=\"7913\" data-end=\"8401\">A contradi\u00e7\u00e3o fundamental em nossa regi\u00e3o continua sendo entre o imperialismo, o sionismo e as for\u00e7as capitalistas dominantes da regi\u00e3o, por um lado, e os povos que lhes se op\u00f5em, por outro. Nesse contexto, a intifada do povo palestino contra o sionismo, os levantes (serhildan) do povo curdo, a rebeli\u00e3o do povo iraniano contra a ditadura e a luta em curso do povo s\u00edrio por seus direitos democr\u00e1ticos e econ\u00f4micos est\u00e3o indissoluvelmente ligados. A solu\u00e7\u00e3o final para nossa regi\u00e3o \u00e9 a Federa\u00e7\u00e3o Socialista do Oriente M\u00e9dio, que ser\u00e1 estabelecida sob a lideran\u00e7a dos trabalhadores e dos povos oprimidos, com base na liberta\u00e7\u00e3o social dos povos e na igualdade pol\u00edtica.<\/p>\n<\/li>\n<\/ol>\n","protected":false},"excerpt":{"rendered":"<p>Por Partido da Democracia Oper\u00e1ria, se\u00e7\u00e3o turca da Unidade Internacional dos Trabalhadores \u2013 Quarta Internacional 23 de janeiro de 2026. Ap\u00f3s o fracasso das negocia\u00e7\u00f5es entre o governo provis\u00f3rio e as For\u00e7as Democr\u00e1ticas da S\u00edria em 4 de janeiro, a escalada militar intensificou-se e continuou a se expandir desde Alepo para todas as zonas sob [&hellip;]<\/p>\n","protected":false},"author":2,"featured_media":25403,"comment_status":"closed","ping_status":"closed","sticky":false,"template":"","format":"standard","meta":[],"categories":[308],"tags":[],"_links":{"self":[{"href":"https:\/\/uit-ci.org\/index.php\/wp-json\/wp\/v2\/posts\/25408"}],"collection":[{"href":"https:\/\/uit-ci.org\/index.php\/wp-json\/wp\/v2\/posts"}],"about":[{"href":"https:\/\/uit-ci.org\/index.php\/wp-json\/wp\/v2\/types\/post"}],"author":[{"embeddable":true,"href":"https:\/\/uit-ci.org\/index.php\/wp-json\/wp\/v2\/users\/2"}],"replies":[{"embeddable":true,"href":"https:\/\/uit-ci.org\/index.php\/wp-json\/wp\/v2\/comments?post=25408"}],"version-history":[{"count":1,"href":"https:\/\/uit-ci.org\/index.php\/wp-json\/wp\/v2\/posts\/25408\/revisions"}],"predecessor-version":[{"id":25409,"href":"https:\/\/uit-ci.org\/index.php\/wp-json\/wp\/v2\/posts\/25408\/revisions\/25409"}],"wp:featuredmedia":[{"embeddable":true,"href":"https:\/\/uit-ci.org\/index.php\/wp-json\/wp\/v2\/media\/25403"}],"wp:attachment":[{"href":"https:\/\/uit-ci.org\/index.php\/wp-json\/wp\/v2\/media?parent=25408"}],"wp:term":[{"taxonomy":"category","embeddable":true,"href":"https:\/\/uit-ci.org\/index.php\/wp-json\/wp\/v2\/categories?post=25408"},{"taxonomy":"post_tag","embeddable":true,"href":"https:\/\/uit-ci.org\/index.php\/wp-json\/wp\/v2\/tags?post=25408"}],"curies":[{"name":"wp","href":"https:\/\/api.w.org\/{rel}","templated":true}]}}