{"id":25435,"date":"2026-01-25T18:15:48","date_gmt":"2026-01-25T18:15:48","guid":{"rendered":"http:\/\/uit-ci.org\/?p=25435"},"modified":"2026-01-26T22:55:13","modified_gmt":"2026-01-26T22:55:13","slug":"25-de-enero-de-1987-a-39-anos-de-su-muerte-el-legado-internacionalista-de-nahuel-moreno","status":"publish","type":"post","link":"https:\/\/uit-ci.org\/index.php\/2026\/01\/25\/25-de-enero-de-1987-a-39-anos-de-su-muerte-el-legado-internacionalista-de-nahuel-moreno\/","title":{"rendered":"25 de enero de 1987, a 39 a\u00f1os de su muerte: El legado internacionalista de Nahuel Moreno"},"content":{"rendered":"<p>Por<strong> Adolfo Santos<\/strong>, dirigente de Izquierda Socialista<\/p>\n<p><em>25\/1\/2026. Este 25 de enero se cumple un nuevo aniversario de la muerte de nuestro maestro, Nahuel Moreno. El mayor dirigente trotskista latinoamericano y uno de los principales continuadores de la obra del revolucionario ruso. As\u00ed lo describi\u00f3 el dirigente trotskista belga Ernest Mandel en su mensaje de despedida: \u201cFue uno de los \u00faltimos representantes del pu\u00f1ado de cuadros trotskistas que, despu\u00e9s de la Segunda Guerra Mundial, mantuvo la continuidad de la lucha de Le\u00f3n Trotsky, en circunstancias dif\u00edciles\u201d. Moreno dedic\u00f3 su vida a la construcci\u00f3n de organizaciones revolucionarias y de la Cuarta Internacional, para luchar por gobiernos de las y los trabajadores y el socialismo mundial.<\/em><\/p>\n<p>Los aportes pol\u00edticos y te\u00f3ricos de Moreno a\u00fan son una verdadera gu\u00eda para las nuevas generaciones de socialistas revolucionarios. Fue quien sac\u00f3 de la marginalidad al trotskismo argentino para integrarlo a la clase trabajadora y sus luchas, construyendo organizaciones revolucionarias. Comprendi\u00f3 la importancia de la construcci\u00f3n de una organizaci\u00f3n internacional para superar lo que \u00e9l defin\u00eda como un \u201ctrotskismo b\u00e1rbaro\u201d. En 1948, viaj\u00f3 a Paris y particip\u00f3 del Segundo Congreso de la Cuarta Internacional. Un paso importante para consolidar su adhesi\u00f3n a la causa del internacionalismo obrero y la revoluci\u00f3n mundial. Adem\u00e1s, tuvo una destacada participaci\u00f3n en la lucha contra el sectarismo de un sector de la Internacional que se negaba a reconocer los incipientes \u201cestados obreros\u201d como una conquista de las masas que deb\u00edan ser defendidos de la agresi\u00f3n imperialista. Poco antes de su fallecimiento dir\u00eda: \u201c\u2026la mayor parte de mi militancia pol\u00edtica ha estado, sigue estando, volcada al partido mundial, a la construcci\u00f3n de la Cuarta Internacional\u201d<sup>1<\/sup>.<\/p>\n<p>El asesinato de Le\u00f3n Trotsky en 1940 hab\u00eda dejado la joven Cuarta Internacional en manos de una direcci\u00f3n poco probada que a partir del Tercer Congreso en 1951, le fue imprimiendo una orientaci\u00f3n de capitulaci\u00f3n a los partidos comunistas y a las direcciones nacionalistas burguesas de Latinoam\u00e9rica, Asia y \u00c1frica. Moreno dio duras batallas contra el oportunismo impulsado por Michel Pablo y Ernest Mandel, que llevaba a las organizaciones trotskistas a abandonar la tarea de construcci\u00f3n de partidos revolucionarios y la lucha por gobiernos de las y los trabajadores. \u201cLa consecuencia m\u00e1s nefasta de esta claudicaci\u00f3n a las direcciones contrarrevolucionarias se dio en Bolivia\u201d<sup>2<\/sup>. Mientras se desarrollaba una verdadera insurrecci\u00f3n obrera y campesina en las calles de La Paz que destruy\u00f3 al ej\u00e9rcito, en vez de impulsar la movilizaci\u00f3n revolucionaria como hicieron Lenin y Trotsky en 1917, Pablo y Mandel decidieron apoyar al gobierno nacionalista burgu\u00e9s de Paz Estensoro. Una verdadera tragedia para la revoluci\u00f3n latinoamericana y mundial que termin\u00f3 en una derrota.<\/p>\n<p>El movimiento trotskista tambi\u00e9n sufri\u00f3 con otra corriente que significar\u00eda una traba para su desarrollo, el \u201cnacional trotskismo\u201d, que menosprecia la necesidad de construir una internacional. Moreno combat\u00eda esta visi\u00f3n, para \u00e9l no pod\u00eda haber una elaboraci\u00f3n nacional correcta sin el aporte de una organizaci\u00f3n internacional, por peque\u00f1a que sea. La construcci\u00f3n de partidos revolucionarios, nos ense\u00f1aba, se desarrollar\u00e1 combinando las luchas nacionales con el acompa\u00f1amiento de los procesos internacionales. Adem\u00e1s, estaba convencido que la clave de los triunfos de la clase trabajadora, estaban \u00edntimamente ligados a la solidaridad de clase internacional, para lo cual era fundamental la construcci\u00f3n del partido mundial. \u201cPara nosotros, el m\u00e1ximo crimen, la m\u00e1xima traici\u00f3n de la burocracia estalinista fue la disoluci\u00f3n de la de la Tercera Internacional, exigida por sus aliados Churchill y Roosvelt\u201d.<sup>3<\/sup><\/p>\n<p><strong>La Brigada Sim\u00f3n Bol\u00edvar<br \/>\n<\/strong><br \/>\nEl morenismo es un ejemplo de internacionalismo permanente, tanto en su determinaci\u00f3n por ser parte de la construcci\u00f3n del partido de la revoluci\u00f3n mundial, como por intervenir en los procesos de lucha en los diferentes pa\u00edses. Inspirado en las experiencias hist\u00f3ricas como las Brigadas Internacionales que fueron a Espa\u00f1a a combatir con los republicanos, contra Franco, la corriente orientada por Nahuel Moreno, organiz\u00f3 en 1979 una brigada internacional para luchar en Nicaragua contra la dictadura de Anastasio Somoza.<\/p>\n<p>La Revoluci\u00f3n Nicarag\u00fcense encontr\u00f3 a Moreno exiliado en Colombia. A pesar de las profundas diferencias y cr\u00edticas a la direcci\u00f3n reformista y de conciliaci\u00f3n de clases del Frente Sandinista de Liberaci\u00f3n Nacional (FSLN) y de que no exist\u00eda pr\u00e1cticamente el trotskismo en aquel pa\u00eds, Moreno propuso formar una brigada internacional de combatientes para sumarse a la lucha armada contra Somoza. As\u00ed naci\u00f3 la Brigada Sim\u00f3n Bolivar (BSB). De ella participaron dirigentes y militantes morenistas de diferentes pa\u00edses y luchadores independientes que se sumaron para rescatar el legado de la solidaridad obrera internacional. Parte de la Brigada combati\u00f3 en el Frente Sur, donde tuvo tres bajas mortales. Otro grupo, donde particip\u00f3 Miguel Sorans, dirigente de Izquierda Socialista y la UIT-CI, tom\u00f3 el puerto nicarag\u00fcense de Bluefields, arrebat\u00e1ndolo a los somocistas. El 19 de julio de 1979, la Brigada entr\u00f3 triunfalmente a Managua, recibida por el pueblo y por el sandinismo.<\/p>\n<p><img loading=\"lazy\" src=\"https:\/\/www.izquierdasocialista.org.ar\/2020\/images\/ElSocialita\/145x206xBRIGADA-SIMON-BOLIVAR-pdf-2025-1.jpg.pagespeed.ic.iQMfTFG15E.webp\" alt=\"\" width=\"145\" height=\"206\" data-pagespeed-url-hash=\"2941528066\" \/><br \/>\n<em>Portada del libro sobre la formaci\u00f3n y participaci\u00f3n de La Brigada Sim\u00f3n Bol\u00edvar en Nicaragua (Pedilo)<\/em><\/p>\n<p>Tras la victoria revolucionaria, nuevamente el mandelismo iba a capitular apoyando a un gobierno de unidad con la burgues\u00eda como el que encabez\u00f3 el FSLN. Mientras tanto, la Brigada era expulsada por organizar m\u00e1s de 80 sindicatos e impulsar expropiaciones rumbo al socialismo. Pasaron 47 a\u00f1os y, lejos de avanzar al socialismo de la mano del movimiento obrero organizado como propon\u00eda la BSB bajo orientaci\u00f3n morenista, la revoluci\u00f3n nicarag\u00fcense fue traicionada por la direcci\u00f3n sandinista y hoy se ha convertido en una dictadura capitalista de la mano de Daniel Ortega, uno de sus ex comandantes.<\/p>\n<p>Los procesos en curso, m\u00e1s que nunca, nos imponen rescatar las ense\u00f1anzas del morenismo. La lucha del pueblo palestino contra el genocidio sionista, la invasi\u00f3n a Ucrania por el imperialismo ruso, las movilizaciones populares en los Estados Unidos contra la expulsi\u00f3n de inmigrantes y la reciente invasi\u00f3n criminal del gobierno Trump en Venezuela secuestrando a su presidente, nos colocan urgentes tareas de solidaridad internacional de diferentes tipos. Desde Izquierda Socialista en el FITU y la Unidad Internacional de Trabajadoras y Trabajadores Cuarta Internacional (UIT-CI), siguiendo el legado internacionalista de Nahuel Moreno, vamos a intervenir con todas nuestras fuerzas para ayudar a que triunfen las luchas de la clase trabajadora y los pueblos explotados y oprimidos del mundo para avanzar en la construcci\u00f3n de gobiernos de las y los trabajadores y el socialismo.<\/p>\n<p>1.\u00a0<a href=\"https:\/\/nahuelmoreno.org\/1986-conversaciones-con-nahuel-moreno\/\">Conversaciones con Nahuel Moreno, Cap\u00edtulo III El partido mundial.<\/a><br \/>\n2.\u00a0<a href=\"https:\/\/nahuelmoreno.org\/el-partido-y-la-revolucion-1973\/\">Nahuel Moreno, Pr\u00f3logo \u201cEl Partido y la Revoluci\u00f3n\u201d<\/a><br \/>\n3.\u00a0<a href=\"https:\/\/nahuelmoreno.org\/1986-conversaciones-con-nahuel-moreno\/\">Conversaciones con Nahuel Moreno, idem<\/a><\/p>\n","protected":false},"excerpt":{"rendered":"<p>Por Adolfo Santos, dirigente de Izquierda Socialista 25\/1\/2026. Este 25 de enero se cumple un nuevo aniversario de la muerte de nuestro maestro, Nahuel Moreno. El mayor dirigente trotskista latinoamericano y uno de los principales continuadores de la obra del revolucionario ruso. As\u00ed lo describi\u00f3 el dirigente trotskista belga Ernest Mandel en su mensaje de [&hellip;]<\/p>\n","protected":false},"author":2,"featured_media":4035,"comment_status":"closed","ping_status":"closed","sticky":false,"template":"","format":"standard","meta":[],"categories":[2524],"tags":[429,1222,995,105,1872,271,1435,1220,972,509],"_links":{"self":[{"href":"https:\/\/uit-ci.org\/index.php\/wp-json\/wp\/v2\/posts\/25435"}],"collection":[{"href":"https:\/\/uit-ci.org\/index.php\/wp-json\/wp\/v2\/posts"}],"about":[{"href":"https:\/\/uit-ci.org\/index.php\/wp-json\/wp\/v2\/types\/post"}],"author":[{"embeddable":true,"href":"https:\/\/uit-ci.org\/index.php\/wp-json\/wp\/v2\/users\/2"}],"replies":[{"embeddable":true,"href":"https:\/\/uit-ci.org\/index.php\/wp-json\/wp\/v2\/comments?post=25435"}],"version-history":[{"count":1,"href":"https:\/\/uit-ci.org\/index.php\/wp-json\/wp\/v2\/posts\/25435\/revisions"}],"predecessor-version":[{"id":25436,"href":"https:\/\/uit-ci.org\/index.php\/wp-json\/wp\/v2\/posts\/25435\/revisions\/25436"}],"wp:featuredmedia":[{"embeddable":true,"href":"https:\/\/uit-ci.org\/index.php\/wp-json\/wp\/v2\/media\/4035"}],"wp:attachment":[{"href":"https:\/\/uit-ci.org\/index.php\/wp-json\/wp\/v2\/media?parent=25435"}],"wp:term":[{"taxonomy":"category","embeddable":true,"href":"https:\/\/uit-ci.org\/index.php\/wp-json\/wp\/v2\/categories?post=25435"},{"taxonomy":"post_tag","embeddable":true,"href":"https:\/\/uit-ci.org\/index.php\/wp-json\/wp\/v2\/tags?post=25435"}],"curies":[{"name":"wp","href":"https:\/\/api.w.org\/{rel}","templated":true}]}}