{"id":26226,"date":"2026-04-28T20:04:28","date_gmt":"2026-04-28T20:04:28","guid":{"rendered":"http:\/\/uit-ci.org\/?p=26226"},"modified":"2026-04-28T20:04:28","modified_gmt":"2026-04-28T20:04:28","slug":"brasil-todo-nuestro-apoyo-al-companero-ze-maria-ningun-defensor-de-palestina-puede-ser-silenciado-ni-encarcelado","status":"publish","type":"post","link":"https:\/\/uit-ci.org\/index.php\/2026\/04\/28\/brasil-todo-nuestro-apoyo-al-companero-ze-maria-ningun-defensor-de-palestina-puede-ser-silenciado-ni-encarcelado\/","title":{"rendered":"Brasil: \u00a1Todo nuestro apoyo al compa\u00f1ero Z\u00e9 Maria! \u00a1Ning\u00fan defensor de Palestina puede ser silenciado ni encarcelado!"},"content":{"rendered":"<div class=\"single-content\">\n<p><span dir=\"auto\">Por<\/span><strong><span dir=\"auto\"> CST<\/span><\/strong><span dir=\"auto\">, secci\u00f3n de la UIT-Ci en Brasil<\/span><strong><span dir=\"auto\"><\/p>\n<p><\/span><\/strong><span dir=\"auto\">28\/4\/2026. Hoy<\/span><span dir=\"auto\">\u00a0nos enteramos de que el tribunal conden\u00f3 al presidente del PSTU, Jos\u00e9 Mar\u00eda Almeida, a dos a\u00f1os de arresto domiciliario por pronunciar un discurso en defensa del pueblo palestino. Se trata de una decisi\u00f3n arbitraria, injusta, ileg\u00edtima e ilegal que vulnera el derecho a la libertad de expresi\u00f3n.<\/span><\/p>\n<p><span dir=\"auto\">La demanda fue interpuesta por sionistas que abogan por el genocidio en la Franja de Gaza. Se trata de un intento de silenciar, intimidar y encarcelar a quienes defienden la causa palestina. Muchos ya han sido atacados, como Breno Altman, Luciana Genro y nuestro compa\u00f1ero Bab\u00e1, as\u00ed como numerosos l\u00edderes del combativo Frente Palestino de S\u00e3o Paulo, como est\u00e1 ocurriendo ahora con Rawa. O incluso la reciente multa impuesta al Bar Partisano en R\u00edo de Janeiro. Algo que el proyecto de ley de Tabata Amaral pretende agravar.<\/span><\/p>\n<p><strong><span dir=\"auto\">Acusaciones infundadas<\/span><\/strong><\/p>\n<p><span dir=\"auto\">Las acusaciones de la condena arbitraria contra Z\u00e9 Maria carecen de fundamento. Denunciar el enclave colonial israel\u00ed, que masacra a palestinos, no tiene nada que ver con el racismo. Significa defender a un pueblo que sufre racismo y apartheid, y que es aplastado por pol\u00edticas de terrorismo de Estado y colonialismo que han usurpado tierras palestinas desde 1948. No es casualidad que el Presidente de la Rep\u00fablica, Lula da Silva, denunciara lo que ocurre en Gaza como un holocausto.<\/span><\/p>\n<p><span dir=\"auto\">La Corte Penal Internacional conden\u00f3 al actual presidente de Israel por cr\u00edmenes de guerra. Numerosas decisiones de la ONU contradicen las acciones racistas y los asentamientos israel\u00edes. Israel ignora estas decisiones, comenzando con la ocupaci\u00f3n ilegal de \u00e1reas no previstas en 1948, como Jerusal\u00e9n Este, Cisjordania y los Altos del Gol\u00e1n sirios, adem\u00e1s de la convenci\u00f3n que condena el apartheid como crimen de lesa humanidad. Esto demuestra que los verdaderos racistas son los sionistas del enclave colonial israel\u00ed. Algo que afirman muchos jud\u00edos en todo el mundo, muchos de los cuales participan en las manifestaciones del Frente Palestino. Z\u00e9 Maria y todos los defensores de Palestina son antisionistas, no antisemitas.<\/span><\/p>\n<p><span dir=\"auto\">Otra afirmaci\u00f3n es la siguiente declaraci\u00f3n de Z\u00e9 Maria: \u00ab\u00a0<\/span><em><span dir=\"auto\">Todo acto de fuerza, todo acto de violencia del pueblo palestino contra el sionismo es leg\u00edtimo y debemos apoyarlo<\/span><\/em><span dir=\"auto\">\u00a0\u00bb. Es absurdo que un tribunal condene a alguien por declarar esto. Lo que dijo el compa\u00f1ero Z\u00e9 Maria es correcto. Es un pensamiento democr\u00e1tico. La legitimidad y legalidad de la resistencia palestina est\u00e1n garantizadas incluso en las resoluciones de la ONU, una entidad creada por el imperialismo. La Resoluci\u00f3n 3103 de la ONU, de diciembre de 1973, aborda las luchas anticoloniales y establece la legitimidad del uso de la fuerza y \u200b\u200bla resistencia armada como mecanismo de autodefensa, liberaci\u00f3n nacional y lucha anticolonial para los pueblos subyugados por la colonizaci\u00f3n.<\/span><\/p>\n<p><span dir=\"auto\">Por otro lado, el sionismo ya ha demostrado en Gaza el car\u00e1cter expansionista y agresivo de su pol\u00edtica del \u00abGran Israel\u00bb. Lo que ocurre en Gaza es la represi\u00f3n f\u00edsica de todas las organizaciones populares, como lo hizo el fascismo; es una pol\u00edtica racista que asesina a un pueblo en campos de concentraci\u00f3n, como lo hizo el nazismo. El derecho a luchar y defenderse con actos de fuerza para responder a la violencia fascista y nazi es leg\u00edtimo y legal, como lo hicieron los jud\u00edos en el levantamiento armado del Gueto de Varsovia. De hecho, fue por esta raz\u00f3n que un movimiento de masas de car\u00e1cter nacional impuso la declaraci\u00f3n de guerra de Brasil ao Eixo y que se form\u00f3 la FEB (Fuerza Expedicionaria Brasile\u00f1a) para combatir a las fuerzas fascistas y nazis del Eixo en la Segunda Guerra Mundial.<\/span><\/p>\n<p><span dir=\"auto\">El discurso de Z\u00e9 Maria es correcto y leg\u00edtimo, y se fundamenta en la defensa hist\u00f3rica del pueblo palestino, al igual que los combatientes de los frentes y comit\u00e9s que lo apoyan. Responde pol\u00edticamente a lo que el Presidente de la Rep\u00fablica calific\u00f3 de genocidio. Cuenta con respaldo jur\u00eddico en las decisiones de la Corte Penal Internacional y de la ONU sobre la lucha anticolonial. Est\u00e1 en consonancia con el papel que desempe\u00f1\u00f3 Brasil en la Segunda Guerra Mundial en la lucha contra el fascismo y el nazismo.<\/span><\/p>\n<p><span dir=\"auto\">La defensa del fin del enclave sionista se basa en la defensa de una Palestina laica, democr\u00e1tica y no racista, donde \u00e1rabes, jud\u00edos y cristianos puedan coexistir sin discriminaci\u00f3n racista y tengan la libertad de vivir, practicar su cultura y costumbres, y expresar su religi\u00f3n sin persecuci\u00f3n. Nadie deber\u00eda ser castigado por ello.<\/span><\/p>\n<p><strong><span dir=\"auto\">Amplia unidad de acci\u00f3n para defender a Z\u00e9 Maria<\/span><\/strong><\/p>\n<p><span dir=\"auto\">Repudiamos la persecuci\u00f3n sionista contra el compa\u00f1ero Z\u00e9 Maria. Es necesario protestar en\u00e9rgicamente para revocar esta condena e impedir que el compa\u00f1ero cumpla dos a\u00f1os de prisi\u00f3n. Ser\u00eda un precedente terrible para todos los defensores de la causa palestina y los derechos humanos.<\/span><\/p>\n<p><span dir=\"auto\">Z\u00e9 Maria es un l\u00edder hist\u00f3rico de la clase trabajadora y de la izquierda socialista latinoamericana. Luchador contra la dictadura militar, sufri\u00f3 prisi\u00f3n y tortura junto a compa\u00f1eros de la Liga Obrera y la CS. Propuso la resoluci\u00f3n para fundar el PT (Partido Obrero) en el congreso metal\u00fargico de Lins, fue fundador de la CUT y siempre ha defendido al pueblo palestino. Merece un amplio apoyo de todos los partidos, movimientos y entidades de la clase trabajadora, los movimientos populares y las organizaciones democr\u00e1ticas de nuestro pa\u00eds y de Am\u00e9rica Latina.<\/span><\/p>\n<p><span dir=\"auto\">Desde la<\/span><span dir=\"auto\"> CST abogamos por una campa\u00f1a nacional e internacional unificada, con declaraciones y manifestaciones de repudio a la condena y de solidaridad con el compa\u00f1ero Z\u00e9 Maria.<\/span><\/p>\n<p>&nbsp;<\/p>\n<p><span dir=\"auto\">28\/04\/26<\/span><br \/>\n<span dir=\"auto\">CST \u2013 Corriente Socialista de Trabajadores<\/span><\/p>\n<\/div>\n","protected":false},"excerpt":{"rendered":"<p>Por CST, secci\u00f3n de la UIT-Ci en Brasil 28\/4\/2026. Hoy\u00a0nos enteramos de que el tribunal conden\u00f3 al presidente del PSTU, Jos\u00e9 Mar\u00eda Almeida, a dos a\u00f1os de arresto domiciliario por pronunciar un discurso en defensa del pueblo palestino. Se trata de una decisi\u00f3n arbitraria, injusta, ileg\u00edtima e ilegal que vulnera el derecho a la libertad [&hellip;]<\/p>\n","protected":false},"author":2,"featured_media":26227,"comment_status":"closed","ping_status":"closed","sticky":false,"template":"","format":"standard","meta":[],"categories":[25,308,39],"tags":[191,494,263,271,193,1778,254,870,607,188,279,2900],"_links":{"self":[{"href":"https:\/\/uit-ci.org\/index.php\/wp-json\/wp\/v2\/posts\/26226"}],"collection":[{"href":"https:\/\/uit-ci.org\/index.php\/wp-json\/wp\/v2\/posts"}],"about":[{"href":"https:\/\/uit-ci.org\/index.php\/wp-json\/wp\/v2\/types\/post"}],"author":[{"embeddable":true,"href":"https:\/\/uit-ci.org\/index.php\/wp-json\/wp\/v2\/users\/2"}],"replies":[{"embeddable":true,"href":"https:\/\/uit-ci.org\/index.php\/wp-json\/wp\/v2\/comments?post=26226"}],"version-history":[{"count":1,"href":"https:\/\/uit-ci.org\/index.php\/wp-json\/wp\/v2\/posts\/26226\/revisions"}],"predecessor-version":[{"id":26235,"href":"https:\/\/uit-ci.org\/index.php\/wp-json\/wp\/v2\/posts\/26226\/revisions\/26235"}],"wp:featuredmedia":[{"embeddable":true,"href":"https:\/\/uit-ci.org\/index.php\/wp-json\/wp\/v2\/media\/26227"}],"wp:attachment":[{"href":"https:\/\/uit-ci.org\/index.php\/wp-json\/wp\/v2\/media?parent=26226"}],"wp:term":[{"taxonomy":"category","embeddable":true,"href":"https:\/\/uit-ci.org\/index.php\/wp-json\/wp\/v2\/categories?post=26226"},{"taxonomy":"post_tag","embeddable":true,"href":"https:\/\/uit-ci.org\/index.php\/wp-json\/wp\/v2\/tags?post=26226"}],"curies":[{"name":"wp","href":"https:\/\/api.w.org\/{rel}","templated":true}]}}