{"id":26243,"date":"2026-04-29T23:20:30","date_gmt":"2026-04-29T23:20:30","guid":{"rendered":"http:\/\/uit-ci.org\/?p=26243"},"modified":"2026-04-29T23:20:30","modified_gmt":"2026-04-29T23:20:30","slug":"ante-la-incursion-de-fuerza-israelies-sobre-embarcaciones-de-la-flotilla-sumud-global","status":"publish","type":"post","link":"https:\/\/uit-ci.org\/index.php\/2026\/04\/29\/ante-la-incursion-de-fuerza-israelies-sobre-embarcaciones-de-la-flotilla-sumud-global\/","title":{"rendered":"Ante la incursi\u00f3n de fuerza israel\u00edes sobre embarcaciones de la Flotilla Sumud Global"},"content":{"rendered":"<p>Por <strong>Frente de Izquierda Unidad<\/strong> &#8211; Argentina<\/p>\n<p>29\/4\/2026. Est\u00e1n llegando noticias muy graves. Mas de una docena de embarcaciones de la Flotilla Sumud Global, fueron interceptadas frente a las costas de Grecia, con las cuales se ha perdido toda comunicaci\u00f3n, por lanchas y militares que se presentan como israel\u00edes quienes habr\u00edan apuntado con l\u00e1seres y armas, y ordenado a las y los tripulantes que se arrodillen en la punta de las embarcaciones. En algunos casos lo hicieron y luego se fueron y en otros casos se desconoce la situaci\u00f3n de varias de las embarcaciones de la Flotilla y sus tripulantes.<\/p>\n<p>En este momento no hay contacto con los tripulantes de diferentes embarcaciones, porque se encuentran incomunicados y se desconoce su situaci\u00f3n. Y han tenido que activar los protocolos de seguridad enviando se\u00f1ales de auxilio, previo a que se corten las comunicaciones.<\/p>\n<p>Estamos ante un hecho de enorme gravedad, como es la incursi\u00f3n de las fuerzas armadas de Israel a una enorme distancia de lo que ellos mismos consideran la zona roja. Dando lugar a un salto grav\u00edsimo en el accionar repudiable del Estado sionista de Israel, que se cree con el derecho de actuar militarmente de cualquier forma y en cualquier lugar.<\/p>\n<p>Exigimos que en forma urgente se aclare todo lo que est\u00e1 sucediendo, que funcionarios de los gobiernos de la zona intervengan en defensa de los tripulantes de la Flotilla que pudieran correr alg\u00fan riesgo. Exigimos tambi\u00e9n que se conozca el estado de los tripulantes y que no haya detenciones, ni ning\u00fan tipo de agresiones para ellos. A la vez hacemos responsable y exigimos a la canciller\u00eda argentina que intervenga urgente y averig\u00fce sobre el estado y la situaci\u00f3n de las y los argentinos que van en las embarcaciones como parte de esta Flotilla.<\/p>\n<p>FRENTE DE IZQUIERDA UNIDAD<\/p>\n","protected":false},"excerpt":{"rendered":"<p>Por Frente de Izquierda Unidad &#8211; Argentina 29\/4\/2026. Est\u00e1n llegando noticias muy graves. Mas de una docena de embarcaciones de la Flotilla Sumud Global, fueron interceptadas frente a las costas de Grecia, con las cuales se ha perdido toda comunicaci\u00f3n, por lanchas y militares que se presentan como israel\u00edes quienes habr\u00edan apuntado con l\u00e1seres y [&hellip;]<\/p>\n","protected":false},"author":2,"featured_media":26244,"comment_status":"closed","ping_status":"closed","sticky":false,"template":"","format":"standard","meta":[],"categories":[308,39],"tags":[1219,2901,2170,1710,2840,263,564,2898,255,254,279,257],"_links":{"self":[{"href":"https:\/\/uit-ci.org\/index.php\/wp-json\/wp\/v2\/posts\/26243"}],"collection":[{"href":"https:\/\/uit-ci.org\/index.php\/wp-json\/wp\/v2\/posts"}],"about":[{"href":"https:\/\/uit-ci.org\/index.php\/wp-json\/wp\/v2\/types\/post"}],"author":[{"embeddable":true,"href":"https:\/\/uit-ci.org\/index.php\/wp-json\/wp\/v2\/users\/2"}],"replies":[{"embeddable":true,"href":"https:\/\/uit-ci.org\/index.php\/wp-json\/wp\/v2\/comments?post=26243"}],"version-history":[{"count":1,"href":"https:\/\/uit-ci.org\/index.php\/wp-json\/wp\/v2\/posts\/26243\/revisions"}],"predecessor-version":[{"id":26252,"href":"https:\/\/uit-ci.org\/index.php\/wp-json\/wp\/v2\/posts\/26243\/revisions\/26252"}],"wp:featuredmedia":[{"embeddable":true,"href":"https:\/\/uit-ci.org\/index.php\/wp-json\/wp\/v2\/media\/26244"}],"wp:attachment":[{"href":"https:\/\/uit-ci.org\/index.php\/wp-json\/wp\/v2\/media?parent=26243"}],"wp:term":[{"taxonomy":"category","embeddable":true,"href":"https:\/\/uit-ci.org\/index.php\/wp-json\/wp\/v2\/categories?post=26243"},{"taxonomy":"post_tag","embeddable":true,"href":"https:\/\/uit-ci.org\/index.php\/wp-json\/wp\/v2\/tags?post=26243"}],"curies":[{"name":"wp","href":"https:\/\/api.w.org\/{rel}","templated":true}]}}