{"id":26258,"date":"2026-04-30T12:57:26","date_gmt":"2026-04-30T12:57:26","guid":{"rendered":"http:\/\/uit-ci.org\/?p=26258"},"modified":"2026-04-30T12:57:26","modified_gmt":"2026-04-30T12:57:26","slug":"repudiamos-la-intercepcion-ilegal-y-represiva-de-la-flotilla-global-sumud-por-israel","status":"publish","type":"post","link":"https:\/\/uit-ci.org\/index.php\/2026\/04\/30\/repudiamos-la-intercepcion-ilegal-y-represiva-de-la-flotilla-global-sumud-por-israel\/","title":{"rendered":"Repudiamos la intercepci\u00f3n ilegal y represiva de la Flotilla Global Sumud por Israel"},"content":{"rendered":"<p>Por<strong> Unidad Internacional de Trabajadoras y Trabajadores &#8211; Cuarta Internacional<\/strong><\/p>\n<p>Declaraci\u00f3n urgente. UIT-CI<\/p>\n<p>30\/4\/2026. El mi\u00e9rcoles 29 de abril, buques de la armada del estado sionista de Israel asaltaron, en el Mediterr\u00e1neo, a las casi 60 embarcaciones de la Flotilla Global Sumud que se dirig\u00eda a Gaza, en su misi\u00f3n de solidaridad humanitaria con el pueblo palestino.<\/p>\n<p>Se trata de una nueva intercepci\u00f3n ilegal y represiva en aguas internacionales cercanas a la isla de Creta, Grecia, hacia donde se dirig\u00edan para reabastecerse en su camino a Palestina. Las fuerzas navales israel\u00edes estaban actuando a 1.100 kil\u00f3metros de Gaza y de Israel.<\/p>\n<p>\u201cEste movimiento supone una potencial vulneraci\u00f3n del derecho internacional mar\u00edtimo y de la Convenci\u00f3n de las Naciones Unidas sobre el Derecho del Mar (UNCLOS), que limita las facultades de interdicci\u00f3n en aguas internacionales salvo en casos espec\u00edficos como la pirater\u00eda o con el consentimiento del Estado de bandera\u201d<em> (El Pa\u00eds, 29\/4\/2026).<\/em><\/p>\n<p>El Ministerio de Exteriores israel\u00ed confirm\u00f3 su acci\u00f3n represiva, publicando un mensaje en X mostrando im\u00e1genes supuestamente de la carga de las embarcaciones de la Flotilla<\/p>\n<p>\u201cLanchas militares se acercaron a nuestros barcos, identific\u00e1ndose como israel\u00edes, apuntando l\u00e1seres y armas semiautom\u00e1ticas hacia nosotros y ordenando a los participantes que se dirigieran al frente de los botes y se pusieran de rodillas\u201d, indic\u00f3 la Flotilla en su cuenta de X. Asimismo, denunci\u00f3 que las comunicaciones de las embarcaciones estaban siendo interceptadas.<\/p>\n<p>La Flotilla hab\u00eda partido el pasado domingo desde el puerto italiano de Augusta, en Sicilia. La flotilla est\u00e1 integrada por cientos de participantes voluntarios de diversos pa\u00edses del mundo.<\/p>\n<p>Todo esto ocurre por la impunidad que tiene Israel en su accionar criminal y genocida. Act\u00faa libremente a las puertas de Grecia o Italia, sin que ning\u00fan gobierno de la Uni\u00f3n Europea (UE) mueva un dedo. Es una nueva muestra del accionar repudiable del Estado sionista de Israel, que se cree con el derecho de actuar militarmente de cualquier forma y en cualquier lugar. Sea el pueblo palestino, del L\u00edbano o de Ir\u00e1n. Para ello cuenta con el apoyo incondicional de los EE.UU. y del ultraderechista Donald Trump.<\/p>\n<p>Al momento de cerrar esta declaraci\u00f3n no se sab\u00eda nada de la situaci\u00f3n de las tripulaciones y de las y los cientos de luchadores participantes de la Flotilla. Entre los miembros de la Flotilla est\u00e1n la trabajadora ferroviaria M\u00f3nica Schlotthauer, diputada de Izquierda Socialista (IS)y el FITU de Argentina, Ezequiel Peressini, dirigente de IS y la UIT-CI y Gorkem Duru, dirigente del Partido de la Democracia Obrera (IDP) de Turqu\u00eda y de la UIT-CI.<\/p>\n<p>Desde la UIT-CI exigimos que en forma urgente se aclare el estado y la situaci\u00f3n de las y los miembros de la flotilla detenidos, que se garantice su integridad, que no haya ning\u00fan tipo de agresiones para ellos.\u00a0 Exigimos que los gobiernos de todo el mundo, en especial de los pa\u00edses de las y los integrantes de la Flotilla, intervengan por la seguridad de la vida de las y los participantes de la Flotilla y por su inmediata liberaci\u00f3n. Como tambi\u00e9n por la devoluci\u00f3n de toda la ayuda humanitaria y de las embarcaciones de la Flotilla.<\/p>\n<p>Desde la UIT-CI llamamos a movilizarse, en las calles, en todo el mundo, con la m\u00e1s amplia unidad de acci\u00f3n de las organizaciones sociales, pol\u00edticas, sindicales o juveniles para reclamar por estos puntos en defensa de la Flotilla Global Sumud y por la solidaridad con la lucha del pueblo palestino.<\/p>\n<p><em>\u00a1Libertad inmediata de la Flotilla Global Sumud!<\/em><\/p>\n<p><em>\u00a1Palestina Libre, del r\u00edo al mar!<\/em><\/p>\n<p><strong>Unidad Internacional de Trabajadoras y Trabajadores-Cuarta Internacional (UIT-CI)<\/strong><\/p>\n<p><strong>29\/4\/2026<\/strong><\/p>\n","protected":false},"excerpt":{"rendered":"<p>Por Unidad Internacional de Trabajadoras y Trabajadores &#8211; Cuarta Internacional Declaraci\u00f3n urgente. UIT-CI 30\/4\/2026. El mi\u00e9rcoles 29 de abril, buques de la armada del estado sionista de Israel asaltaron, en el Mediterr\u00e1neo, a las casi 60 embarcaciones de la Flotilla Global Sumud que se dirig\u00eda a Gaza, en su misi\u00f3n de solidaridad humanitaria con el [&hellip;]<\/p>\n","protected":false},"author":2,"featured_media":26260,"comment_status":"closed","ping_status":"closed","sticky":false,"template":"","format":"standard","meta":[],"categories":[60,308,39],"tags":[2901,119,810,187,139,2711,2840,263,2902,2904,2898,2059,254,2903],"_links":{"self":[{"href":"https:\/\/uit-ci.org\/index.php\/wp-json\/wp\/v2\/posts\/26258"}],"collection":[{"href":"https:\/\/uit-ci.org\/index.php\/wp-json\/wp\/v2\/posts"}],"about":[{"href":"https:\/\/uit-ci.org\/index.php\/wp-json\/wp\/v2\/types\/post"}],"author":[{"embeddable":true,"href":"https:\/\/uit-ci.org\/index.php\/wp-json\/wp\/v2\/users\/2"}],"replies":[{"embeddable":true,"href":"https:\/\/uit-ci.org\/index.php\/wp-json\/wp\/v2\/comments?post=26258"}],"version-history":[{"count":1,"href":"https:\/\/uit-ci.org\/index.php\/wp-json\/wp\/v2\/posts\/26258\/revisions"}],"predecessor-version":[{"id":26268,"href":"https:\/\/uit-ci.org\/index.php\/wp-json\/wp\/v2\/posts\/26258\/revisions\/26268"}],"wp:featuredmedia":[{"embeddable":true,"href":"https:\/\/uit-ci.org\/index.php\/wp-json\/wp\/v2\/media\/26260"}],"wp:attachment":[{"href":"https:\/\/uit-ci.org\/index.php\/wp-json\/wp\/v2\/media?parent=26258"}],"wp:term":[{"taxonomy":"category","embeddable":true,"href":"https:\/\/uit-ci.org\/index.php\/wp-json\/wp\/v2\/categories?post=26258"},{"taxonomy":"post_tag","embeddable":true,"href":"https:\/\/uit-ci.org\/index.php\/wp-json\/wp\/v2\/tags?post=26258"}],"curies":[{"name":"wp","href":"https:\/\/api.w.org\/{rel}","templated":true}]}}