{"id":26294,"date":"2026-05-01T12:46:37","date_gmt":"2026-05-01T12:46:37","guid":{"rendered":"http:\/\/uit-ci.org\/?p=26294"},"modified":"2026-05-01T12:46:37","modified_gmt":"2026-05-01T12:46:37","slug":"nous-condamnons-linterception-illegale-et-repressive-de-la-global-sumud-flottilla-par-israel","status":"publish","type":"post","link":"https:\/\/uit-ci.org\/index.php\/2026\/05\/01\/nous-condamnons-linterception-illegale-et-repressive-de-la-global-sumud-flottilla-par-israel\/?lang=fr","title":{"rendered":"Nous condamnons l&#8217;interception ill\u00e9gale et r\u00e9pressive de la Global Sumud Flottilla par Isra\u00ebl"},"content":{"rendered":"<p><b>D\u00e9claration urgente. UIT-QI<\/b><\/p>\n<p><span style=\"font-weight: 400;\">Le mercredi 29 avril, des navires de la marine de l&#8217;\u00c9tat sioniste d&#8217;Isra\u00ebl ont attaqu\u00e9, dans la M\u00e9diterran\u00e9e, la quasi-totalit\u00e9 des quelque 60 bateaux de la Global Sumud Flottilla qui se dirigeaient vers Gaza, dans le cadre de leur mission de solidarit\u00e9 humanitaire avec le peuple palestinien.<\/span><\/p>\n<p><span style=\"font-weight: 400;\">Il s&#8217;agit d&#8217;une nouvelle interception ill\u00e9gale et r\u00e9pressive dans les eaux internationales pr\u00e8s de l&#8217;\u00eele de Cr\u00e8te, en Gr\u00e8ce, o\u00f9 ils se rendaient pour se ravitailler en route vers la Palestine. Les forces navales isra\u00e9liennes agissaient \u00e0 1100 km de Gaza et d&#8217;Isra\u00ebl.<\/span><\/p>\n<p><span style=\"font-weight: 400;\">\u00ab Cette action constitue une violation potentielle du droit maritime international et de la Convention des Nations unies sur le droit de la mer (CNUDM), qui limite les pouvoirs d\u2019interception dans les eaux internationales, sauf dans des cas sp\u00e9cifiques tels que la piraterie ou avec le consentement de l\u2019\u00c9tat du pavillon \u00bb <\/span><i><span style=\"font-weight: 400;\">(El Pa\u00eds, 29\/4\/2026).<\/span><\/i><\/p>\n<p><span style=\"font-weight: 400;\">Le minist\u00e8re isra\u00e9lien des Affaires \u00e9trang\u00e8res a confirm\u00e9 son action r\u00e9pressive en publiant un message sur X montrant des images pr\u00e9tendument de la cargaison des navires de la flottille<\/span><\/p>\n<p><span style=\"font-weight: 400;\">\u00ab Des bateaux militaires se sont approch\u00e9s de nos navires, s\u2019identifiant comme isra\u00e9liens, pointant des lasers et des armes semi-automatiques vers nous et ordonnant aux participants de se diriger vers l\u2019avant des bateaux et de se mettre \u00e0 genoux \u00bb, a indiqu\u00e9 la Flottille sur son compte X. Elle a \u00e9galement d\u00e9nonc\u00e9 le fait que les communications des bateaux \u00e9taient intercept\u00e9es.<\/span><\/p>\n<p><span style=\"font-weight: 400;\">La Flottille avait quitt\u00e9 dimanche dernier le port italien d\u2019Augusta, en Sicile. Elle est compos\u00e9e de centaines de participants b\u00e9n\u00e9voles provenant de divers pays du monde.\u00a0<\/span><\/p>\n<p><span style=\"font-weight: 400;\">Tout cela est d\u00fb \u00e0 l\u2019impunit\u00e9 dont b\u00e9n\u00e9ficie Isra\u00ebl dans ses agissements criminels et g\u00e9nocidaires. Il agit librement aux portes de la Gr\u00e8ce ou de l\u2019Italie,\u00a0<\/span><\/p>\n<p><span style=\"font-weight: 400;\">sans qu&#8217;aucun gouvernement de l&#8217;Union europ\u00e9enne (UE) ne l\u00e8ve le petit doigt. C&#8217;est une nouvelle illustration des agissements r\u00e9pr\u00e9hensibles de l&#8217;\u00c9tat sioniste d&#8217;Isra\u00ebl, qui s&#8217;arroge le droit d&#8217;agir militairement de n&#8217;importe quelle mani\u00e8re et n&#8217;importe o\u00f9. Que ce soit contre le peuple palestinien, le Liban ou l&#8217;Iran. Pour cela, il b\u00e9n\u00e9ficie du soutien inconditionnel des \u00c9tats-Unis et de l&#8217;ultra-conservateur Donald Trump.<\/span><\/p>\n<p><span style=\"font-weight: 400;\">Au moment de la r\u00e9daction de cette d\u00e9claration, on ne savait rien de la situation des \u00e9quipages et des centaines de militants participant \u00e0 la flottille. Parmi les membres de la Flottille figurent la travailleuse ferroviaire M\u00f3nica Schlotthauer, d\u00e9put\u00e9e d\u2019Izquierda Socialista (IS) et du FITU en Argentine, Ezequiel Peressini, dirigeant de l\u2019IS et de l\u2019UIT-QI, et Gorkem Duru, dirigeant du Parti de la d\u00e9mocratie ouvri\u00e8re (IDP) de Turquie et de l\u2019UIT-QI.<\/span><\/p>\n<p><span style=\"font-weight: 400;\">Depuis l\u2019UIT-QI, nous exigeons que l\u2019\u00e9tat et la situation des membres de la flottille d\u00e9tenus soient clarifi\u00e9s de toute urgence, que leur int\u00e9grit\u00e9 soit garantie et qu\u2019ils ne subissent aucune forme d\u2019agression. Nous exigeons que les gouvernements du monde entier, en particulier ceux des pays dont sont originaires les membres de la flottille, interviennent pour garantir la s\u00e9curit\u00e9 et la vie des participants \u00e0 la flottille et pour obtenir leur lib\u00e9ration imm\u00e9diate. Nous exigeons \u00e9galement la restitution de toute l\u2019aide humanitaire et des navires de la flottille.<\/span><\/p>\n<p><span style=\"font-weight: 400;\">Depuis l\u2019UIT-QI, nous appelons \u00e0 se mobiliser, dans les rues, partout dans le monde, avec la plus large unit\u00e9 d\u2019action des organisations sociales, politiques, syndicales ou de jeunesse pour revendiquer ces points en d\u00e9fense de la Flottille mondiale Sumud et en solidarit\u00e9 avec la lutte du peuple palestinien.<\/span><\/p>\n<p><i><span style=\"font-weight: 400;\">Lib\u00e9ration imm\u00e9diate de la Global Sumud Flottilla !<\/span><\/i><\/p>\n<p><i><span style=\"font-weight: 400;\">Palestine libre, du fleuve \u00e0 la mer !<\/span><\/i><\/p>\n<p><b>29\/4\/2026<\/b><\/p>\n<p><b>Unit\u00e9 internationale des travailleuses et travailleurs \u2013 Quatri\u00e8me Internationale (UIT-QI)<\/b><\/p>\n","protected":false},"excerpt":{"rendered":"<p>D\u00e9claration urgente. UIT-QI Le mercredi 29 avril, des navires de la marine de l&#8217;\u00c9tat sioniste d&#8217;Isra\u00ebl ont attaqu\u00e9, dans la M\u00e9diterran\u00e9e, la quasi-totalit\u00e9 des quelque 60 bateaux de la Global Sumud Flottilla qui se dirigeaient vers Gaza, dans le cadre de leur mission de solidarit\u00e9 humanitaire avec le peuple palestinien. Il s&#8217;agit d&#8217;une nouvelle interception [&hellip;]<\/p>\n","protected":false},"author":2,"featured_media":26263,"comment_status":"closed","ping_status":"closed","sticky":false,"template":"","format":"standard","meta":[],"categories":[308],"tags":[119],"_links":{"self":[{"href":"https:\/\/uit-ci.org\/index.php\/wp-json\/wp\/v2\/posts\/26294"}],"collection":[{"href":"https:\/\/uit-ci.org\/index.php\/wp-json\/wp\/v2\/posts"}],"about":[{"href":"https:\/\/uit-ci.org\/index.php\/wp-json\/wp\/v2\/types\/post"}],"author":[{"embeddable":true,"href":"https:\/\/uit-ci.org\/index.php\/wp-json\/wp\/v2\/users\/2"}],"replies":[{"embeddable":true,"href":"https:\/\/uit-ci.org\/index.php\/wp-json\/wp\/v2\/comments?post=26294"}],"version-history":[{"count":1,"href":"https:\/\/uit-ci.org\/index.php\/wp-json\/wp\/v2\/posts\/26294\/revisions"}],"predecessor-version":[{"id":26295,"href":"https:\/\/uit-ci.org\/index.php\/wp-json\/wp\/v2\/posts\/26294\/revisions\/26295"}],"wp:featuredmedia":[{"embeddable":true,"href":"https:\/\/uit-ci.org\/index.php\/wp-json\/wp\/v2\/media\/26263"}],"wp:attachment":[{"href":"https:\/\/uit-ci.org\/index.php\/wp-json\/wp\/v2\/media?parent=26294"}],"wp:term":[{"taxonomy":"category","embeddable":true,"href":"https:\/\/uit-ci.org\/index.php\/wp-json\/wp\/v2\/categories?post=26294"},{"taxonomy":"post_tag","embeddable":true,"href":"https:\/\/uit-ci.org\/index.php\/wp-json\/wp\/v2\/tags?post=26294"}],"curies":[{"name":"wp","href":"https:\/\/api.w.org\/{rel}","templated":true}]}}