{"id":26296,"date":"2026-05-01T13:09:51","date_gmt":"2026-05-01T13:09:51","guid":{"rendered":"http:\/\/uit-ci.org\/?p=26296"},"modified":"2026-05-01T13:09:51","modified_gmt":"2026-05-01T13:09:51","slug":"liberen-a-thiago-y-saif-de-la-flotilla-global-sumud","status":"publish","type":"post","link":"https:\/\/uit-ci.org\/index.php\/2026\/05\/01\/liberen-a-thiago-y-saif-de-la-flotilla-global-sumud\/","title":{"rendered":"Liberen a Thiago y Saif de la Flotilla Global Sumud"},"content":{"rendered":"<p>Por <strong>CST<\/strong>, secci\u00f3n de la UIT-CI en Brasil<\/p>\n<p>1\/5\/2026. Tras el secuestro ilegal, en clara violaci\u00f3n de una misi\u00f3n humanitaria en aguas internacionales, las fuerzas nazisionistas de Israel entregaron a los rehenes de la Flotilla Sumud al gobierno griego. No disponemos de informaci\u00f3n detallada sobre la situaci\u00f3n de estos activistas.<\/p>\n<p>Dos l\u00edderes de la Global Sumud siguen secuestrados por las fuerzas coloniales del enclave sionista. \u00a1Exigimos la liberaci\u00f3n inmediata del palestino Saif y del brasile\u00f1o Thiago \u00c1vila!<\/p>\n<p>La vida de Saif y Thiago corre peligro. La situaci\u00f3n del palestino Saif en las mazmorras nazisionistas es cr\u00edtica. Exigimos al Gobierno brasile\u00f1o y al Estado espa\u00f1ol, donde estos activistas tienen su residencia, que tomen medidas urgentes en defensa de la vida de ambos y del conjunto de la Global Sumud. Exigimos a todos los gobernantes del planeta que act\u00faen contra el estado de excepci\u00f3n que Israel impone al mundo, invadiendo territorios, bombardeando, colonizando y violando las aguas internacionales, y que se posicionen para que Saif y Thiago aparezcan con vida de inmediato.<\/p>\n<p>Exigimos a Lula que utilice toda su influencia internacional para que se preserve la vida de estos activistas y sean liberados.<\/p>\n<p>Es necesario llevar a cabo acciones de solidaridad y retomar la movilizaci\u00f3n internacional. Solo las protestas masivas en las calles, combinadas con la fuerza de las acciones de la clase trabajadora mundial, pueden detener a los nazisionistas y romper la complicidad de los gobernantes del planeta con el genocidio que se est\u00e1 produciendo en Gaza. Hacia una fuerte jornada mundial de repudio a la Nakba. \u00a1A las calles!<\/p>\n","protected":false},"excerpt":{"rendered":"<p>Por CST, secci\u00f3n de la UIT-CI en Brasil 1\/5\/2026. Tras el secuestro ilegal, en clara violaci\u00f3n de una misi\u00f3n humanitaria en aguas internacionales, las fuerzas nazisionistas de Israel entregaron a los rehenes de la Flotilla Sumud al gobierno griego. No disponemos de informaci\u00f3n detallada sobre la situaci\u00f3n de estos activistas. Dos l\u00edderes de la Global [&hellip;]<\/p>\n","protected":false},"author":2,"featured_media":26297,"comment_status":"closed","ping_status":"closed","sticky":false,"template":"","format":"standard","meta":[],"categories":[308,39],"tags":[2907,2840,564,982,1721,254,2906,1541,2883],"_links":{"self":[{"href":"https:\/\/uit-ci.org\/index.php\/wp-json\/wp\/v2\/posts\/26296"}],"collection":[{"href":"https:\/\/uit-ci.org\/index.php\/wp-json\/wp\/v2\/posts"}],"about":[{"href":"https:\/\/uit-ci.org\/index.php\/wp-json\/wp\/v2\/types\/post"}],"author":[{"embeddable":true,"href":"https:\/\/uit-ci.org\/index.php\/wp-json\/wp\/v2\/users\/2"}],"replies":[{"embeddable":true,"href":"https:\/\/uit-ci.org\/index.php\/wp-json\/wp\/v2\/comments?post=26296"}],"version-history":[{"count":1,"href":"https:\/\/uit-ci.org\/index.php\/wp-json\/wp\/v2\/posts\/26296\/revisions"}],"predecessor-version":[{"id":26305,"href":"https:\/\/uit-ci.org\/index.php\/wp-json\/wp\/v2\/posts\/26296\/revisions\/26305"}],"wp:featuredmedia":[{"embeddable":true,"href":"https:\/\/uit-ci.org\/index.php\/wp-json\/wp\/v2\/media\/26297"}],"wp:attachment":[{"href":"https:\/\/uit-ci.org\/index.php\/wp-json\/wp\/v2\/media?parent=26296"}],"wp:term":[{"taxonomy":"category","embeddable":true,"href":"https:\/\/uit-ci.org\/index.php\/wp-json\/wp\/v2\/categories?post=26296"},{"taxonomy":"post_tag","embeddable":true,"href":"https:\/\/uit-ci.org\/index.php\/wp-json\/wp\/v2\/tags?post=26296"}],"curies":[{"name":"wp","href":"https:\/\/api.w.org\/{rel}","templated":true}]}}