{"id":26306,"date":"2026-05-02T00:24:17","date_gmt":"2026-05-02T00:24:17","guid":{"rendered":"http:\/\/uit-ci.org\/?p=26306"},"modified":"2026-05-02T00:24:17","modified_gmt":"2026-05-02T00:24:17","slug":"la-llegada-a-estambul-de-la-flotilla-liberada","status":"publish","type":"post","link":"https:\/\/uit-ci.org\/index.php\/2026\/05\/02\/la-llegada-a-estambul-de-la-flotilla-liberada\/","title":{"rendered":"La llegada a Estambul de la flotilla liberada"},"content":{"rendered":"<p>Por<strong><em> Prensa UIT-CI<\/em><\/strong><\/p>\n<p>1\/5\/2026. Entre los liberados en Estambul est\u00e1n M\u00f3nica Schlotthauer, diputada de Izquierda Socialista (IS)y el FITU de Argentina, Ezequiel Peressini, dirigente de IS y la UIT-CI y Gorkem Duru, dirigente del Partido de la Democracia Obrera (IDP) de Turqu\u00eda y de la UIT-CI.<\/p>\n<div class=\"jeg_video_container jeg_video_content\"><iframe title=\"Llegada de tripulantes de la Global Sumud Flotilla a Estambul luego de su liberaci\u00f3n\" width=\"500\" height=\"281\" src=\"https:\/\/www.youtube.com\/embed\/AbhAhoTn61g?feature=oembed\" frameborder=\"0\" allow=\"accelerometer; autoplay; clipboard-write; encrypted-media; gyroscope; picture-in-picture; web-share\" referrerpolicy=\"strict-origin-when-cross-origin\" allowfullscreen><\/iframe><\/div>\n<p>El avi\u00f3n que traslad\u00f3 desde Creta, Grecia, a Estambul a la mayor parte de los liberados, aterriz\u00f3 en la noche del 1\u00b0 de mayo, justo el d\u00eda internacional de lucha de la clase trabajadora.<\/p>\n<p>Hubo un recibimiento importante con presencia de luchadoras y luchadores de Turqu\u00eda que son solidarios con la lucha palestina y que repudian el genocidio y limpieza \u00e9tnica del estado sionista de Israel. Entre ellos una fuerte delegaci\u00f3n de compa\u00f1eras y compa\u00f1eros de IDP, secci\u00f3n turca de la UIT-CI (ver foto), presentes con carteles de la organizaci\u00f3n.<\/p>\n<figure id=\"attachment_26315\" aria-describedby=\"caption-attachment-26315\" style=\"width: 359px\" class=\"wp-caption aligncenter\"><img loading=\"lazy\" class=\" wp-image-26315\" src=\"http:\/\/uit-ci.org\/wp-content\/uploads\/2026\/05\/WhatsApp-Image-2026-05-01-at-18.56.46-300x225.jpeg\" alt=\"\" width=\"359\" height=\"269\" srcset=\"https:\/\/uit-ci.org\/wp-content\/uploads\/2026\/05\/WhatsApp-Image-2026-05-01-at-18.56.46-300x225.jpeg 300w, https:\/\/uit-ci.org\/wp-content\/uploads\/2026\/05\/WhatsApp-Image-2026-05-01-at-18.56.46-1024x768.jpeg 1024w, https:\/\/uit-ci.org\/wp-content\/uploads\/2026\/05\/WhatsApp-Image-2026-05-01-at-18.56.46-768x576.jpeg 768w, https:\/\/uit-ci.org\/wp-content\/uploads\/2026\/05\/WhatsApp-Image-2026-05-01-at-18.56.46-600x450.jpeg 600w, https:\/\/uit-ci.org\/wp-content\/uploads\/2026\/05\/WhatsApp-Image-2026-05-01-at-18.56.46-750x563.jpeg 750w, https:\/\/uit-ci.org\/wp-content\/uploads\/2026\/05\/WhatsApp-Image-2026-05-01-at-18.56.46-1140x855.jpeg 1140w, https:\/\/uit-ci.org\/wp-content\/uploads\/2026\/05\/WhatsApp-Image-2026-05-01-at-18.56.46.jpeg 1280w\" sizes=\"(max-width: 359px) 100vw, 359px\" \/><figcaption id=\"caption-attachment-26315\" class=\"wp-caption-text\">Ezequiel Peressini y M\u00f3nica Schlotthauer junto a camaradas del partido hermano IDP de la UIT-CI en Turqu\u00eda, luego de su liberaci\u00f3n.<\/figcaption><\/figure>\n<p>La compa\u00f1era M\u00f3nica habl\u00f3 en la conferencia de prensa en el aeropuerto, con la traducci\u00f3n del compa\u00f1ero Gorkem, cerrando con la consigna \u201cPalestina libre del rio al mar\u201d, aplaudida por todas y todos los presentes.<\/p>\n<p>Tambi\u00e9n hubo estribillos de Free (libertad)Thiago y Free Saif, la gran campa\u00f1a mundial por su inmediata liberaci\u00f3n de las garras del sionismo asesino.<\/p>\n<p>Se ratific\u00f3 el compromiso que la lucha en apoyo a Gaza y a la resistencia palestina va continuar.<\/p>\n","protected":false},"excerpt":{"rendered":"<p>Por Prensa UIT-CI 1\/5\/2026. Entre los liberados en Estambul est\u00e1n M\u00f3nica Schlotthauer, diputada de Izquierda Socialista (IS)y el FITU de Argentina, Ezequiel Peressini, dirigente de IS y la UIT-CI y Gorkem Duru, dirigente del Partido de la Democracia Obrera (IDP) de Turqu\u00eda y de la UIT-CI. El avi\u00f3n que traslad\u00f3 desde Creta, Grecia, a Estambul [&hellip;]<\/p>\n","protected":false},"author":2,"featured_media":26307,"comment_status":"closed","ping_status":"closed","sticky":false,"template":"","format":"standard","meta":[],"categories":[308,39,48],"tags":[2909,261,139,103,2711,263,564,105,255,884,483,2059,149,768,254,2908,2906,2716,279,2883,97],"_links":{"self":[{"href":"https:\/\/uit-ci.org\/index.php\/wp-json\/wp\/v2\/posts\/26306"}],"collection":[{"href":"https:\/\/uit-ci.org\/index.php\/wp-json\/wp\/v2\/posts"}],"about":[{"href":"https:\/\/uit-ci.org\/index.php\/wp-json\/wp\/v2\/types\/post"}],"author":[{"embeddable":true,"href":"https:\/\/uit-ci.org\/index.php\/wp-json\/wp\/v2\/users\/2"}],"replies":[{"embeddable":true,"href":"https:\/\/uit-ci.org\/index.php\/wp-json\/wp\/v2\/comments?post=26306"}],"version-history":[{"count":1,"href":"https:\/\/uit-ci.org\/index.php\/wp-json\/wp\/v2\/posts\/26306\/revisions"}],"predecessor-version":[{"id":26323,"href":"https:\/\/uit-ci.org\/index.php\/wp-json\/wp\/v2\/posts\/26306\/revisions\/26323"}],"wp:featuredmedia":[{"embeddable":true,"href":"https:\/\/uit-ci.org\/index.php\/wp-json\/wp\/v2\/media\/26307"}],"wp:attachment":[{"href":"https:\/\/uit-ci.org\/index.php\/wp-json\/wp\/v2\/media?parent=26306"}],"wp:term":[{"taxonomy":"category","embeddable":true,"href":"https:\/\/uit-ci.org\/index.php\/wp-json\/wp\/v2\/categories?post=26306"},{"taxonomy":"post_tag","embeddable":true,"href":"https:\/\/uit-ci.org\/index.php\/wp-json\/wp\/v2\/tags?post=26306"}],"curies":[{"name":"wp","href":"https:\/\/api.w.org\/{rel}","templated":true}]}}