{"id":2643,"date":"2018-04-17T16:42:40","date_gmt":"2018-04-17T16:42:40","guid":{"rendered":"http:\/\/uit-ci.org\/index.php\/2018\/04\/17\/peru-ninguna-confianza-en-el-gobierno-neoliberal-de-vizcarra\/"},"modified":"2018-04-17T16:42:40","modified_gmt":"2018-04-17T16:42:40","slug":"peru-ninguna-confianza-en-el-gobierno-neoliberal-de-vizcarra","status":"publish","type":"post","link":"https:\/\/uit-ci.org\/index.php\/2018\/04\/17\/peru-ninguna-confianza-en-el-gobierno-neoliberal-de-vizcarra\/","title":{"rendered":"Per\u00fa: Ninguna confianza en el gobierno Neoliberal de Vizcarra"},"content":{"rendered":"<p><strong><img loading=\"lazy\" class=\" alignleft size-full wp-image-2642\" src=\"http:\/\/uit-ci.org\/wp-content\/uploads\/2018\/04\/kuczynski_renuncio_a_la_presidencia_de_Peru.jpg\" width=\"240\" height=\"169\" alt=\"kuczynski renunci\u00f3 a la presidencia de Per\u00fa\" style=\"margin-right: 5px; float: left;\" srcset=\"https:\/\/uit-ci.org\/wp-content\/uploads\/2018\/04\/kuczynski_renuncio_a_la_presidencia_de_Peru.jpg 660w, https:\/\/uit-ci.org\/wp-content\/uploads\/2018\/04\/kuczynski_renuncio_a_la_presidencia_de_Peru-300x212.jpg 300w, https:\/\/uit-ci.org\/wp-content\/uploads\/2018\/04\/kuczynski_renuncio_a_la_presidencia_de_Peru-600x424.jpg 600w, https:\/\/uit-ci.org\/wp-content\/uploads\/2018\/04\/kuczynski_renuncio_a_la_presidencia_de_Peru-120x86.jpg 120w\" sizes=\"(max-width: 240px) 100vw, 240px\" \/>Por: Un\u00edos Per\u00fa<\/strong><br \/>1)La crisis pol\u00edtica trazada por la corrupci\u00f3n abri\u00f3 \u2013por motivos distintos- el proceso de vacancia con Pedro Pablo Kuczynski. Para los neoliberales el problema era como salir de la crisis por un cauce institucional, con impunidad sin desborde popular, teniendo al frente a un gobierno d\u00e9bil y moralmente cuestionado. El apro-fujimorismo cre\u00eda que no era posible lograrlo con Ppk al frente y por ese apoy\u00f3 la primera vacancia promovida por el frente Amplio, la cual no prosper\u00f3 por la abstenci\u00f3n del MNP y por el negociado indulto de Fujimori.<\/p>\n<p>  <!--more-->  <\/p>\n<p>2)Ppk se vio forzado reci\u00e9n a renunciar ante el esc\u00e1ndalo de los Mamani-videos y el inmenso repudio popular que crec\u00eda. Pero nunca reconoci\u00f3 sus mentiras ni fechor\u00edas. En relaci\u00f3n con la vacancia, la renuncia del Ppk fue la salida pol\u00edticamente menos riesgosa para el modelo econ\u00f3mico. Por eso el parlamento termin\u00f3 aceptando la renuncia y los medios de manipulaci\u00f3n labraron el camino para una salida constitucional segura, contraria a la demanda popular para que se vayan todos.<br \/>3)La ca\u00edda del Ppk representa el fracaso de los tecn\u00f3cratas y el agotamiento del modelo de acumulaci\u00f3n corrupto a favor de los de arriba, de los Odebrecht y de los grandes grupos empresariales nacionales y extranjeros; a pesar de ello, Vizcarra continuar\u00e1 aplicando las mismas recetas neoliberales, serviles al imperialismo y contrarias a los intereses de los trabajadores, de los sectores populares y del pa\u00eds.<br \/>4)Vizcarra tiene un pasado y no es casual que ahora lo presenten como el m\u00e1s exitoso gobernador regional (2011-2014) en Moquegua, ocultando que como Ministro de Transporte y Comunicaciones (2016-2017) fue duramente cuestionado por su corrupta intervenci\u00f3n en la construcci\u00f3n del Aeropuerto Internacional de Chinchero (Cusco), debiendo renunciar para evitar su censura para luego marcharse a Canad\u00e1 como Embajador. Por ello, creemos que Vizcarra har\u00e1 lo que no pod\u00eda hacer Ppk: allanar el camino de la impunidad al apro-keikismo y al empresariado vinculado en los casos de Odebrecht, Lava jato y las constructoras de la corrupci\u00f3n.<br \/>5)La crisis pol\u00edtica no ha terminado, por el momento se avizora un escenario de aparente gobernabilidad y ello durar\u00e1 mientras Vizcarra sea funcionalmente \u00fatil al apro-keikismo, a los intereses neoliberales y a las multinacionales. Pero tampoco se descarta que aparezcan nuevas denuncias que pongan en jaque a Vizcarra y ello explicar\u00eda la negativa de Araoz para renunciar a la segunda vicepresidencia. Denunciamos que la presi\u00f3n preventiva de Humala, la extradici\u00f3n de Toledo, la investigaci\u00f3n sobre Keiko y el impedimento de salida por 18 meses del pa\u00eds del Ppk, responden m\u00e1s a la presi\u00f3n social que a una real b\u00fasqueda de justicia y busca evitar 6) que la indignaci\u00f3n no se convierta en movilizaci\u00f3n popular.<br \/>6)En las calles sigue vigente la demanda popular de que se vayan todos y, por el momento, el repudio popular corri\u00f3 hacia el parlamento. La continuidad del modelo de corrupci\u00f3n, injusticia y desigualdad llevar\u00e1-tarde o temprano- a que Vizcarra se vea enfrentado con la lucha del pueblo peruano. Desde Un\u00edos creemos que no cabe ninguna confianza al nuevo gobierno y revindicamos el acuerdo del Frente Amplio para que, caiga quien caiga, se vayan todos los corruptos a la c\u00e1rcel y que se convoquen a nuevas elecciones sin participaci\u00f3n de candidatos corruptos. Que no hay cabida para los mismos partidos que han gobernado el pa\u00eds y est\u00e1n envueltos hasta el cuello en la corrupci\u00f3n y en pol\u00edticas contra el pueblo. Que es necesario organizarnos pol\u00edticamente, revindicando las banderas del socialismo revolucionario, por un gobierno de los trabajadoras y trabajadoras que libere y forje el desarrollo de nuestro pa\u00eds.<\/p>\n","protected":false},"excerpt":{"rendered":"<p>Por: Un\u00edos Per\u00fa1)La crisis pol\u00edtica trazada por la corrupci\u00f3n abri\u00f3 \u2013por motivos distintos- el proceso de vacancia con Pedro Pablo Kuczynski. Para los neoliberales el problema era como salir de la crisis por un cauce institucional, con impunidad sin desborde popular, teniendo al frente a un gobierno d\u00e9bil y moralmente cuestionado. El apro-fujimorismo cre\u00eda que [&hellip;]<\/p>\n","protected":false},"author":1,"featured_media":2642,"comment_status":"open","ping_status":"open","sticky":false,"template":"","format":"standard","meta":[],"categories":[70],"tags":[],"_links":{"self":[{"href":"https:\/\/uit-ci.org\/index.php\/wp-json\/wp\/v2\/posts\/2643"}],"collection":[{"href":"https:\/\/uit-ci.org\/index.php\/wp-json\/wp\/v2\/posts"}],"about":[{"href":"https:\/\/uit-ci.org\/index.php\/wp-json\/wp\/v2\/types\/post"}],"author":[{"embeddable":true,"href":"https:\/\/uit-ci.org\/index.php\/wp-json\/wp\/v2\/users\/1"}],"replies":[{"embeddable":true,"href":"https:\/\/uit-ci.org\/index.php\/wp-json\/wp\/v2\/comments?post=2643"}],"version-history":[{"count":0,"href":"https:\/\/uit-ci.org\/index.php\/wp-json\/wp\/v2\/posts\/2643\/revisions"}],"wp:featuredmedia":[{"embeddable":true,"href":"https:\/\/uit-ci.org\/index.php\/wp-json\/wp\/v2\/media\/2642"}],"wp:attachment":[{"href":"https:\/\/uit-ci.org\/index.php\/wp-json\/wp\/v2\/media?parent=2643"}],"wp:term":[{"taxonomy":"category","embeddable":true,"href":"https:\/\/uit-ci.org\/index.php\/wp-json\/wp\/v2\/categories?post=2643"},{"taxonomy":"post_tag","embeddable":true,"href":"https:\/\/uit-ci.org\/index.php\/wp-json\/wp\/v2\/tags?post=2643"}],"curies":[{"name":"wp","href":"https:\/\/api.w.org\/{rel}","templated":true}]}}