{"id":2673,"date":"2018-05-02T18:22:17","date_gmt":"2018-05-02T18:22:17","guid":{"rendered":"http:\/\/uit-ci.org\/index.php\/2018\/05\/02\/primero-de-mayo-gran-jornada-obrera-e-internacionalista-contra-el-ajuste-capitalista\/"},"modified":"2018-05-02T18:22:17","modified_gmt":"2018-05-02T18:22:17","slug":"primero-de-mayo-gran-jornada-obrera-e-internacionalista-contra-el-ajuste-capitalista","status":"publish","type":"post","link":"https:\/\/uit-ci.org\/index.php\/2018\/05\/02\/primero-de-mayo-gran-jornada-obrera-e-internacionalista-contra-el-ajuste-capitalista\/","title":{"rendered":"Primero de Mayo: Gran jornada obrera e internacionalista contra el ajuste capitalista"},"content":{"rendered":"<p><img loading=\"lazy\" class=\" alignleft size-full wp-image-2671\" src=\"http:\/\/uit-ci.org\/wp-content\/uploads\/2018\/05\/WhatsApp_Image_2018-05-02_at_11.23.05.jpeg\" width=\"240\" height=\"180\" alt=\"WhatsApp Image 2018-05-02 at 11.23.05\" style=\"margin-right: 5px; float: left;\" srcset=\"https:\/\/uit-ci.org\/wp-content\/uploads\/2018\/05\/WhatsApp_Image_2018-05-02_at_11.23.05.jpeg 720w, https:\/\/uit-ci.org\/wp-content\/uploads\/2018\/05\/WhatsApp_Image_2018-05-02_at_11.23.05-300x225.jpeg 300w, https:\/\/uit-ci.org\/wp-content\/uploads\/2018\/05\/WhatsApp_Image_2018-05-02_at_11.23.05-600x450.jpeg 600w\" sizes=\"(max-width: 240px) 100vw, 240px\" \/>El 1\u00b0de mayo se celebr\u00f3 en todo el mundo el D\u00eda de los Trabajadores. Esta fecha fue establecida en el Segundo Congreso Obrero Socialista en 1889, en reivindicaci\u00f3n de los \u00abM\u00e1rtires de Chicago\u00bb, nombre con el que se conoce al conjunto de obreros que en los Estados Unidos fueron ejecutados durante la lucha por la jornada laboral de ocho horas. Pero el 1\u00b0 de Mayo no es solo un d\u00eda de conmemoraci\u00f3n, sino una jornada internacional de lucha de la clase obrera.<\/p>\n<p>  <!--more-->  <\/p>\n<p>Este 1\u00b0 de Mayo fue un d\u00eda de lucha contra el ajuste capitalista. Desde el inicio de la crisis econ\u00f3mica mundial en el a\u00f1o 2007, los gobiernos capitalistas est\u00e1n aplicando planes de ajuste al servicio de recuperar la ganancia de los empresarios. Una ofensiva encabeza por el jefe del imperialismo, el ultra reaccionario Donald Trump. El sistema capitalista-imperialista est\u00e1 llevando a millones de personas en el mundo a la miseria total y la debacle de sus condiciones de vida. Pero los trabajadores y sectores populares, los j\u00f3venes, las mujeres y todos los sectores oprimidos est\u00e1n resistiendo en las calles.<br \/>En diversas ciudades del mundo se realizaron actos y movilizaciones con la participaci\u00f3n de millones de trabajadores y trabajadoras. En el Estado Espa\u00f1ol m\u00e1s de 70 ciudades fueron protagonistas de las marchas del primero de mayo contra el ajuste de Rajoy. Se destacaron las consignas por mejoras en los salarios y pensiones y tambi\u00e9n contra la discriminaci\u00f3n salarial de las mujeres. Tambi\u00e9n se realizaron movilizaciones importantes en Rusia, Corea de Sur, Philipinas, Honduras, entre otros pa\u00edses. Desde la Unidad Internacional de los trabajadores-Cuarta Internacional participamos activamente en esta jornada a trav\u00e9s de nuestras secciones.<br \/>En Francia la jornada del primero de mayo estuvo atravesada por una oleada de huelgas en el pa\u00eds contra el ajuste del gobierno de Macr\u00f3n y el intento de privatizar la empresa la empresa ferroviaria estatal, SNCF, convirti\u00e9ndola en sociedad an\u00f3nima. Miles salieron a las calles y fueron brutalmente reprimidos por la polic\u00eda \u00abantidisturbios\u00bb, dejando un saldo de m\u00e1s de 200 detenidos.<br \/>En Estambul los trabajadores enfrentaron la prohibici\u00f3n del gobierno semidictadorial de Erdogan de prohibir manifestaciones en la plaza Taksim en Estambul. Sin embargo, la movilizaci\u00f3n fue masiva y enfrento una dura represi\u00f3n con m\u00e1s de 84 detenidos. Los compa\u00f1eros de del IDP (Partido de la democracia Obrera), secci\u00f3n de Turqu\u00eda UIT-CI participaron con una destacada columna de esta jornada de lucha. Denunciaron el recorte de las libertades democr\u00e1ticas al servicio del ajuste capitalista y la lucha por los derechos de las mujeres.<br \/>En Argentina el Frente de Izquierda y los Trabajadores realiz\u00f3 un destacado acto al servicio de la luchas en curso contra el ajuste de Macri y los<img loading=\"lazy\" class=\" alignright size-full wp-image-2672\" src=\"http:\/\/uit-ci.org\/wp-content\/uploads\/2018\/05\/WhatsApp_Image_2018-05-02_at_16.01.46.jpeg\" width=\"240\" height=\"105\" alt=\"Acto del Frente de Izquierda y los trabajadores, Argentina\" style=\"margin-left: 5px; float: right;\" srcset=\"https:\/\/uit-ci.org\/wp-content\/uploads\/2018\/05\/WhatsApp_Image_2018-05-02_at_16.01.46.jpeg 1280w, https:\/\/uit-ci.org\/wp-content\/uploads\/2018\/05\/WhatsApp_Image_2018-05-02_at_16.01.46-300x131.jpeg 300w, https:\/\/uit-ci.org\/wp-content\/uploads\/2018\/05\/WhatsApp_Image_2018-05-02_at_16.01.46-1024x448.jpeg 1024w, https:\/\/uit-ci.org\/wp-content\/uploads\/2018\/05\/WhatsApp_Image_2018-05-02_at_16.01.46-768x336.jpeg 768w, https:\/\/uit-ci.org\/wp-content\/uploads\/2018\/05\/WhatsApp_Image_2018-05-02_at_16.01.46-600x263.jpeg 600w, https:\/\/uit-ci.org\/wp-content\/uploads\/2018\/05\/WhatsApp_Image_2018-05-02_at_16.01.46-750x328.jpeg 750w, https:\/\/uit-ci.org\/wp-content\/uploads\/2018\/05\/WhatsApp_Image_2018-05-02_at_16.01.46-1140x499.jpeg 1140w\" sizes=\"(max-width: 240px) 100vw, 240px\" \/> gobernadores y para seguir postulando una alternativa de independencia de clase, ante las falsas variantes del peronismo. El acto manifest\u00f3 un fuerte apoyo a las luchas en Argentina y el mundo. Tambi\u00e9n fue una jornada al servicio de la pelea por el aborto legal, seguro y gratuito. El diputado de Izquierda Socialista, seci\u00f3n Argentina de a UIT-CI, destaco que \u00abLatinoam\u00e9rica tambi\u00e9n est\u00e1 convulsionada. Lo que predomina es la crisis de los gobiernos y la inestabilidad pol\u00edtica, sea de los derechistas Temer y Macri, como la de los pseudoprogresistas de Venezuela, Nicaragua, o como lo fueron el PT y el kirchnerismo, hoy en decadencia. Estos gobiernos hacen campa\u00f1a diciendo que se viene la derecha para justificar sus planes de ajuste\u00bb.<br \/>En Brasil se realizaron movilizaciones importantes en San Pablo y Rio de Janeiro. La CST particip\u00f3 activamente de la jornada, levantado la consigna \u00abFuera Temer y sus reformas\u00bb y destacando la heroica lucha de los j\u00f3venes y trabajadores de Nicaragua contra el r\u00e9gimen dictatorial de Daniel Ortega. Tambi\u00e9n se hizo sentir con mucha fuerza el reclamo por Justicia por luchadora asesinada Marielle Franco, contra la militarizaci\u00f3n en Rio de Janeiro y la represi\u00f3n al servicio del ajuste.<br \/>En Venezuela, el PSL impuls\u00f3 la realizaci\u00f3n de un acto en la Federaci\u00f3n Unitaria de Trabajadores Petroleros de Venezuela (Futpv), convocado por la Oposici\u00f3n de Izquierda en Lucha. El acto con una nutrida asistencia de dirigentes sindicales independientes, trabajadores y activistas de izquierda y denunci\u00f3 la situaci\u00f3n de miseria creciente producto de la pol\u00edtica de ajuste brutal que est\u00e1 llevando adelante el gobierno de Maduro.<br \/>Una vez m\u00e1s el primero de mayo fue una gran jornada obrera e internacionalista que volvi\u00f3 a plantear la lucha por los derechos de los trabajadores, los sectores populares y las mujeres contra el ajuste capitalista en curso. Proletarios del mundo, Unios!<\/p>\n","protected":false},"excerpt":{"rendered":"<p>El 1\u00b0de mayo se celebr\u00f3 en todo el mundo el D\u00eda de los Trabajadores. Esta fecha fue establecida en el Segundo Congreso Obrero Socialista en 1889, en reivindicaci\u00f3n de los \u00abM\u00e1rtires de Chicago\u00bb, nombre con el que se conoce al conjunto de obreros que en los Estados Unidos fueron ejecutados durante la lucha por la [&hellip;]<\/p>\n","protected":false},"author":1,"featured_media":2671,"comment_status":"open","ping_status":"open","sticky":false,"template":"","format":"standard","meta":[],"categories":[35],"tags":[],"_links":{"self":[{"href":"https:\/\/uit-ci.org\/index.php\/wp-json\/wp\/v2\/posts\/2673"}],"collection":[{"href":"https:\/\/uit-ci.org\/index.php\/wp-json\/wp\/v2\/posts"}],"about":[{"href":"https:\/\/uit-ci.org\/index.php\/wp-json\/wp\/v2\/types\/post"}],"author":[{"embeddable":true,"href":"https:\/\/uit-ci.org\/index.php\/wp-json\/wp\/v2\/users\/1"}],"replies":[{"embeddable":true,"href":"https:\/\/uit-ci.org\/index.php\/wp-json\/wp\/v2\/comments?post=2673"}],"version-history":[{"count":0,"href":"https:\/\/uit-ci.org\/index.php\/wp-json\/wp\/v2\/posts\/2673\/revisions"}],"wp:featuredmedia":[{"embeddable":true,"href":"https:\/\/uit-ci.org\/index.php\/wp-json\/wp\/v2\/media\/2671"}],"wp:attachment":[{"href":"https:\/\/uit-ci.org\/index.php\/wp-json\/wp\/v2\/media?parent=2673"}],"wp:term":[{"taxonomy":"category","embeddable":true,"href":"https:\/\/uit-ci.org\/index.php\/wp-json\/wp\/v2\/categories?post=2673"},{"taxonomy":"post_tag","embeddable":true,"href":"https:\/\/uit-ci.org\/index.php\/wp-json\/wp\/v2\/tags?post=2673"}],"curies":[{"name":"wp","href":"https:\/\/api.w.org\/{rel}","templated":true}]}}