{"id":2730,"date":"2018-06-15T03:00:31","date_gmt":"2018-06-15T03:00:31","guid":{"rendered":"http:\/\/uit-ci.org\/index.php\/2018\/06\/15\/logramos-en-las-calles-el-aborto-legal\/"},"modified":"2018-06-15T03:00:31","modified_gmt":"2018-06-15T03:00:31","slug":"logramos-en-las-calles-el-aborto-legal","status":"publish","type":"post","link":"https:\/\/uit-ci.org\/index.php\/2018\/06\/15\/logramos-en-las-calles-el-aborto-legal\/","title":{"rendered":"\u00a1Logramos en las calles el Aborto Legal!"},"content":{"rendered":"<p><img loading=\"lazy\" class=\" alignleft size-full wp-image-2729\" src=\"http:\/\/uit-ci.org\/wp-content\/uploads\/2018\/06\/Ganamos_el_aborto.jpg\" width=\"240\" height=\"160\" alt=\"Ganamos el aborto\" style=\"margin-right: 5px; float: left;\" srcset=\"https:\/\/uit-ci.org\/wp-content\/uploads\/2018\/06\/Ganamos_el_aborto.jpg 1200w, https:\/\/uit-ci.org\/wp-content\/uploads\/2018\/06\/Ganamos_el_aborto-300x200.jpg 300w, https:\/\/uit-ci.org\/wp-content\/uploads\/2018\/06\/Ganamos_el_aborto-1024x681.jpg 1024w, https:\/\/uit-ci.org\/wp-content\/uploads\/2018\/06\/Ganamos_el_aborto-768x511.jpg 768w, https:\/\/uit-ci.org\/wp-content\/uploads\/2018\/06\/Ganamos_el_aborto-600x399.jpg 600w, https:\/\/uit-ci.org\/wp-content\/uploads\/2018\/06\/Ganamos_el_aborto-750x499.jpg 750w, https:\/\/uit-ci.org\/wp-content\/uploads\/2018\/06\/Ganamos_el_aborto-1140x758.jpg 1140w\" sizes=\"(max-width: 240px) 100vw, 240px\" \/><strong>Por: Izquierda Socialista<\/strong><\/p>\n<p><strong>Mercedes Trimarchi<\/strong>, diputada provincial de Bs As de Izquierda Socialista &#8211; Frente de Izquierda, expositora en el Congreso como miembra de la Campa\u00f1a Nacional por el Derecho al Aborto, declar\u00f3: \u00abCon nuestra lucha logramos este derecho fundamental para las mujeres. Se logr\u00f3 torcer la voluntad de los pol\u00edticos patronales y de la Iglesia Cat\u00f3lica. El Frente de Izquierda no solo vot\u00f3 a favor con el 100% de sus diputados, sino que vino acompa\u00f1ando todas las masivas movilizaciones para lograrlo.<\/p>\n<p>  <!--more-->  <\/p>\n<p>Y desde Izquierda Socialista somos parte de la Campa\u00f1a Nacional por el Aborto Legal, Seguro y Gratuito. Ahora hay que seguir movilizadas para lograr que la ley se apruebe en su totalidad. Este primer triunfo es un gran aliciente para ello. Ese es el compromiso militante de nuestro partido y de la agrupaci\u00f3n Isadora (Mujeres en lucha)\u00bb.<\/p>\n<p><strong>Juan Carlos Giordano<\/strong>, diputado nacional de Izquierda Socialista en el Frente de Izquierda, se\u00f1al\u00f3: \u00abEste triunfo demuestra que con lucha y movilizaci\u00f3n se pueden lograr conquistas importantes. Ahora hay que garantizar un gran paro el pr\u00f3ximo 25 contra el ajuste de Macri, el FMI y los gobernadores. El paro ha sido arrancado desde abajo, desde cada lucha y por la creciente bronca contra el brutal ajuste del gobierno. Llamamos a parar masivamente el 25 y exigimos que sea parte de un plan de lucha nacional de la CGT y las CTA hasta derrotar los tarifazo, los salarios de hambre, los despidos y la mayor entrega, reclamando que la plata vaya para salario y trabajo, no para la deuda.\u00bb<\/p>\n","protected":false},"excerpt":{"rendered":"<p>Por: Izquierda Socialista Mercedes Trimarchi, diputada provincial de Bs As de Izquierda Socialista &#8211; Frente de Izquierda, expositora en el Congreso como miembra de la Campa\u00f1a Nacional por el Derecho al Aborto, declar\u00f3: \u00abCon nuestra lucha logramos este derecho fundamental para las mujeres. Se logr\u00f3 torcer la voluntad de los pol\u00edticos patronales y de la [&hellip;]<\/p>\n","protected":false},"author":1,"featured_media":2729,"comment_status":"open","ping_status":"open","sticky":false,"template":"","format":"standard","meta":[],"categories":[59],"tags":[],"_links":{"self":[{"href":"https:\/\/uit-ci.org\/index.php\/wp-json\/wp\/v2\/posts\/2730"}],"collection":[{"href":"https:\/\/uit-ci.org\/index.php\/wp-json\/wp\/v2\/posts"}],"about":[{"href":"https:\/\/uit-ci.org\/index.php\/wp-json\/wp\/v2\/types\/post"}],"author":[{"embeddable":true,"href":"https:\/\/uit-ci.org\/index.php\/wp-json\/wp\/v2\/users\/1"}],"replies":[{"embeddable":true,"href":"https:\/\/uit-ci.org\/index.php\/wp-json\/wp\/v2\/comments?post=2730"}],"version-history":[{"count":0,"href":"https:\/\/uit-ci.org\/index.php\/wp-json\/wp\/v2\/posts\/2730\/revisions"}],"wp:featuredmedia":[{"embeddable":true,"href":"https:\/\/uit-ci.org\/index.php\/wp-json\/wp\/v2\/media\/2729"}],"wp:attachment":[{"href":"https:\/\/uit-ci.org\/index.php\/wp-json\/wp\/v2\/media?parent=2730"}],"wp:term":[{"taxonomy":"category","embeddable":true,"href":"https:\/\/uit-ci.org\/index.php\/wp-json\/wp\/v2\/categories?post=2730"},{"taxonomy":"post_tag","embeddable":true,"href":"https:\/\/uit-ci.org\/index.php\/wp-json\/wp\/v2\/tags?post=2730"}],"curies":[{"name":"wp","href":"https:\/\/api.w.org\/{rel}","templated":true}]}}