{"id":275,"date":"2012-07-05T03:04:27","date_gmt":"2012-07-05T03:04:27","guid":{"rendered":"http:\/\/uit-ci.org\/index.php\/2012\/07\/05\/opiniones-sobre-el-congreso-desde-bolivia\/"},"modified":"2012-07-05T03:04:27","modified_gmt":"2012-07-05T03:04:27","slug":"opiniones-sobre-el-congreso-desde-bolivia","status":"publish","type":"post","link":"https:\/\/uit-ci.org\/index.php\/2012\/07\/05\/opiniones-sobre-el-congreso-desde-bolivia\/","title":{"rendered":"Opiniones sobre el Congreso desde Bolivia"},"content":{"rendered":"<p><em><strong><img loading=\"lazy\" class=\" alignleft size-full wp-image-274\" src=\"http:\/\/uit-ci.org\/wp-content\/uploads\/2012\/07\/Eliseo-bolivia.jpg\" alt=\"Eliseo Mamani - Secretario Ejecutivo de la Federaci\u00f3n de Maestros Rurales, La Paz, Bolivia saluda al IV Congreso mundial de la UIT-CI\" style=\"margin-right: 5px; float: left;\" width=\"240\" height=\"284\" srcset=\"https:\/\/uit-ci.org\/wp-content\/uploads\/2012\/07\/Eliseo-bolivia.jpg 500w, https:\/\/uit-ci.org\/wp-content\/uploads\/2012\/07\/Eliseo-bolivia-253x300.jpg 253w\" sizes=\"(max-width: 240px) 100vw, 240px\" \/>Por&nbsp;Eliseo Mamani &#8211; Secretario Ejecutivo de la Federaci\u00f3n de Maestros Rurales, La Paz<\/strong><\/em><\/p>\n<p>Soy secretario Ejecutivo de la Federaci\u00f3n, que tiene 13.000 afiliados. En las elecciones de 2011 derrotamos a los candidatos del MAS. El pr\u00f3ximo 13 de julio tenemos nueva elecci\u00f3n de autoridades donde proponemos renovar el mandato de nuestro Frente Pachakuti. Nuestra federaci\u00f3n es parte de la COB.<\/p>\n<p>  <!--more-->  <\/p>\n<p>Y en el \u00faltimo Congreso ampliado hemos decidido seguir enfrentando al gobierno masista, al que consideramos como neoliberal, hambreador, traidor y enemigo de la clase trabajadora y del magisterio rural nacional. Por eso tenemos que construir un nuevo instrumento pol\u00edtico que represente de verdad a los trabajadores, campesinos e ind\u00edgenas.<\/p>\n<p>Esta reuni\u00f3n internacional nos ha servido mucho en ese sentido. He le\u00eddo las Tesis y las mismas nos ayudan a orientar nuestro trabajo. Por lo que he escuchado, es correcto que se haya definido seguir enfrentando a los gobiernos denominados del Socialismo del Siglo XXI, que han fracasado. Ustedes son los que representan el verdadero socialismo.<\/p>\n<p>Me ha interesado mucho todo lo que se ha debatido sobre Venezuela, donde existe un partido revolucionario al que tenemos que apoyar. Creo que toda la pol\u00edtica que se ha puesto en consideraci\u00f3n sirve para evitar lo que pas\u00f3 en Cuba.<\/p>\n<p>Nuestro compromiso es seguir trabajando en forma mancomunada junto a los compa\u00f1eros de La Protesta. Valoramos el apoyo que ustedes nos dan a los maestros, en las luchas y ahora en las elecciones, y tambi\u00e9n en la necesidad de construir un instrumento pol\u00edtico revolucionario entre todos los sectores que nos sentimos afectados por el actual sistema.<\/p>\n","protected":false},"excerpt":{"rendered":"<p>Por&nbsp;Eliseo Mamani &#8211; Secretario Ejecutivo de la Federaci\u00f3n de Maestros Rurales, La Paz Soy secretario Ejecutivo de la Federaci\u00f3n, que tiene 13.000 afiliados. En las elecciones de 2011 derrotamos a los candidatos del MAS. El pr\u00f3ximo 13 de julio tenemos nueva elecci\u00f3n de autoridades donde proponemos renovar el mandato de nuestro Frente Pachakuti. Nuestra federaci\u00f3n [&hellip;]<\/p>\n","protected":false},"author":1,"featured_media":274,"comment_status":"open","ping_status":"open","sticky":false,"template":"","format":"standard","meta":[],"categories":[37],"tags":[],"_links":{"self":[{"href":"https:\/\/uit-ci.org\/index.php\/wp-json\/wp\/v2\/posts\/275"}],"collection":[{"href":"https:\/\/uit-ci.org\/index.php\/wp-json\/wp\/v2\/posts"}],"about":[{"href":"https:\/\/uit-ci.org\/index.php\/wp-json\/wp\/v2\/types\/post"}],"author":[{"embeddable":true,"href":"https:\/\/uit-ci.org\/index.php\/wp-json\/wp\/v2\/users\/1"}],"replies":[{"embeddable":true,"href":"https:\/\/uit-ci.org\/index.php\/wp-json\/wp\/v2\/comments?post=275"}],"version-history":[{"count":0,"href":"https:\/\/uit-ci.org\/index.php\/wp-json\/wp\/v2\/posts\/275\/revisions"}],"wp:featuredmedia":[{"embeddable":true,"href":"https:\/\/uit-ci.org\/index.php\/wp-json\/wp\/v2\/media\/274"}],"wp:attachment":[{"href":"https:\/\/uit-ci.org\/index.php\/wp-json\/wp\/v2\/media?parent=275"}],"wp:term":[{"taxonomy":"category","embeddable":true,"href":"https:\/\/uit-ci.org\/index.php\/wp-json\/wp\/v2\/categories?post=275"},{"taxonomy":"post_tag","embeddable":true,"href":"https:\/\/uit-ci.org\/index.php\/wp-json\/wp\/v2\/tags?post=275"}],"curies":[{"name":"wp","href":"https:\/\/api.w.org\/{rel}","templated":true}]}}