{"id":27551,"date":"2026-09-03T16:41:18","date_gmt":"2026-09-03T16:41:18","guid":{"rendered":"http:\/\/uit-ci.org\/?p=27551"},"modified":"2026-09-03T16:41:18","modified_gmt":"2026-09-03T16:41:18","slug":"chile-el-foro-madrid-una-internacional-contra-los-pueblos-y-al-servicio-del-imperialismo","status":"publish","type":"post","link":"https:\/\/uit-ci.org\/index.php\/2026\/09\/03\/chile-el-foro-madrid-una-internacional-contra-los-pueblos-y-al-servicio-del-imperialismo\/","title":{"rendered":"Chile: El Foro Madrid, una internacional contra los pueblos y al servicio del imperialismo"},"content":{"rendered":"<p><span style=\"font-weight: 400;\">Por <strong>Prensa UIT-CI<\/strong><\/span><\/p>\n<p><span style=\"font-weight: 400;\">3\/08\/2026. Desde el 3 de septiembre el pinochetista Kast recibir\u00e1 a otros miembros de la ultraderecha en la ciudad de Santiago, en donde se reunir\u00e1n para seguir aplicando planes de ajuste y represi\u00f3n contra la clase trabajadora y los pueblos que lucha. Reproducimos la declaraci\u00f3n del Movimiento Socialista de las, los y les Trabajadores, secci\u00f3n chilena de la UIT-CI.<\/span><\/p>\n<p><span style=\"font-weight: 400;\">\u201cUna alianza internacional contra el socialismo\u201d. Con estas palabras se presenta el Foro Madrid, que este 3 de septiembre reunir\u00e1 en Santiago a representantes de la ultraderecha internacional. Organizado por la Fundaci\u00f3n Disenso, ligada al partido espa\u00f1ol VOX, contar\u00e1 con figuras como Javier Milei, Jos\u00e9 Antonio Kast y Santiago Abascal, adem\u00e1s de dirigentes y representantes de la extrema derecha de distintos pa\u00edses.<\/span><\/p>\n<p><span style=\"font-weight: 400;\">Esta lucha contra la izquierda comienza a adquirir una dimensi\u00f3n mucho m\u00e1s peligrosa cuando deja de ser solamente un discurso partidario y se transforma en pol\u00edtica de Estado. En esa misma l\u00ednea, la administraci\u00f3n de Donald Trump convoc\u00f3 este a\u00f1o en Washington a representantes de distintos gobiernos para lanzar una ofensiva internacional contra lo que denomina \u201cterrorismo de la izquierda radical\u201d. Marco Rubio fue expl\u00edcito al definir a qui\u00e9nes se refer\u00eda: \u201cPueden llamarse anticapitalistas, antiimperialistas, comunistas, anarquistas o marxistas\u201d.<\/span><\/p>\n<p><span style=\"font-weight: 400;\">No podemos separar esta ofensiva internacional de lo que ocurre dentro de nuestro pa\u00eds. Kast impulsa una reforma de seguridad que fortalece las atribuciones del Ejecutivo y los aparatos represivos del Estado, ampl\u00eda los estados de excepci\u00f3n y entrega nuevas herramientas legales que pueden utilizarse para perseguir organizaciones sociales y pol\u00edticas y criminalizar la protesta. Mientras sus aliados internacionales convierten a la izquierda y a quienes luchan en una amenaza para la seguridad, en Chile se fortalecen las herramientas represivas del Estado.<\/span><\/p>\n<p><span style=\"font-weight: 400;\">La ofensiva tampoco se limita a la izquierda organizada. Foro Madrid llama expl\u00edcitamente a \u201ccombatir\u201d lo que denomina \u201cideolog\u00eda de g\u00e9nero\u201d, junto al \u201cecologismo radical\u201d y el \u201cindigenismo\u201d. Su llamada batalla cultural es una declaraci\u00f3n de guerra contra derechos conquistados durante d\u00e9cadas de lucha por distintos sectores oprimidos. El derecho al aborto, el reconocimiento de las diversidades sexuales y de g\u00e9nero y las pol\u00edticas contra la discriminaci\u00f3n son transformados en enemigos que deben ser derrotados. Detr\u00e1s de su defensa de los \u201cvalores tradicionales\u201d se encuentra un proyecto que pretende hacernos retroceder en derechos conquistados mediante a\u00f1os de organizaci\u00f3n y movilizaci\u00f3n.<\/span><\/p>\n<p><span style=\"font-weight: 400;\">Por eso no eligieron Chile por casualidad. En la convocatoria oficial del encuentro sostienen que \u201cChile no es solo una sede. Es una demostraci\u00f3n de que la reconquista es posible\u201d. Celebran el rechazo constitucional de 2022 y el triunfo de Kast como demostraciones de que es posible derrotar pol\u00edticamente a la izquierda y hacer retroceder el proceso abierto por las movilizaciones de los \u00faltimos a\u00f1os. Para Foro Madrid, Chile es hoy un ejemplo que pretenden extender al resto del continente.<\/span><\/p>\n<p><span style=\"font-weight: 400;\">Pero mientras celebran sus triunfos electorales, sus gobiernos protagonizan desastrosos resultados econ\u00f3micos para millones de familias trabajadoras en Chile, Bolivia, Argentina, Colombia, Per\u00fa y otros. Lo com\u00fan en estos pa\u00edses hoy es crecimiento de la pobreza y el desempleo, mientras recortan derechos sociales y bajan impuestos a los empresarios. La f\u00f3rmula siempre es la misma.<\/span><\/p>\n<p><span style=\"font-weight: 400;\">[&#8230;]<\/span><\/p>\n<p>&nbsp;<\/p>\n<p><b>\u00bfDe qu\u00e9 soberan\u00eda hablan entonces?<\/b><\/p>\n<p><span style=\"font-weight: 400;\">Su nacionalismo termina donde comienzan los intereses del imperialismo yanqui. Hablan de soberan\u00eda mientras aceptan que Estados Unidos defina cu\u00e1les deben ser nuestros aliados, nuestros enemigos y hasta nuestras relaciones econ\u00f3micas. Hablan de libertad mientras respaldan la ofensiva de Trump sobre Am\u00e9rica Latina y su pol\u00edtica de amenazas, sanciones y presiones econ\u00f3micas contra quienes no se subordinan a los intereses de Washington.<\/span><\/p>\n<p><span style=\"font-weight: 400;\">La misma contradicci\u00f3n aparece frente al genocidio que el Estado de Israel lleva adelante contra el pueblo palestino y frente a las agresiones contra Ir\u00e1n. Quienes proclaman permanentemente el derecho de las naciones a defender sus fronteras y su soberan\u00eda abandonan r\u00e1pidamente esos principios cuando quien bombardea, interviene o amenaza es Estados Unidos o uno de sus principales aliados.<\/span><\/p>\n<p><span style=\"font-weight: 400;\">Su \u201clibertad econ\u00f3mica\u201d tampoco significa libertad para los trabajadores y los pueblos. Significa libertad para los grandes capitales, mientras para los trabajadores significa ajuste, precarizaci\u00f3n y p\u00e9rdida de derechos. Y para imponer ese programa necesitan restringir derechos democr\u00e1ticos, fortalecer los aparatos represivos y construir enemigos internos sobre quienes descargar el descontento provocado por sus propias pol\u00edticas.<\/span><\/p>\n<p><span style=\"font-weight: 400;\">Este 3 de septiembre se dar\u00e1 cita en Santiago una internacional que se organiza abiertamente para combatir a la izquierda, atacar derechos conquistados y fortalecer una nueva ofensiva imperialista sobre Am\u00e9rica Latina. Ellos se organizan internacionalmente. Nuestra respuesta tampoco puede limitarse a observarlos.<\/span><\/p>\n<p><span style=\"font-weight: 400;\">Es urgente construir una convocatoria unitaria para salir a las calles. La CUT, la CONFECH, sindicatos, organizaciones estudiantiles, feministas, de las disidencias sexogen\u00e9ricas, medioambientales, de derechos humanos, territoriales, sociales y pol\u00edticas tenemos que levantar una respuesta com\u00fan frente a esta ofensiva.<\/span><\/p>\n<p><span style=\"font-weight: 400;\">Nuestra historia ya conoce los discursos sobre \u201clibertad\u201d utilizados para justificar el dominio imperialista, el saqueo econ\u00f3mico y la represi\u00f3n contra quienes luchan. Tambi\u00e9n conocemos la fuerza que tenemos trabajadores, estudiantes y sectores populares cuando nos organizamos y movilizamos.<\/span><\/p>\n<p><span style=\"font-weight: 400;\">Frente a la ultraderecha y el imperialismo, nuestra respuesta est\u00e1 en las calles.<\/span><\/p>\n","protected":false},"excerpt":{"rendered":"<p>Por Prensa UIT-CI 3\/08\/2026. Desde el 3 de septiembre el pinochetista Kast recibir\u00e1 a otros miembros de la ultraderecha en la ciudad de Santiago, en donde se reunir\u00e1n para seguir aplicando planes de ajuste y represi\u00f3n contra la clase trabajadora y los pueblos que lucha. Reproducimos la declaraci\u00f3n del Movimiento Socialista de las, los y [&hellip;]<\/p>\n","protected":false},"author":2,"featured_media":27552,"comment_status":"closed","ping_status":"closed","sticky":false,"template":"","format":"standard","meta":[],"categories":[26,308],"tags":[140,270,139,1024,3026,271,832,660,637,341,545,1328,1089],"_links":{"self":[{"href":"https:\/\/uit-ci.org\/index.php\/wp-json\/wp\/v2\/posts\/27551"}],"collection":[{"href":"https:\/\/uit-ci.org\/index.php\/wp-json\/wp\/v2\/posts"}],"about":[{"href":"https:\/\/uit-ci.org\/index.php\/wp-json\/wp\/v2\/types\/post"}],"author":[{"embeddable":true,"href":"https:\/\/uit-ci.org\/index.php\/wp-json\/wp\/v2\/users\/2"}],"replies":[{"embeddable":true,"href":"https:\/\/uit-ci.org\/index.php\/wp-json\/wp\/v2\/comments?post=27551"}],"version-history":[{"count":1,"href":"https:\/\/uit-ci.org\/index.php\/wp-json\/wp\/v2\/posts\/27551\/revisions"}],"predecessor-version":[{"id":27560,"href":"https:\/\/uit-ci.org\/index.php\/wp-json\/wp\/v2\/posts\/27551\/revisions\/27560"}],"wp:featuredmedia":[{"embeddable":true,"href":"https:\/\/uit-ci.org\/index.php\/wp-json\/wp\/v2\/media\/27552"}],"wp:attachment":[{"href":"https:\/\/uit-ci.org\/index.php\/wp-json\/wp\/v2\/media?parent=27551"}],"wp:term":[{"taxonomy":"category","embeddable":true,"href":"https:\/\/uit-ci.org\/index.php\/wp-json\/wp\/v2\/categories?post=27551"},{"taxonomy":"post_tag","embeddable":true,"href":"https:\/\/uit-ci.org\/index.php\/wp-json\/wp\/v2\/tags?post=27551"}],"curies":[{"name":"wp","href":"https:\/\/api.w.org\/{rel}","templated":true}]}}