{"id":279,"date":"2012-07-05T03:14:18","date_gmt":"2012-07-05T03:14:18","guid":{"rendered":"http:\/\/uit-ci.org\/index.php\/2012\/07\/05\/opiniones-sobre-el-congreso-desde-brasil\/"},"modified":"2012-07-05T03:14:18","modified_gmt":"2012-07-05T03:14:18","slug":"opiniones-sobre-el-congreso-desde-brasil","status":"publish","type":"post","link":"https:\/\/uit-ci.org\/index.php\/2012\/07\/05\/opiniones-sobre-el-congreso-desde-brasil\/","title":{"rendered":"Opiniones sobre el Congreso desde Brasil"},"content":{"rendered":"<p><em><strong><img loading=\"lazy\" class=\" alignleft size-full wp-image-278\" src=\"http:\/\/uit-ci.org\/wp-content\/uploads\/2012\/07\/Cabral-CST.jpg\" alt=\"Wellington Cabral - Secretario General Sindicato Qu\u00edmicos San Jos\u00e9 dos Campos y Regi\u00f3n San Pablo, Brasil saluda al IV Congreso mundial de la UIT-CI\" style=\"margin-right: 5px; float: left;\" width=\"240\" height=\"306\" srcset=\"https:\/\/uit-ci.org\/wp-content\/uploads\/2012\/07\/Cabral-CST.jpg 600w, https:\/\/uit-ci.org\/wp-content\/uploads\/2012\/07\/Cabral-CST-235x300.jpg 235w\" sizes=\"(max-width: 240px) 100vw, 240px\" \/>Por Wellington Cabral &#8211; Secretario General Sindicato Qu\u00edmicos San Jos\u00e9 dos Campos y Regi\u00f3n San Pablo<\/strong><\/em><\/p>\n<p>Como todos saben, venimos de ganar las elecciones en la multinacional Johnson &amp; Johnson por el 74% de los votos, contra una lista impulsada por la patronal y, lamenablemente, por Conlutas-PSTU.<\/p>\n<p>  <!--more-->  <\/p>\n<p>Fruto que estos sectores fueron a la justicia patronal -oponi\u00e9ndose a la reincorporaci\u00f3n de cinco compa\u00f1eros injustamente despedidos, entre los que me incluyo-, nos volvieron a despedir, cosa que hemos recurrido judicialmente. No obstante, hemos asumido en el sindicato y la patronal nos tuvo que reconocer. Por ejemplo, ya hemos firmado algunos convenios con las propia Johnson y otras empresas.<\/p>\n","protected":false},"excerpt":{"rendered":"<p>Por Wellington Cabral &#8211; Secretario General Sindicato Qu\u00edmicos San Jos\u00e9 dos Campos y Regi\u00f3n San Pablo Como todos saben, venimos de ganar las elecciones en la multinacional Johnson &amp; Johnson por el 74% de los votos, contra una lista impulsada por la patronal y, lamenablemente, por Conlutas-PSTU.<\/p>\n","protected":false},"author":1,"featured_media":278,"comment_status":"open","ping_status":"open","sticky":false,"template":"","format":"standard","meta":[],"categories":[37],"tags":[],"_links":{"self":[{"href":"https:\/\/uit-ci.org\/index.php\/wp-json\/wp\/v2\/posts\/279"}],"collection":[{"href":"https:\/\/uit-ci.org\/index.php\/wp-json\/wp\/v2\/posts"}],"about":[{"href":"https:\/\/uit-ci.org\/index.php\/wp-json\/wp\/v2\/types\/post"}],"author":[{"embeddable":true,"href":"https:\/\/uit-ci.org\/index.php\/wp-json\/wp\/v2\/users\/1"}],"replies":[{"embeddable":true,"href":"https:\/\/uit-ci.org\/index.php\/wp-json\/wp\/v2\/comments?post=279"}],"version-history":[{"count":0,"href":"https:\/\/uit-ci.org\/index.php\/wp-json\/wp\/v2\/posts\/279\/revisions"}],"wp:featuredmedia":[{"embeddable":true,"href":"https:\/\/uit-ci.org\/index.php\/wp-json\/wp\/v2\/media\/278"}],"wp:attachment":[{"href":"https:\/\/uit-ci.org\/index.php\/wp-json\/wp\/v2\/media?parent=279"}],"wp:term":[{"taxonomy":"category","embeddable":true,"href":"https:\/\/uit-ci.org\/index.php\/wp-json\/wp\/v2\/categories?post=279"},{"taxonomy":"post_tag","embeddable":true,"href":"https:\/\/uit-ci.org\/index.php\/wp-json\/wp\/v2\/tags?post=279"}],"curies":[{"name":"wp","href":"https:\/\/api.w.org\/{rel}","templated":true}]}}