{"id":2815,"date":"2018-09-03T13:22:17","date_gmt":"2018-09-03T13:22:17","guid":{"rendered":"http:\/\/uit-ci.org\/index.php\/2018\/09\/03\/argentinaesto-no-va-mas-abajo-el-ajuste-de-macri-y-el-fmi-paro-general-de-36-hs-ya\/"},"modified":"2018-09-03T13:22:17","modified_gmt":"2018-09-03T13:22:17","slug":"argentinaesto-no-va-mas-abajo-el-ajuste-de-macri-y-el-fmi-paro-general-de-36-hs-ya","status":"publish","type":"post","link":"https:\/\/uit-ci.org\/index.php\/2018\/09\/03\/argentinaesto-no-va-mas-abajo-el-ajuste-de-macri-y-el-fmi-paro-general-de-36-hs-ya\/","title":{"rendered":"Argentina:Esto no va m\u00e1s \u00a1Abajo el ajuste de Macri y el FMI! \u00a1Paro General de 36 hs ya!"},"content":{"rendered":"<p><strong><img loading=\"lazy\" class=\" alignleft size-full wp-image-2814\" src=\"http:\/\/uit-ci.org\/wp-content\/uploads\/2018\/09\/Aumento_del_dolar.jpeg\" width=\"240\" height=\"135\" alt=\"Aumento del dolar\" style=\"margin-right: 5px; float: left;\" srcset=\"https:\/\/uit-ci.org\/wp-content\/uploads\/2018\/09\/Aumento_del_dolar.jpeg 640w, https:\/\/uit-ci.org\/wp-content\/uploads\/2018\/09\/Aumento_del_dolar-300x169.jpeg 300w, https:\/\/uit-ci.org\/wp-content\/uploads\/2018\/09\/Aumento_del_dolar-600x338.jpeg 600w\" sizes=\"(max-width: 240px) 100vw, 240px\" \/>Por:Izquierda Socialista en el Frente de Izquierda<\/strong><\/p>\n<p>La brutal suba del d\u00f3lar es otro saqueo al pueblo trabajador. El peso se devalu\u00f3 un 100% desde enero y la inflaci\u00f3n va a superar el 40%&#8230; \u00a1Pero los salarios siguen en el techo del 15%! \u00a1Ni qu\u00e9 hablar de las jubilaciones y los planes sociales! Los alimentos aumentan al ritmo del d\u00f3lar y quieren subir otra vez la luz, el gas, los medicamentos y las naftas. Este es el plan de Macri, el FMI, los gobernadores, los usureros y grandes empresarios. Est\u00e1n llevando a millones a la pobreza y a la desesperaci\u00f3n. Y reprimen a los que luchan, como a los trabajadores del astillero o a los estatales de Agroindustria.<\/p>\n<p>  <!--more-->  <\/p>\n<p>La plata del Fondo Monetario es para la timba financiera y pagar m\u00e1s deuda externa. Ya quemaron 20.000 millones de d\u00f3lares de las reservas del Banco Central. Y el gobierno sigue diciendo que \u00abvamos por buen camino\u00bb y que \u00abno hay ning\u00fan fracaso econ\u00f3mico\u00bb. \u00a1Caradura! Ya son millones los que no le creen y repudian su ajuste y mentiras.<\/p>\n<p><strong>Aumento inmediato de salarios y jubilaciones. Que se deje de pagar la deuda externa.<\/strong><\/p>\n<p>Macri dice que anunciar\u00e1 \u00abnuevas medidas\u00bb. Pero con este gobierno siguen perdiendo los trabajadores y el pueblo. Tampoco se resuelve nada con el cambio de alg\u00fan ministro. El gran enemigo del pueblo trabajador es el ajuste de Macri y el FMI que tambi\u00e9n aplican los gobernadores peronistas. \u00a1Alicia Kirchner ofreci\u00f3 el 2% a los docentes!<br \/>Grandes sectores populares empiezan a decir que esto no va m\u00e1s, que hay que pararle la mano al gobierno y a su ajuste. El peronismo critica, pero negocia con Macri el Presupuesto de ajuste de 2019 y s\u00f3lo piensa en las elecciones. Desde el Frente de Izquierda planteamos lo opuesto \u00a1Hay que derrotar el ajuste ahora y tomar medidas de emergencia! Por un inmediato aumento salarial y jubilatorio que cubra la inflaci\u00f3n de todo el a\u00f1o indexado mensualmente de acuerdo a la inflaci\u00f3n real como lo lograron los docentes neuquinos con su heroica huelga. Y que se deje de pagar ya la deuda externa.<\/p>\n<p><strong>\u00a1Paro ya de 36 horas y plan de lucha nacional!<\/strong><\/p>\n<p>La CGT, acorralada por las luchas y la bronca popular, llam\u00f3 a un nuevo paro para el 25 de septiembre. Y las CTA Yasky y Micheli a un paro de 36 horas con una movilizaci\u00f3n el 24 de septiembre a Plaza de Mayo. Es un triunfo de la movilizaci\u00f3n haber obligado a estos dirigentes a convocar a un nuevo paro. Es lo que vino planteando el sindicalismo combativo y la izquierda. Pero el paro debe ser ahora, no dentro de un mes. Hay que unir ahora todas las luchas para derrotar el ajuste. Y exigir que este nuevo paro sea el inicio de un plan de lucha nacional, no otro paro aislado.<br \/>Hay una rebeli\u00f3n educativa, con docentes de todos los niveles y estudiantes universitarios, terciarios y de escuelas t\u00e9cnicas defendiendo la educaci\u00f3n p\u00fablica y el derecho a estudiar de los trabajadores y sus hijos. Luchan los trabajadores del Astillero R\u00edo Santiago, despedidos de T\u00e9lam, Luz y Fuerza de C\u00f3rdoba, camioneros, estatales de Agroindustria, de la salud, yerbateros y tantos otros. Millones de mujeres salieron a las calles por el aborto legal. Y fue ejemplar la rebeli\u00f3n popular de diciembre contra el robo jubilatorio. Apoyemos todas las luchas. Impulsemos asambleas y plenarios de delegados para impulsar desde ahora el paro de 36 horas, la movilizaci\u00f3n a Plaza de Mayo y su continuidad. \u00a1Ahora hay que derrotar el ajuste de Macri, el FMI y los gobernadores!<\/p>\n<p><strong>\u00a1Abajo el ajuste de Macri, el FMI y los gobernadores!<\/strong><br \/><strong>\u00a1Plan de emergencia ya! Aumento de salarios y jubilaciones indexados mensualmente de acuerdo al real costo de vida. Basta de despidos y tarifazos.<\/strong><br \/><strong>\u00a1No al pago de la deuda externa! Plata para trabajo, salud, educaci\u00f3n, no para el FMI y los usureros.<\/strong><br \/><strong>\u00a1Paro de 36 horas ya de la CGT y CTA con movilizaci\u00f3n a Plaza de Mayo!<\/strong><\/p>\n<hr \/>\n<p><strong>Luchemos por un plan econ\u00f3mico de emergencia<\/strong><\/p>\n<p>Estamos en una verdadera emergencia nacional. Desde Izquierda Socialista y el Frente de Izquierda llamamos a imponer urgentes medidas en defensa de las mayor\u00edas populares. Por un inmediato aumento salarial y jubilatorio para cubrir la devaluaci\u00f3n del 100%. Reapertura de las paritarias con una indexaci\u00f3n mensual del salario de acuerdo al valor real de la inflaci\u00f3n. Control de precios y castigo a los remarcadores. Prohibici\u00f3n de despidos y suspensiones. Que se anulen los tarifazos. Que no se vaya ni un d\u00f3lar m\u00e1s del pa\u00eds. \u00a1No al pago de la deuda externa! Que esa plata vaya a salario, salud, a las escuelas y a un plan de obras p\u00fablicas que reactive la econom\u00eda. Paremos la fuga de capitales. Que se nacionalice la banca y el comercio exterior. Que se reestaticen y nacionalicen las empresas privatizadas para que el Estado vuelva a tener el control del petr\u00f3leo, el gas, la luz y el agua. Estas medidas de emergencia son las que hay que imponer con lucha y movilizaci\u00f3n.<\/p>\n","protected":false},"excerpt":{"rendered":"<p>Por:Izquierda Socialista en el Frente de Izquierda La brutal suba del d\u00f3lar es otro saqueo al pueblo trabajador. El peso se devalu\u00f3 un 100% desde enero y la inflaci\u00f3n va a superar el 40%&#8230; \u00a1Pero los salarios siguen en el techo del 15%! \u00a1Ni qu\u00e9 hablar de las jubilaciones y los planes sociales! Los alimentos [&hellip;]<\/p>\n","protected":false},"author":1,"featured_media":2814,"comment_status":"open","ping_status":"open","sticky":false,"template":"","format":"standard","meta":[],"categories":[70],"tags":[],"_links":{"self":[{"href":"https:\/\/uit-ci.org\/index.php\/wp-json\/wp\/v2\/posts\/2815"}],"collection":[{"href":"https:\/\/uit-ci.org\/index.php\/wp-json\/wp\/v2\/posts"}],"about":[{"href":"https:\/\/uit-ci.org\/index.php\/wp-json\/wp\/v2\/types\/post"}],"author":[{"embeddable":true,"href":"https:\/\/uit-ci.org\/index.php\/wp-json\/wp\/v2\/users\/1"}],"replies":[{"embeddable":true,"href":"https:\/\/uit-ci.org\/index.php\/wp-json\/wp\/v2\/comments?post=2815"}],"version-history":[{"count":0,"href":"https:\/\/uit-ci.org\/index.php\/wp-json\/wp\/v2\/posts\/2815\/revisions"}],"wp:featuredmedia":[{"embeddable":true,"href":"https:\/\/uit-ci.org\/index.php\/wp-json\/wp\/v2\/media\/2814"}],"wp:attachment":[{"href":"https:\/\/uit-ci.org\/index.php\/wp-json\/wp\/v2\/media?parent=2815"}],"wp:term":[{"taxonomy":"category","embeddable":true,"href":"https:\/\/uit-ci.org\/index.php\/wp-json\/wp\/v2\/categories?post=2815"},{"taxonomy":"post_tag","embeddable":true,"href":"https:\/\/uit-ci.org\/index.php\/wp-json\/wp\/v2\/tags?post=2815"}],"curies":[{"name":"wp","href":"https:\/\/api.w.org\/{rel}","templated":true}]}}