{"id":2885,"date":"2018-10-25T18:20:30","date_gmt":"2018-10-25T18:20:30","guid":{"rendered":"http:\/\/uit-ci.org\/index.php\/2018\/10\/25\/mexique-pena-nieto-joue-le-role-de-gendarme-de-trump-en-arretant-la-caravane-des-migrants-damerique-centrale\/"},"modified":"2018-10-25T18:20:30","modified_gmt":"2018-10-25T18:20:30","slug":"mexique-pena-nieto-joue-le-role-de-gendarme-de-trump-en-arretant-la-caravane-des-migrants-damerique-centrale","status":"publish","type":"post","link":"https:\/\/uit-ci.org\/index.php\/2018\/10\/25\/mexique-pena-nieto-joue-le-role-de-gendarme-de-trump-en-arretant-la-caravane-des-migrants-damerique-centrale\/","title":{"rendered":"Mexique : Pe\u00f1a Nieto joue le r\u00f4le de gendarme de Trump, en arr\u00eatant la Caravane des migrants d&#8217;Am\u00e9rique centrale"},"content":{"rendered":"<p><strong><img loading=\"lazy\" class=\" alignleft size-full wp-image-2884\" src=\"http:\/\/uit-ci.org\/wp-content\/uploads\/2018\/10\/Caravana_migrante.jpg\" width=\"240\" height=\"135\" alt=\"Caravana migrante\" style=\"margin-right: 5px; float: left;\" srcset=\"https:\/\/uit-ci.org\/wp-content\/uploads\/2018\/10\/Caravana_migrante.jpg 930w, https:\/\/uit-ci.org\/wp-content\/uploads\/2018\/10\/Caravana_migrante-300x169.jpg 300w, https:\/\/uit-ci.org\/wp-content\/uploads\/2018\/10\/Caravana_migrante-768x434.jpg 768w, https:\/\/uit-ci.org\/wp-content\/uploads\/2018\/10\/Caravana_migrante-600x339.jpg 600w, https:\/\/uit-ci.org\/wp-content\/uploads\/2018\/10\/Caravana_migrante-750x423.jpg 750w\" sizes=\"(max-width: 240px) 100vw, 240px\" \/>Far: Movimiento al Socialismo, Section mexicaine de l&#8217;Unit\u00e9 Internationale des Travailleurs (UIT-QI)<\/strong><\/p>\n<p>La classe ouvri\u00e8re doit faire preuve de solidarit\u00e9 avec les fr\u00e8res et s\u0153urs de classe centram\u00e9ricaine.<\/p>\n<p>Le Mexique accepte notre leadership, merci Mexique ! C&#8217;\u00e9tait le message de Donald Trump, avant des mesures adopt\u00e9es par le gouvernement de Pe\u00f1a Nieto envers la Caravane de plus de sept mille fr\u00e8res et s\u0153urs centram\u00e9ricains qui fuient la mis\u00e8re et la violence dans leur pays comme cela se passe dans de nombreux pays, dont le n\u00f4tre. Ils ont le but d&#8217;atteindre les \u00c9tats-Unis.<\/p>\n<p>  <!--more-->  <\/p>\n<p>La majorit\u00e9 des migrants sont d&#8217;origine hondurienne, qui fuient leur pays en raison de la terrible situation qu&#8217;ils ont v\u00e9cue pendant neuf ans lorsqu&#8217;un coup d&#8217;\u00c9tat a eu lieu ; le gouvernement actuel, dirig\u00e9 par Juan Orlando Hern\u00e1ndez, \u00e9lu en 2014, a \u00e9t\u00e9 extr\u00eamement r\u00e9pressif et est accus\u00e9 d&#8217;\u00eatre arriv\u00e9 \u00e0 la pr\u00e9sidence avec fraude. Il a toutefois \u00e9t\u00e9 reconnu par les \u00c9tats-Unis. L&#8217;ing\u00e9rence de l&#8217;imp\u00e9rialisme am\u00e9ricain dans la r\u00e9gion a provoqu\u00e9 la mis\u00e8re et la violence des centaines de milliers de Centram\u00e9ricains qui fuient chaque ann\u00e9e vers le nord, malgr\u00e9 les grands risques qu&#8217;ils courent.<\/p>\n<p>Face aux menaces et aux pressions de l&#8217;ultra droitiste Donald Trump, qui a qualifi\u00e9 les migrants de \u00bb criminels tr\u00e8s endurcis\u00bb, Pe\u00f1a Nieto a envoy\u00e9 un grand groupe de la Police f\u00e9d\u00e9rale, son agence pr\u00e9f\u00e9r\u00e9e pour la r\u00e9pression. En m\u00eame temps, cherchant \u00e0 les diviser, il leur a tendu le pi\u00e8ge de leur offrir l&#8217;acc\u00e8s au Mexique en tant que r\u00e9fugi\u00e9s \u00e0 ceux qui acceptent de signer la demande, ce qui annule automatiquement la possibilit\u00e9 de continuer leur migration vers les \u00c9tats-Unis. Plus d&#8217;un millier sont tomb\u00e9s dans le pi\u00e8ge, tandis que la plupart ont d\u00e9cid\u00e9 de ne pas signer et d&#8217;entrer dans notre pays \u00abill\u00e9galement\u00bb, traversant la rivi\u00e8re Suchiate.<\/p>\n<p>Trump n&#8217;a donc pas eu tort de dire que le gouvernement mexicain accepte son leadership : Pe\u00f1a Nieto a une fois de plus c\u00e9d\u00e9 \u00e0 ses exigences et cherche \u00e0 arr\u00eater la Caravane, tandis que le gouvernement hondurien a ordonn\u00e9 la fermeture de la fronti\u00e8re. C&#8217;est pourquoi nous rejetons publiquement la politique anti-immigr\u00e9 de Pe\u00f1a Nieto, qui s&#8217;est mis a genoux une fois de plus devant les desseins du gouvernement raciste des \u00c9tats-Unis, jouant le r\u00f4le honteux de gendarme de l&#8217;imp\u00e9rialisme nord-am\u00e9ricain.<\/p>\n<p>Nous d\u00e9non\u00e7ons \u00e9galement la position d&#8217;Andr\u00e9s Manuel L\u00f3pez Obrador, qui tente de s&#8217;ennoblir avec Trump, en contenant la migration vers les \u00c9tats-Unis avec la promesse de cr\u00e9er des emplois pour les Centram\u00e9ricains ainsi que pour les Mexicains ; cependant, il ne sera en aucun cas possible de garantir un travail suffisant et, surtout, un travail bien pay\u00e9 aux Mexicains ou migrants centram\u00e9ricains, sans casser avec ce mod\u00e8le n\u00e9olib\u00e9ral. C&#8217;est l&#8217;essence m\u00eame de la \u00abcompr\u00e9hension\u00bb entre Trump et le prochain pr\u00e9sident. C&#8217;est pourquoi le pr\u00e9sident nord-am\u00e9ricain a parl\u00e9 des \u00abdirigeants du Mexique\u00bb.<\/p>\n<p>Outre cette politique r\u00e9pressive et de criminalisation, les migrants sont vuln\u00e9rables aux groupes criminels et \u00e0 l&#8217;ins\u00e9curit\u00e9 qui pr\u00e9vaut dans le pays. Quelques jours apr\u00e8s l&#8217;entr\u00e9e de la caravane, des viols de femmes honduriennes ont \u00e9t\u00e9 r\u00e9v\u00e9l\u00e9s. Le gouvernement mexicain est responsable de cette situation et doit assumer son obligation de garantir leurs droits.<\/p>\n<p>C&#8217;est pourquoi il est n\u00e9cessaire d&#8217;exprimer notre solidarit\u00e9 avec les migrants, de r\u00e9pudier toute expression x\u00e9nophobe et raciste, de leur offrir notre aide en rassemblant de la nourriture et des v\u00eatements, comme nous l&#8217;avons fait lors du s\u00e9isme de l&#8217;ann\u00e9e derni\u00e8re, de les accompagner et de les soutenir politiquement, contre le gouvernement Trump et ses menaces, d\u00e9non\u00e7ant la r\u00e9pression du gouvernement Pe\u00f1a Nieto. Le peuple mexicain doit exiger que ses droits soient pleinement garantis, c&#8217;est-\u00e0-dire la libert\u00e9 de transit et sa s\u00e9curit\u00e9, et qu&#8217;une politique migratoire soit encourag\u00e9e pour r\u00e9gulariser sa situation dans le pays. Et une fois de plus dans l&#8217;histoire, nous devons exiger notre ind\u00e9pendance totale vis-\u00e0-vis des mod\u00e8les am\u00e9ricains.<\/p>\n<p><strong>Le peuple doit dire avec force, Bienvenue au Mexique !<\/strong><\/p>\n<p><strong>\u00c0 bas les fronti\u00e8res capitalistes !<\/strong><br \/><strong>R\u00e9pudions les menaces de Trump.<\/strong><br \/><strong>Soutien total aux migrants<\/strong><\/p>\n","protected":false},"excerpt":{"rendered":"<p>Far: Movimiento al Socialismo, Section mexicaine de l&#8217;Unit\u00e9 Internationale des Travailleurs (UIT-QI) La classe ouvri\u00e8re doit faire preuve de solidarit\u00e9 avec les fr\u00e8res et s\u0153urs de classe centram\u00e9ricaine. Le Mexique accepte notre leadership, merci Mexique ! C&#8217;\u00e9tait le message de Donald Trump, avant des mesures adopt\u00e9es par le gouvernement de Pe\u00f1a Nieto envers la Caravane [&hellip;]<\/p>\n","protected":false},"author":1,"featured_media":2884,"comment_status":"open","ping_status":"open","sticky":false,"template":"","format":"standard","meta":[],"categories":[53],"tags":[],"_links":{"self":[{"href":"https:\/\/uit-ci.org\/index.php\/wp-json\/wp\/v2\/posts\/2885"}],"collection":[{"href":"https:\/\/uit-ci.org\/index.php\/wp-json\/wp\/v2\/posts"}],"about":[{"href":"https:\/\/uit-ci.org\/index.php\/wp-json\/wp\/v2\/types\/post"}],"author":[{"embeddable":true,"href":"https:\/\/uit-ci.org\/index.php\/wp-json\/wp\/v2\/users\/1"}],"replies":[{"embeddable":true,"href":"https:\/\/uit-ci.org\/index.php\/wp-json\/wp\/v2\/comments?post=2885"}],"version-history":[{"count":0,"href":"https:\/\/uit-ci.org\/index.php\/wp-json\/wp\/v2\/posts\/2885\/revisions"}],"wp:featuredmedia":[{"embeddable":true,"href":"https:\/\/uit-ci.org\/index.php\/wp-json\/wp\/v2\/media\/2884"}],"wp:attachment":[{"href":"https:\/\/uit-ci.org\/index.php\/wp-json\/wp\/v2\/media?parent=2885"}],"wp:term":[{"taxonomy":"category","embeddable":true,"href":"https:\/\/uit-ci.org\/index.php\/wp-json\/wp\/v2\/categories?post=2885"},{"taxonomy":"post_tag","embeddable":true,"href":"https:\/\/uit-ci.org\/index.php\/wp-json\/wp\/v2\/tags?post=2885"}],"curies":[{"name":"wp","href":"https:\/\/api.w.org\/{rel}","templated":true}]}}