{"id":2966,"date":"2019-02-04T18:03:43","date_gmt":"2019-02-04T18:03:43","guid":{"rendered":"http:\/\/uit-ci.org\/index.php\/2019\/02\/04\/francia-5-de-febrero-con-los-qchalecos-amarillosq-y-los-sindicatos-a-la-huelga-general\/"},"modified":"2019-02-04T18:03:43","modified_gmt":"2019-02-04T18:03:43","slug":"francia-5-de-febrero-con-los-qchalecos-amarillosq-y-los-sindicatos-a-la-huelga-general","status":"publish","type":"post","link":"https:\/\/uit-ci.org\/index.php\/2019\/02\/04\/francia-5-de-febrero-con-los-qchalecos-amarillosq-y-los-sindicatos-a-la-huelga-general\/","title":{"rendered":"Francia 5 de febrero: Con los \u00abChalecos amarillos\u00bb y los sindicatos a la huelga general"},"content":{"rendered":"<p><strong><img loading=\"lazy\" class=\" alignleft size-full wp-image-2965\" src=\"http:\/\/uit-ci.org\/wp-content\/uploads\/2019\/02\/Chalecos_amarillos.jpg\" width=\"240\" height=\"160\" alt=\"Chalecos amarillos\" style=\"margin-right: 5px; float: left;\" \/>Por: UIT-CI<\/strong><\/p>\n<p>Bajo la presi\u00f3n de la lucha de clases y las interpelaciones de sectores sindicales de base que participaban en la movilizaci\u00f3n de los chalecos amarillos, la burocracia sindical de la CGT, tras m\u00e1s de seis semanas de movilizaci\u00f3n, se vio obligada a llamar a una huelga intersectorial nacional el 5 de febrero. Inmediatamente los chalecos amarillos y sus principales dirigentes, en particular Eric Drouet y Fran\u00e7ois Boulo, llamaron a unirse al paro y a la huelga general indefinida, ya que desde su inicio la principal exigencia de este hist\u00f3rico movimiento de masas es Macron dimisi\u00f3n!\u00bb Tambi\u00e9n FO, FSU Solidaire apoyan la huelga y manifestaciones en todo el pa\u00eds.<\/p>\n<p>  <!--more-->  <\/p>\n<p>Los chalecos amarillos, reflejan una rebeli\u00f3n popular contra la pol\u00edtica de Macron y de los ajustes contra las clases populares, es un movimiento heterog\u00e9neo e interclasista. Ante el \u00edmpetu que tomaba el movimiento, el Gobierno tuvo que retroceder en el impuesto sobre el combustible, pero el movimiento era m\u00e1s profundo y cuestionaba su pol\u00edtica econ\u00f3mica, al servicio de las grandes finanzas y que empobrece al trabajador y la peque\u00f1a burgues\u00eda de la ciudad y del campo.<\/p>\n<p>El gobierno ha tratado de aislar y criminalizar el levantamiento popular, pero sin conseguirlo. La represi\u00f3n policial ha sido brutal, ha causado 10 muertos, m\u00e1s de 2000 heridos, un centenar muy graves, miles de personas detenidas. Macron quiere imponer un recorte de libertades democr\u00e1ticas y ataca por ley el derecho de manifestaci\u00f3n. En la XII jornada\/semana de lucha, el pasado 2 de febrero, decenas de miles volvieron a salir a las calles para denunciar la represi\u00f3n del gobierno y en homenaje a los heridos.<\/p>\n<p>Visto su impotencia para contener la situaci\u00f3n, el gobierno llam\u00f3 a un \u00abGran debate ciudadano\u00bb como medio para desactivar el potencial reivindicativo en la calle, pero el rechazo a participar ha sido categ\u00f3rico, y es el gobierno el que aparece cada vez m\u00e1s aislado y cuestionado, la exigencia de Macron dimisi\u00f3n ha ganado un lugar central en las manifestaciones.<\/p>\n<p>Grupos fascistas se han infiltrado en las manifestaciones, en algunos casos como servicio de orden, tratando de instrumentalizar la rebeli\u00f3n popular y la indignaci\u00f3n. En una de las marchas atacaron gravemente la columna del partido de izquierda NPA y en otras se enfrentaron a quienes reclamaban una pol\u00edtica solidaria con los y las inmigrantes. En varias manifestaciones fueron expulsados.<\/p>\n<p>La confluencia con los sindicatos obreros, primero en algunas manifestaciones, ahora en la huelga general del 5 de febrero, supone un salto cualitativo en la lucha por derrotar el gobierno Macron e imponer las medidas de urgencia reclamadas. Este es el camino hacia un gobierno obrero y popular que rompa con el capitalismo y se ponga al servicio de los y las trabajadoras y la juventud.<\/p>\n<p>Desde la UIT-CI apoyamos la huelga general del 5 de febrero y llamamos a tomar iniciativas de solidaridad internacional ante embajadas y consulados en apoyo a la lucha obrera y popular en Francia.<\/p>\n<p><strong>Unidad Internacional de los Trabajadores-Cuarta Internacional (UIT-CI)<\/strong><\/p>\n<p><strong>4 de febrero de 2019<\/strong><\/p>\n","protected":false},"excerpt":{"rendered":"<p>Por: UIT-CI Bajo la presi\u00f3n de la lucha de clases y las interpelaciones de sectores sindicales de base que participaban en la movilizaci\u00f3n de los chalecos amarillos, la burocracia sindical de la CGT, tras m\u00e1s de seis semanas de movilizaci\u00f3n, se vio obligada a llamar a una huelga intersectorial nacional el 5 de febrero. Inmediatamente [&hellip;]<\/p>\n","protected":false},"author":1,"featured_media":2965,"comment_status":"open","ping_status":"open","sticky":false,"template":"","format":"standard","meta":[],"categories":[57],"tags":[],"_links":{"self":[{"href":"https:\/\/uit-ci.org\/index.php\/wp-json\/wp\/v2\/posts\/2966"}],"collection":[{"href":"https:\/\/uit-ci.org\/index.php\/wp-json\/wp\/v2\/posts"}],"about":[{"href":"https:\/\/uit-ci.org\/index.php\/wp-json\/wp\/v2\/types\/post"}],"author":[{"embeddable":true,"href":"https:\/\/uit-ci.org\/index.php\/wp-json\/wp\/v2\/users\/1"}],"replies":[{"embeddable":true,"href":"https:\/\/uit-ci.org\/index.php\/wp-json\/wp\/v2\/comments?post=2966"}],"version-history":[{"count":0,"href":"https:\/\/uit-ci.org\/index.php\/wp-json\/wp\/v2\/posts\/2966\/revisions"}],"wp:featuredmedia":[{"embeddable":true,"href":"https:\/\/uit-ci.org\/index.php\/wp-json\/wp\/v2\/media\/2965"}],"wp:attachment":[{"href":"https:\/\/uit-ci.org\/index.php\/wp-json\/wp\/v2\/media?parent=2966"}],"wp:term":[{"taxonomy":"category","embeddable":true,"href":"https:\/\/uit-ci.org\/index.php\/wp-json\/wp\/v2\/categories?post=2966"},{"taxonomy":"post_tag","embeddable":true,"href":"https:\/\/uit-ci.org\/index.php\/wp-json\/wp\/v2\/tags?post=2966"}],"curies":[{"name":"wp","href":"https:\/\/api.w.org\/{rel}","templated":true}]}}