{"id":2995,"date":"2019-03-07T14:14:47","date_gmt":"2019-03-07T14:14:47","guid":{"rendered":"http:\/\/uit-ci.org\/index.php\/2019\/03\/07\/una-crisis-sin-precedentes-en-la-iglesia-catolica-la-cumbre-mundial-de-encubridores\/"},"modified":"2019-03-07T14:14:47","modified_gmt":"2019-03-07T14:14:47","slug":"una-crisis-sin-precedentes-en-la-iglesia-catolica-la-cumbre-mundial-de-encubridores","status":"publish","type":"post","link":"https:\/\/uit-ci.org\/index.php\/2019\/03\/07\/una-crisis-sin-precedentes-en-la-iglesia-catolica-la-cumbre-mundial-de-encubridores\/","title":{"rendered":"Una crisis sin precedentes en la Iglesia Cat\u00f3lica: La cumbre mundial de encubridores"},"content":{"rendered":"<p><img loading=\"lazy\" class=\" alignleft size-full wp-image-2994\" src=\"http:\/\/uit-ci.org\/wp-content\/uploads\/2019\/03\/Iglesia-Catolica-La-cumbre-mundial-de-encubridores.jpg\" width=\"250\" height=\"131\" alt=\"Iglesia-Catolica-La-cumbre-mundial-de-encubridores\" style=\"float: left;\" srcset=\"https:\/\/uit-ci.org\/wp-content\/uploads\/2019\/03\/Iglesia-Catolica-La-cumbre-mundial-de-encubridores.jpg 600w, https:\/\/uit-ci.org\/wp-content\/uploads\/2019\/03\/Iglesia-Catolica-La-cumbre-mundial-de-encubridores-300x158.jpg 300w\" sizes=\"(max-width: 250px) 100vw, 250px\" \/>Escribe <strong>Mariana Morena<\/strong><\/p>\n<p><strong>La asamblea antipederastia convocada por el papa Francisco result\u00f3 una farsa. Culmin\u00f3 sin medidas concretas y eficaces contra los abusos sexuales a menores por parte de sacerdotes y religiosos. Organizaciones de v\u00edctimas de distintos pa\u00edses que reclaman el fin de la impunidad para los curas predadores y obispos encubridores denuncian una vez m\u00e1s la doble moral vaticana, ahora bajo el discurso \u201cprogre\u201d de Francisco. La Iglesia, pilar de la opresi\u00f3n patriarcal, no se puede reformar.<\/strong><\/p>\n<p>  <!--more-->  <\/p>\n<p>Entre el 22 y el 24 de febrero se desarroll\u00f3 en el Vaticano la llamada \u201cCumbre para la protecci\u00f3n de los menores en la Iglesia\u201d. El papa Francisco y unos doscientos l\u00edderes de la Iglesia Cat\u00f3lica de todo el mundo se reunieron en un intento por aplacar el esc\u00e1ndalo de los curas predadores de ni\u00f1os y adolescentes, que no deja de crecer al calor del movimiento de mujeres contra la violencia machista. Tras d\u00e9cadas de silencio, revictimizaci\u00f3n de las personas abusadas e impunidad, hab\u00eda ciertas expectativas en que Francisco le impusiera un giro a la pol\u00edtica de encubrimiento sistem\u00e1tico de los abusadores. Pero las mismas v\u00edctimas y activistas son lapidarios: la hist\u00f3rica cumbre fue decepcionante, otra bofetada a su leg\u00edtimo reclamo.<\/p>\n<p>&nbsp;<\/p>\n<p>En su discurso de cierre, el Papa sigui\u00f3 insistiendo en que se trata de \u201cun problema universal\u201d, lav\u00e1ndole responsabilidad a la Iglesia, como advirtiendo que quienes la acusan son \u201cdel diablo\u201d. Volvi\u00f3 a pedir perd\u00f3n y a declamar \u201cbuenas intenciones\u201d, pero sin tomar medidas de fondo, como la \u201ctolerancia cero\u201d al abuso sexual clerical. No dijo nada sobre el registro oficial de predadores y v\u00edctimas; la entrega de archivos eclesiales, en vez de destruirlos (como devel\u00f3 uno de los obispos); levantar el secreto de confesi\u00f3n; denunciarlos obligatoriamente a la justicia civil antes de que los cr\u00edmenes prescriban, y no en tribunales eclesi\u00e1sticos donde los curas son encubiertos por curas, para terminar siendo trasladados de parroquia como \u201ccastigo\u201d. Tampoco se refiri\u00f3 a indemnizaciones econ\u00f3micas para las v\u00edctimas ni a su negativa de que la protecci\u00f3n de los menores en las escuelas confesionales cat\u00f3licas pase por la plena aplicaci\u00f3n de una educaci\u00f3n sexual integral.<\/p>\n<p>&nbsp;<\/p>\n<p>Francisco sigui\u00f3 al pie de la letra la \u201cbiblia\u201d del encubrimiento institucional, esto es, la defensa con u\u00f1as y dientes del prestigio y patrimonio de la Iglesia por encima de las v\u00edctimas sin importar su sufrimiento. Tampoco se le pueden exigir peras al olmo. Bergoglio, como jefe de la Iglesia en la Argentina, protegi\u00f3 al cura Grassi, preso por abusar sexualmente de menores en la Fundaci\u00f3n \u201cFelices los Ni\u00f1os\u201d; al cura Corradi, violador de ni\u00f1os sordos en el Instituto Pr\u00f3volo de Mendoza, y al obispo de Or\u00e1n, Zanchetta, acusado de abusos sexuales a seminaristas y pornograf\u00eda infantil, trasladado como asesor al Vaticano no bien Bergoglio asumi\u00f3 como Papa.<\/p>\n<p>&nbsp;<\/p>\n<p>La Iglesia est\u00e1 desprestigiada como nunca antes en toda su historia. Sin ir m\u00e1s lejos, dos d\u00edas despu\u00e9s de terminar la cumbre se hizo p\u00fablico que el cardenal australiano Pell, n\u00famero tres del Vaticano y asesor econ\u00f3mico del Papa, fue declarado culpable de abusar de dos ni\u00f1os en 1996. Un informe reciente sobre abusos sexuales calcula en 100.000 las v\u00edctimas de la pederastia clerical en el mundo. En los \u00faltimos veinticinco a\u00f1os los esc\u00e1ndalos no han dejado de estallar: el encubrimiento de 72 curas pederastas por parte del arzobispo de Boston, Law, hecho p\u00fablico por The Boston Globe; los trescientos curas depredadores encubiertos por la Iglesia Cat\u00f3lica de Pennsylvania, con no menos de mil ni\u00f1os v\u00edctimas; la renuncia en bloque de los obispos chilenos acusados de encubrir por d\u00e9cadas al cura Karadima; el caso del cura Maciel, fundador de la influyente congregaci\u00f3n ultraconservadora Legionarios de Cristo, defendido por Juan Pablo II, que abus\u00f3 de menores, tuvo dos mujeres y varios hijos; la \u201clegi\u00f3n invisible\u201d de 50.000 hijos de curas, repartidos en 175 pa\u00edses; la admisi\u00f3n p\u00fablica de Francisco de que sacerdotes y obispos trataron a monjas como \u201cesclavas sexuales\u201d, forz\u00e1ndolas incluso a abortar.<\/p>\n<p>&nbsp;<\/p>\n<p>Desde Izquierda Socialista\/FIT no dudamos en afirmar: credibilidad cero a la instituci\u00f3n m\u00e1s reaccionaria de la historia, socia del sistema imperialista patriarcal en la explotaci\u00f3n de los pueblos y en la opresi\u00f3n de las mujeres y minor\u00edas sexuales. Denunciamos su doble moral permanente, mientras exigimos a los gobiernos su separaci\u00f3n absoluta del Estado, el fin de sus privilegios y que los curas violadores y encubridores vayan presos.<\/p>\n<p>&nbsp;<\/p>\n","protected":false},"excerpt":{"rendered":"<p>Escribe Mariana Morena La asamblea antipederastia convocada por el papa Francisco result\u00f3 una farsa. Culmin\u00f3 sin medidas concretas y eficaces contra los abusos sexuales a menores por parte de sacerdotes y religiosos. Organizaciones de v\u00edctimas de distintos pa\u00edses que reclaman el fin de la impunidad para los curas predadores y obispos encubridores denuncian una vez [&hellip;]<\/p>\n","protected":false},"author":1,"featured_media":2994,"comment_status":"open","ping_status":"open","sticky":false,"template":"","format":"standard","meta":[],"categories":[21],"tags":[],"_links":{"self":[{"href":"https:\/\/uit-ci.org\/index.php\/wp-json\/wp\/v2\/posts\/2995"}],"collection":[{"href":"https:\/\/uit-ci.org\/index.php\/wp-json\/wp\/v2\/posts"}],"about":[{"href":"https:\/\/uit-ci.org\/index.php\/wp-json\/wp\/v2\/types\/post"}],"author":[{"embeddable":true,"href":"https:\/\/uit-ci.org\/index.php\/wp-json\/wp\/v2\/users\/1"}],"replies":[{"embeddable":true,"href":"https:\/\/uit-ci.org\/index.php\/wp-json\/wp\/v2\/comments?post=2995"}],"version-history":[{"count":0,"href":"https:\/\/uit-ci.org\/index.php\/wp-json\/wp\/v2\/posts\/2995\/revisions"}],"wp:featuredmedia":[{"embeddable":true,"href":"https:\/\/uit-ci.org\/index.php\/wp-json\/wp\/v2\/media\/2994"}],"wp:attachment":[{"href":"https:\/\/uit-ci.org\/index.php\/wp-json\/wp\/v2\/media?parent=2995"}],"wp:term":[{"taxonomy":"category","embeddable":true,"href":"https:\/\/uit-ci.org\/index.php\/wp-json\/wp\/v2\/categories?post=2995"},{"taxonomy":"post_tag","embeddable":true,"href":"https:\/\/uit-ci.org\/index.php\/wp-json\/wp\/v2\/tags?post=2995"}],"curies":[{"name":"wp","href":"https:\/\/api.w.org\/{rel}","templated":true}]}}