{"id":3012,"date":"2019-04-09T15:16:08","date_gmt":"2019-04-09T15:16:08","guid":{"rendered":"http:\/\/uit-ci.org\/index.php\/2019\/04\/09\/regimen-manten-tus-manos-lejos-del-movimiento-popular\/"},"modified":"2019-04-09T15:16:08","modified_gmt":"2019-04-09T15:16:08","slug":"regimen-manten-tus-manos-lejos-del-movimiento-popular","status":"publish","type":"post","link":"https:\/\/uit-ci.org\/index.php\/2019\/04\/09\/regimen-manten-tus-manos-lejos-del-movimiento-popular\/","title":{"rendered":"\u00a1R\u00c9GIMEN! \u00a1MANT\u00c9N TUS MANOS LEJOS DEL MOVIMIENTO POPULAR!"},"content":{"rendered":"<p style=\"font-size: 10px;\"><img loading=\"lazy\" class=\" alignleft size-full wp-image-3011\" src=\"http:\/\/uit-ci.org\/wp-content\/uploads\/2019\/04\/20190409-Argelia-rebelion-en-las-calles.jpg\" alt=\"20190409-Argelia---rebelion-en-las-calles\" style=\"float: left;\" width=\"250\" height=\"250\" srcset=\"https:\/\/uit-ci.org\/wp-content\/uploads\/2019\/04\/20190409-Argelia-rebelion-en-las-calles.jpg 640w, https:\/\/uit-ci.org\/wp-content\/uploads\/2019\/04\/20190409-Argelia-rebelion-en-las-calles-300x300.jpg 300w, https:\/\/uit-ci.org\/wp-content\/uploads\/2019\/04\/20190409-Argelia-rebelion-en-las-calles-150x150.jpg 150w, https:\/\/uit-ci.org\/wp-content\/uploads\/2019\/04\/20190409-Argelia-rebelion-en-las-calles-600x600.jpg 600w, https:\/\/uit-ci.org\/wp-content\/uploads\/2019\/04\/20190409-Argelia-rebelion-en-las-calles-100x100.jpg 100w, https:\/\/uit-ci.org\/wp-content\/uploads\/2019\/04\/20190409-Argelia-rebelion-en-las-calles-75x75.jpg 75w\" sizes=\"(max-width: 250px) 100vw, 250px\" \/>ACCI\u00d3N DE IZQUIERDA POPULAR (ARGELIA)<br \/>CARTA-DECLARACI\u00d3N POL\u00cdTICA.<\/p>\n<p style=\"text-align: center;\"><strong style=\"font-size: 16px;\">\u00a1R\u00c9GIMEN! \u00a1MANT\u00c9N TUS MANOS LEJOS DEL MOVIMIENTO POPULAR!<\/strong><\/p>\n<p>&nbsp;<\/p>\n<p style=\"text-align: center;\"><em><strong>Estamos al lado de las clases populares en su deseo de decidir sobre sus propios asuntos y de que no puede haber verdadera democracia sino se tiene en cuenta aspiraciones espec\u00edficas.<\/strong><\/em><\/p>\n<p>  <!--more-->  <\/p>\n<p>&nbsp;<\/p>\n<p>El levantamiento popular del 22 de febrero de 2019 ha significado un masivo movimiento para recuperar la dignidad. Representa una ruptura importante tanto en la historia de este pa\u00eds como en la del Magreb. Se ha expresado en\u00e9rgicamente en las calles a favor de un cambio radical y ha hecho tambalear al r\u00e9gimen. El movimiento ha conseguido un triunfo y ha delimitado su territorio de manera radical. La dimisi\u00f3n de Bouteflika confirma este nuevo equilibrio de poder. No obstante es una semivictoria que debe ser preservada y consolidada. Para la gran mayor\u00eda de la poblaci\u00f3n, la b\u00fasqueda de la libertad es inseparable de la b\u00fasqueda de la igualdad.<\/p>\n<p>&nbsp;<\/p>\n<p><strong>\u00a1El movimiento del 22 de febrero de 2019 debe devolver a las clases populares los instrumentos pol\u00edticos para desarrollar la verdadera democracia!<\/strong><\/p>\n<p>&nbsp;<\/p>\n<p>El movimiento popular ha cuestionado tanto los objetivos como las estructuras del sistema pol\u00edtico. Denunci\u00f3 la realidad de los centros de poder, de las reglas antidemocr\u00e1ticas de la vida pol\u00edtica y de la toma de decisiones. En si mismo, este movimiento plantea la cuesti\u00f3n de la representaci\u00f3n pol\u00edtica de los explotados y oprimidos. Exige un proyecto de sociedad que corresponda al nivel de las luchas sociales, de los trabajadores, estudiantes y j\u00f3venes desempleados, que se han ido produciendo a lo largo de los a\u00f1os. En las movilizaciones cotidianas de hoy, el movimiento busca una nueva identidad colectiva que plantea la necesidad de un programa pol\u00edtico claro. La tarea prioritaria es aprender de la intifada del 5 de octubre de 1988, cuando la confiscaci\u00f3n de la soberan\u00eda del movimiento popular fue la base de la forma actual de la opresi\u00f3n del poder. El sistema vive una profunda crisis con enfrentamientos internos que intenta resolver enga\u00f1ando al movimiento popular y buscando imponer una transici\u00f3n que salve al viejo r\u00e9gimen y restaure sus pr\u00e1cticas (corrupci\u00f3n, clientelismo, depredaci\u00f3n, etc.). La democracia para las clases populares no es la b\u00fasqueda del consenso, que es el estandarte de todos los que cortejaron ayer al r\u00e9gimen para ocupar un esca\u00f1o en las asambleas elegidas. A\u00fan hoy, el consenso es el grito de guerra de todas las clases dominantes. La exigencia de relaciones igualitarias, ancladas en el inconsciente colectivo, es la base del sue\u00f1o de la fraternidad, el \u00ab\u00a1Todos somos hermanos! \u00abde la lucha de liberaci\u00f3n nacional. Para dar sentido a este impulso de fraternidad que reivindica el lema \u00ab\u00a1Todos somos iguales! \u00abes necesario acabar con la unanimidad de fachada que impide la implicaci\u00f3n de las fuerzas reales del movimiento y trabajar en la reagrupamiento de las fuerzas populares.<\/p>\n<p>El poder con tintes mon\u00e1rquicos ha ca\u00eddo y debemos luchar contra todas las tentaciones desp\u00f3ticas dondequiera que vengan&nbsp; reafirmando las aspiraciones de las clases populares y, en su seno, de las mujeres y los j\u00f3venes que est\u00e1n en el centro de la actual din\u00e1mica de cambio. Debemos trabajar por la autonom\u00eda organizativa de estas fuerzas sociales, es decir, de los trabajadores, las mujeres, los j\u00f3venes y los desempleados.<\/p>\n<p>&nbsp;<\/p>\n<p><strong>La consigna de la huelga general, que ya ha sido levantada por los sindicatos aut\u00f3nomos, da a las clases populares una perspectiva para organizarse como una fuerza independiente.<\/strong><\/p>\n<p>&nbsp;<\/p>\n<p>Los partidos de oposici\u00f3n, que siempre han estado integrados en la pol\u00edtica del gobierno, est\u00e1n tratando de imponer su proyecto neoliberal a los trabajadores y a las clases populares. Los hombres de negocios reconocen las nuevas circunstancias y quieren defender sus privilegios uni\u00e9ndose al movimiento. Estos empresarios de la importaci\u00f3n-importaci\u00f3n(*), que despilfarraron recursos nacionales y financiaron el tercer y cuarto mandatos con miles de millones y que se movilizaron para financiar el quinto mandato, ahora prefieren no llamar la atenci\u00f3n. Debemos estar atentos. La coartada de la amenaza externa, para imponer la gran hermandad, es un se\u00f1uelo. La crisis enfrenta a fuerzas sociales y pol\u00edticas locales con la sociedad argelina. Ante estas maniobras, los trabajadores, los desempleados y los pobres deben afirmar sus propios objetivos.<\/p>\n<p>&nbsp;<\/p>\n<p><strong>\u00a1Por la auto-organizaci\u00f3n de los trabajadores!<\/strong><\/p>\n<p>&nbsp;<\/p>\n<p>Los trabajadores, las mujeres, los j\u00f3venes desempleados y los j\u00f3venes deben organizarse en asambleas en los barrios, aldeas y ciudades para discutir c\u00f3mo abordar todos los aspectos de la vida cotidiana independientemente del poder del Estado y de los profesionales de la representaci\u00f3n pol\u00edtica. Esta din\u00e1mica de autoorganizaci\u00f3n debe permitir cuestionar el orden injusto y la camisa de fuerza impuesta a la sociedad y recuperar juntos el espacio p\u00fablico. Es el \u00fanico camino hacia la emancipaci\u00f3n social. El camino es largo pero seguro, para lograr la liberaci\u00f3n de cada uno por todos.<\/p>\n<p style=\"text-align: center;\">&nbsp;<\/p>\n<p style=\"text-align: center;\"><strong>Viva los trabajadores<\/strong><br \/><strong>Viva el movimiento popular del 22 de febrero de 2019&nbsp;&nbsp;&nbsp;&nbsp;&nbsp;&nbsp;&nbsp;&nbsp;&nbsp;&nbsp;&nbsp;&nbsp;&nbsp;&nbsp;&nbsp;<\/strong><\/p>\n<p style=\"text-align: right;\"><strong>&nbsp;<\/strong><\/p>\n<p style=\"text-align: right;\"><strong>Coordinaci\u00f3n Nacional Provisional de Acci\u00f3n de Izquierda Popular<\/strong> <br \/>&nbsp;&nbsp;&nbsp;&nbsp;&nbsp;&nbsp;&nbsp;&nbsp;&nbsp;&nbsp;&nbsp;&nbsp;&nbsp;&nbsp;&nbsp;&nbsp;&nbsp;&nbsp;&nbsp;&nbsp;&nbsp;&nbsp;&nbsp;&nbsp;&nbsp;&nbsp;&nbsp;&nbsp;&nbsp;&nbsp;&nbsp;&nbsp;&nbsp;&nbsp;&nbsp;&nbsp;&nbsp;&nbsp;&nbsp;&nbsp;&nbsp;&nbsp;&nbsp;&nbsp;&nbsp;&nbsp;&nbsp;&nbsp;&nbsp;&nbsp;&nbsp;&nbsp;&nbsp;&nbsp;&nbsp;&nbsp;&nbsp;&nbsp;&nbsp;&nbsp;&nbsp;&nbsp;&nbsp;&nbsp;&nbsp;&nbsp;&nbsp;&nbsp; Bejaia, 8 de abril de 2019.<\/p>\n<p style=\"text-align: right;\">&nbsp;<\/p>\n<p>* El t\u00e9rmino importaci\u00f3n-importaci\u00f3n se refiere en Argelia al hecho de que los patrones solo importan. No exportan nada, as\u00ed que sobrefacturan para obtener beneficios a trav\u00e9s del banco argelino. Es la verdadera mafia en el poder.<\/p>\n","protected":false},"excerpt":{"rendered":"<p>ACCI\u00d3N DE IZQUIERDA POPULAR (ARGELIA)CARTA-DECLARACI\u00d3N POL\u00cdTICA. \u00a1R\u00c9GIMEN! \u00a1MANT\u00c9N TUS MANOS LEJOS DEL MOVIMIENTO POPULAR! &nbsp; Estamos al lado de las clases populares en su deseo de decidir sobre sus propios asuntos y de que no puede haber verdadera democracia sino se tiene en cuenta aspiraciones espec\u00edficas.<\/p>\n","protected":false},"author":1,"featured_media":3011,"comment_status":"open","ping_status":"open","sticky":false,"template":"","format":"standard","meta":[],"categories":[35],"tags":[],"_links":{"self":[{"href":"https:\/\/uit-ci.org\/index.php\/wp-json\/wp\/v2\/posts\/3012"}],"collection":[{"href":"https:\/\/uit-ci.org\/index.php\/wp-json\/wp\/v2\/posts"}],"about":[{"href":"https:\/\/uit-ci.org\/index.php\/wp-json\/wp\/v2\/types\/post"}],"author":[{"embeddable":true,"href":"https:\/\/uit-ci.org\/index.php\/wp-json\/wp\/v2\/users\/1"}],"replies":[{"embeddable":true,"href":"https:\/\/uit-ci.org\/index.php\/wp-json\/wp\/v2\/comments?post=3012"}],"version-history":[{"count":0,"href":"https:\/\/uit-ci.org\/index.php\/wp-json\/wp\/v2\/posts\/3012\/revisions"}],"wp:featuredmedia":[{"embeddable":true,"href":"https:\/\/uit-ci.org\/index.php\/wp-json\/wp\/v2\/media\/3011"}],"wp:attachment":[{"href":"https:\/\/uit-ci.org\/index.php\/wp-json\/wp\/v2\/media?parent=3012"}],"wp:term":[{"taxonomy":"category","embeddable":true,"href":"https:\/\/uit-ci.org\/index.php\/wp-json\/wp\/v2\/categories?post=3012"},{"taxonomy":"post_tag","embeddable":true,"href":"https:\/\/uit-ci.org\/index.php\/wp-json\/wp\/v2\/tags?post=3012"}],"curies":[{"name":"wp","href":"https:\/\/api.w.org\/{rel}","templated":true}]}}