{"id":3013,"date":"2019-04-09T15:36:12","date_gmt":"2019-04-09T15:36:12","guid":{"rendered":"http:\/\/uit-ci.org\/index.php\/2019\/04\/09\/pouvoir-bas-les-pattes-du-mouvement-populaire\/"},"modified":"2019-04-09T15:36:12","modified_gmt":"2019-04-09T15:36:12","slug":"pouvoir-bas-les-pattes-du-mouvement-populaire","status":"publish","type":"post","link":"https:\/\/uit-ci.org\/index.php\/2019\/04\/09\/pouvoir-bas-les-pattes-du-mouvement-populaire\/","title":{"rendered":"POUVOIR ! BAS LES PATTES DU MOUVEMENT POPULAIRE"},"content":{"rendered":"<p style=\"font-size: 10px;\"><img loading=\"lazy\" class=\" alignleft size-full wp-image-3011\" src=\"http:\/\/uit-ci.org\/wp-content\/uploads\/2019\/04\/20190409-Argelia-rebelion-en-las-calles.jpg\" alt=\"20190409-Argelia---rebelion-en-las-calles\" style=\"float: left;\" width=\"250\" height=\"250\" srcset=\"https:\/\/uit-ci.org\/wp-content\/uploads\/2019\/04\/20190409-Argelia-rebelion-en-las-calles.jpg 640w, https:\/\/uit-ci.org\/wp-content\/uploads\/2019\/04\/20190409-Argelia-rebelion-en-las-calles-300x300.jpg 300w, https:\/\/uit-ci.org\/wp-content\/uploads\/2019\/04\/20190409-Argelia-rebelion-en-las-calles-150x150.jpg 150w, https:\/\/uit-ci.org\/wp-content\/uploads\/2019\/04\/20190409-Argelia-rebelion-en-las-calles-600x600.jpg 600w, https:\/\/uit-ci.org\/wp-content\/uploads\/2019\/04\/20190409-Argelia-rebelion-en-las-calles-100x100.jpg 100w, https:\/\/uit-ci.org\/wp-content\/uploads\/2019\/04\/20190409-Argelia-rebelion-en-las-calles-75x75.jpg 75w\" sizes=\"(max-width: 250px) 100vw, 250px\" \/>ACTION DE GAUCHE POPULAIRE (AGP). Alg\u00e9rie<br \/>LETTRE-DECLARATION POLITIQUE.<\/p>\n<p style=\"font-size: 16px; text-align: center;\"><strong>POUVOIR ! BAS LES PATTES DU MOUVEMENT POPULAIRE<\/strong><\/p>\n<p>&nbsp;<\/p>\n<p><em><strong>Nous sommes au c\u00f4t\u00e9 des classes populaires, dans leur volont\u00e9 de g\u00e9rer leurs propres affaires et il ne peut y avoir de d\u00e9mocratie r\u00e9elle sans la prise en charge de leurs aspirations sp\u00e9cifiques.<\/strong><\/em><\/p>\n<p>  <!--more-->  <\/p>\n<p>&nbsp;<\/p>\n<p>Le soul\u00e8vement populaire du 22 f\u00e9vrier 2019, est un mouvement massif pour le recouvrement de la dignit\u00e9. Il est une rupture majeure dans l&#8217;histoire de ce pays, comme dans celle du Maghreb. Il s&#8217;est exprim\u00e9 avec force dans les rues, pour un changement radical et \u00e0 fait vaciller les tenants du r\u00e9gime. Le mouvement a marqu\u00e9 des points et a balis\u00e9 son territoire de mani\u00e8re radicale. La d\u00e9mission de Bouteflika, consacre ce nouveau rapport de force. C&#8217;est une demi victoire. Cet acquis doit \u00eatre sauvegard\u00e9 et consolid\u00e9. Pour la grande majorit\u00e9 du peuple, la qu\u00eate de la libert\u00e9 est ins\u00e9parable de celle de l&#8217;\u00e9galit\u00e9.<\/p>\n<p>&nbsp;<\/p>\n<p><strong>Le mouvement du 22 f\u00e9vrier 2019, doit restituer aux classes populaires, les outils politiques pour la r\u00e9alisation de la d\u00e9mocratie r\u00e9elle !<\/strong><\/p>\n<p>&nbsp;<\/p>\n<p>Le mouvement populaire a remis en cause, \u00e0 la fois les finalit\u00e9s et les structures du syst\u00e8me politique. Il a d\u00e9nonc\u00e9, la r\u00e9alit\u00e9 des lieux de pouvoir, les r\u00e8gles antid\u00e9mocratiques de la vie politique et de la prise de d\u00e9cision. En tant que tel, ce mouvement pose la question d&#8217;une repr\u00e9sentation politique des exploit\u00e9s et des opprim\u00e9s. Il revendique un projet de soci\u00e9t\u00e9 \u00e0 la hauteur des luttes sociales des travailleurs, des \u00e9tudiants et des jeunes ch\u00f4meurs, cumul\u00e9es depuis des ann\u00e9es. Dans les mobilisations aujourd&#8217;hui quotidiennes, le mouvement est en qu\u00eate d&#8217;une nouvelle identit\u00e9 collective qui pose la n\u00e9cessit\u00e9 d&#8217;un programme politique clair. La t\u00e2che prioritaire, est de tirer la le\u00e7on de l&#8217;intifadha&nbsp; du 5 octobre 1988 o\u00f9 la souverainet\u00e9 du mouvement populaire confisqu\u00e9e, a \u00e9t\u00e9 \u00e0 l&#8217;origine de l&#8217;oppression du pouvoir sous sa forme actuelle. La crise profonde du syst\u00e8me, suscite des affrontements en son sein et il veut r\u00e9gler celle-ci, en se jouant du mouvement populaire et en cherchant \u00e0 imposer une transition qui sauve l&#8217;ancien r\u00e9gime et renoue avec ses pratiques (corruption, client\u00e9lisme, pr\u00e9dation, etc.). La d\u00e9mocratie pour les classes populaires, n&#8217;est pas la qu\u00eate du consensus qui est le porte drapeau de tous ceux qui hier, courtisaient le r\u00e9gime pour avoir un strapontin dans les assembl\u00e9es \u00e9lues. Aujourd&#8217;hui encore, le consensus est le cri de ralliement de toutes les classes dirigeantes. La revendication des rapports \u00e9galitaires ancr\u00e9e dans l&#8217;inconscient collectif, est la base du r\u00eave de fraternit\u00e9, le \u00bb Nous sommes tous fr\u00e8res! \u00ab, de la lutte de lib\u00e9ration nationale. Pour donner un sens \u00e0 cet \u00e9lan de fraternit\u00e9 qui se revendique de \u00bb Nous sommes tous \u00e9gaux! \u00ab, il faut mettre bas l&#8217;unanimisme de fa\u00e7ade qui emp\u00eache la d\u00e9cantation des forces r\u00e9elles du mouvement et travailler au regroupement des forces populaires.<br \/>Le pouvoir aux allures monarchiques est tomb\u00e9, il faut barrer la voie \u00e0 toutes les tentations despotiques d&#8217;o\u00f9 qu&#8217;elles viennent, en r\u00e9affirmant les aspirations des classes laborieuses et en leur sein, les femmes et les jeunes qui sont au coeur de la dynamique actuelle de changement. Il faut travailler \u00e0 l&#8217;autonomie d&#8217;organisation de ces forces sociales c&#8217;est-\u00e0-dire, des travailleurs, des femmes, des jeunes et des ch\u00f4meurs.<\/p>\n<p><strong>&nbsp;<\/strong><\/p>\n<p><strong>Le mot d&#8217;ordre de gr\u00e8ve g\u00e9n\u00e9rale qui est d\u00e9j\u00e0 lanc\u00e9 par les syndicats autonomes, donne une perspective aux classes populaires, de s&#8217;organiser en force ind\u00e9pendante.<\/strong><\/p>\n<p>&nbsp;<\/p>\n<p>Des partis d&#8217;opposition qui \u00e9taient de tout temps inscrits dans l&#8217;agenda politique du pouvoir, tentent d&#8217;imposer aux travailleurs et aux classes populaires leur projet n\u00e9olib\u00e9ral. Les hommes d&#8217;affaires sentant le vent tourner, veulent d\u00e9fendre leurs privil\u00e8ges en rejoignant le mouvement. Ces hommes d&#8217;affaires, ces patrons de l&#8217;import-import qui ont dilapid\u00e9s les ressources nationales et qui ont financ\u00e9 le 3e et le 4e mandat, \u00e0 coup de milliers de milliards et qui se sont mobilis\u00e9s pour financer le 5e mandat, font aujourd&#8217;hui profil bas. Il faut \u00eatre vigilant. L&#8217;alibi de la menace ext\u00e9rieure, pour imposer la grande fraternit\u00e9, est un leurre. La crise oppose des forces sociales et politiques internes \u00e0 la soci\u00e9t\u00e9 alg\u00e9rienne. Face \u00e0 ces manoeuvres, les travailleurs, les ch\u00f4meurs, les pauvres doivent affirmer leurs propres objectifs.<\/p>\n<p>&nbsp;<\/p>\n<p><strong>Pour l&#8217;auto-organisation des travailleurs !<\/strong><\/p>\n<p>&nbsp;<\/p>\n<p>Les travailleurs, les femmes, les jeunes et jeunes ch\u00f4meurs doivent s&#8217;organiser en assembl\u00e9es, dans les quartiers, les villages et les villes, pour discuter de la prise en charge de tous les aspects de la vie quotidienne de fa\u00e7on autonome du pouvoir de l&#8217;Etat et des professionnels de la repr\u00e9sentation. Cette dynamique d&#8217;auto-organisation, doit permettre la remise en cause de l&#8217;ordre injuste et de la chape de plomb qui enserre la soci\u00e9t\u00e9, pour se r\u00e9approprier ensemble l&#8217;espace public. C&#8217;est la seule voie pour l&#8217;\u00e9mancipation sociale. Le chemin est long mais s\u00fbr, pour r\u00e9aliser la lib\u00e9ration de chacun par tous.&nbsp;<\/p>\n<p>&nbsp;<\/p>\n<p style=\"text-align: center;\"><strong>Vive les travailleurs<\/strong><br \/><strong><\/strong><\/p>\n<p style=\"text-align: center;\"><strong>Vive le mouvement populaire du 22 f\u00e9vrier 2019<\/strong><\/p>\n<p style=\"text-align: right;\">&nbsp;<\/p>\n<p style=\"text-align: right;\">&nbsp;&nbsp;&nbsp;&nbsp;&nbsp;&nbsp;&nbsp;&nbsp;&nbsp;&nbsp;&nbsp;&nbsp;<strong> La Coordination Nationale&nbsp; Provisoire de l&#8217;Action de gauche populaire<\/strong><\/p>\n<p style=\"text-align: right;\">Bejaia ,le 8 avril 2019.<\/p>\n","protected":false},"excerpt":{"rendered":"<p>ACTION DE GAUCHE POPULAIRE (AGP). Alg\u00e9rieLETTRE-DECLARATION POLITIQUE. POUVOIR ! BAS LES PATTES DU MOUVEMENT POPULAIRE &nbsp; Nous sommes au c\u00f4t\u00e9 des classes populaires, dans leur volont\u00e9 de g\u00e9rer leurs propres affaires et il ne peut y avoir de d\u00e9mocratie r\u00e9elle sans la prise en charge de leurs aspirations sp\u00e9cifiques.<\/p>\n","protected":false},"author":1,"featured_media":3011,"comment_status":"open","ping_status":"open","sticky":false,"template":"","format":"standard","meta":[],"categories":[53],"tags":[],"_links":{"self":[{"href":"https:\/\/uit-ci.org\/index.php\/wp-json\/wp\/v2\/posts\/3013"}],"collection":[{"href":"https:\/\/uit-ci.org\/index.php\/wp-json\/wp\/v2\/posts"}],"about":[{"href":"https:\/\/uit-ci.org\/index.php\/wp-json\/wp\/v2\/types\/post"}],"author":[{"embeddable":true,"href":"https:\/\/uit-ci.org\/index.php\/wp-json\/wp\/v2\/users\/1"}],"replies":[{"embeddable":true,"href":"https:\/\/uit-ci.org\/index.php\/wp-json\/wp\/v2\/comments?post=3013"}],"version-history":[{"count":0,"href":"https:\/\/uit-ci.org\/index.php\/wp-json\/wp\/v2\/posts\/3013\/revisions"}],"wp:featuredmedia":[{"embeddable":true,"href":"https:\/\/uit-ci.org\/index.php\/wp-json\/wp\/v2\/media\/3011"}],"wp:attachment":[{"href":"https:\/\/uit-ci.org\/index.php\/wp-json\/wp\/v2\/media?parent=3013"}],"wp:term":[{"taxonomy":"category","embeddable":true,"href":"https:\/\/uit-ci.org\/index.php\/wp-json\/wp\/v2\/categories?post=3013"},{"taxonomy":"post_tag","embeddable":true,"href":"https:\/\/uit-ci.org\/index.php\/wp-json\/wp\/v2\/tags?post=3013"}],"curies":[{"name":"wp","href":"https:\/\/api.w.org\/{rel}","templated":true}]}}