{"id":3023,"date":"2019-04-11T19:48:46","date_gmt":"2019-04-11T19:48:46","guid":{"rendered":"http:\/\/uit-ci.org\/index.php\/2019\/04\/11\/appel-a-lunite-des-revolutionnaires\/"},"modified":"2019-04-11T19:48:46","modified_gmt":"2019-04-11T19:48:46","slug":"appel-a-lunite-des-revolutionnaires","status":"publish","type":"post","link":"https:\/\/uit-ci.org\/index.php\/2019\/04\/11\/appel-a-lunite-des-revolutionnaires\/","title":{"rendered":"Appel \u00e0 l&#8217;unit\u00e9 des r\u00e9volutionnaires"},"content":{"rendered":"<p><span><i><img loading=\"lazy\" class=\" alignleft size-full wp-image-3022\" src=\"http:\/\/uit-ci.org\/wp-content\/uploads\/2019\/04\/unidad-de-los-revolucionarios.jpg\" width=\"300\" height=\"150\" alt=\"unidad-de-los-revolucionarios\" style=\"float: left;\" srcset=\"https:\/\/uit-ci.org\/wp-content\/uploads\/2019\/04\/unidad-de-los-revolucionarios.jpg 600w, https:\/\/uit-ci.org\/wp-content\/uploads\/2019\/04\/unidad-de-los-revolucionarios-300x150.jpg 300w, https:\/\/uit-ci.org\/wp-content\/uploads\/2019\/04\/unidad-de-los-revolucionarios-360x180.jpg 360w\" sizes=\"(max-width: 300px) 100vw, 300px\" \/>Les gr\u00e8ves et les r\u00e9bellions des peuples parcourent le monde pour afin de d\u00e9fendre<strong> <\/strong>le droit au travail, au salaire, \u00e0 la sant\u00e9, \u00e0 l&#8217;\u00e9ducation publique, \u00e0 l&#8217;environnement, \u00e0 la vie digne de populations enti\u00e8res punies par les multinationales, pour un logement d\u00e9cent, entre d&#8217;autres.<\/i><\/span><\/p>\n<p>  <!--more-->  <\/p>\n<p><span><i><br \/> <\/i><br \/> <i>Ces millions s&#8217;\u00e9l\u00e8vent contre les plans tr\u00e8s durs d&#8217;ajustement que l&#8217;imp\u00e9rialisme et les bourgeoisies de chaque pays d\u00e9chargent sur les \u00e9paules des peuples opprim\u00e9s. L&#8217;actuel chef de l&#8217;imp\u00e9rialisme am\u00e9ricain, ultrar\u00e9volutionnaire Donald Trump, se trouve \u00e0 la t\u00eate de cette contre-offensive du capital.<\/i><\/p>\n<p> <i>La crise du syst\u00e8me capitaliste-imp\u00e9rialiste entra\u00eene une grave d\u00e9b\u00e2cle sociale pour des milliards de personnes sur la plan\u00e8te. Les multinationales pillent les ressources naturelles et avancent dans la d\u00e9pr\u00e9dation de la nature et la pollution de l&#8217;environnement. Ils veulent que ceux d&#8217;en bas, la classe ouvri\u00e8re, les secteurs populaires, les femmes opprim\u00e9es, les jeunes, les paysans et les classes moyennes de plus en plus pauvres paient pour la crise qu&#8217;ils ont caus\u00e9e.<\/i><\/p>\n<p> <i>Mais les peuples du monde ne se rendent pas. Ils se mobilisent et r\u00e9sistent \u00e0 ces plans d&#8217;ajustement et de pillage. Des gr\u00e8ves des ont lieu en France, en Allemagne, en Gr\u00e8ce, en Turquie, dans plusieurs pays d&#8217;Am\u00e9rique Latine, en Chine, en Afrique du Sud. Des centaines de milliers de manifestants sont descendus dans la rue pour l&#8217;ind\u00e9pendance de la Catalogne. La journ\u00e9e du 8M a \u00e9t\u00e9 une d\u00e9monstration claire de la r\u00e9bellion mondiale des femmes pour leurs droits qui a adopt\u00e9 la m\u00e9thode de lutte de la classe ouvri\u00e8re : la gr\u00e8ve. Le peuple palestinien ne c\u00e8de pas \u00e0 sa lutte historique contre l&#8217;\u00c9tat sioniste d&#8217;Isra\u00ebl. L&#8217;ann\u00e9e 2018 a d\u00e9but\u00e9 avec des mobilisations en Tunisie, berceau des r\u00e9volutions entam\u00e9es en 2011 dans le nord d&#8217;Afrique et au Moyen-Orient.<\/i><\/p>\n<p> <i>Mais dans ce contexte, la crise et l&#8217;absence de direction r\u00e9volutionnaire continuent d&#8217;\u00eatre le plus grand probl\u00e8me pour la classe ouvri\u00e8re et les secteurs populaires. Les mobilisations des masses sont trahies par les directions politiques n\u00e9o-r\u00e9formistes et conciliantes avec la bourgeoisie et ses projets. L&#8217;un des exemples les plus clairs est celui de Syriza en Gr\u00e8ce qui, sous l&#8217;\u00e9tiquette \u00abanticapitaliste\u00bb, est arriv\u00e9 au pouvoir pour trahir et conclure un pacte le FMI et les multinationales. Podemos \u00e0 l&#8217;\u00c9tat espagnol porte la m\u00eame voie. Les projets \u00abprogressistes\u00bb de l&#8217;Am\u00e9rique Latine ont \u00e9galement \u00e9chou\u00e9, gr\u00e2ce aux gouvernements de conciliation de classe de chavisme et de Maduro, de Lula\/PT, du p\u00e9ronisme de Kirchner ou d&#8217;Evo Morales. La d\u00e9b\u00e2cle sociale au Venezuela a mis en lumi\u00e8re le faux \u00absocialisme du XXIe si\u00e8cle\u00bb proclam\u00e9 par Hugo Ch\u00e1vez. Une fois de plus, il a \u00e9t\u00e9 d\u00e9montr\u00e9 qu&#8217;il n&#8217;y aura pas de progr\u00e8s pour les travailleurs ou le socialisme avec les structures du capitalisme et les pactes avec les multinationales<span style=\"text-decoration: underline;\">,<\/span> les hommes d&#8217;affaires et le secteur financier.<\/i><\/p>\n<p> <i>Nous avons \u00e9t\u00e9 t\u00e9moins de l&#8217;isolement tragique du processus r\u00e9volutionnaire syrien qui a commenc\u00e9 en 2011 et que la majorit\u00e9 du monde a tourn\u00e9 le dos et en d\u00e9fendant, en fait, le boucher Bachar Al Assad jusqu&#8217;au point de consid\u00e9rer \u00bb&nbsp;progressiste&nbsp;\u00able soutien du r\u00e9actionnaire Poutine ou du r\u00e9gime th\u00e9ocratique iranien. Nous soutenons les soul\u00e8vements et les processus r\u00e9volutionnaires qui ont agit\u00e9 l&#8217;Afrique du Nord et le Moyen-Orient.<\/p>\n<p> Nous sommes t\u00e9moins de la trahison permanente des bureaucraties syndicales li\u00e9es \u00e0 ces appareils politiques bourgeois et r\u00e9formistes.<br \/> <\/i><br \/> <i>Devant cela, il y a des milliers et des milliers de travailleurs et de combattants populaires dans le monde qui cherchent une direction alternative. Les socialistes r\u00e9volutionnaires qui font parti de l&#8217;UIT-QI continuent \u00e0 croire que la sortie de l&#8217;exploitation capitaliste passe par la lutte pour les gouvernements ouvriers et une soci\u00e9t\u00e9 socialiste. Nous continuons \u00e0 croire en l&#8217;ancienne devise de la Premi\u00e8re Internationale : \u00abla lib\u00e9ration des travailleurs sera l&#8217;\u0153uvre des travailleurs eux-m\u00eames\u00bb. Et que pour cela il faut construire des partis r\u00e9volutionnaires comme nous a l\u00e9gu\u00e9 l&#8217;exemple de la glorieuse r\u00e9volution russe de 1917. Nous savons qu&#8217;il y a des organisations de gauche qui ont capitul\u00e9 devant le syst\u00e8me et qui ont abandonn\u00e9 ces drapeaux. Mais nous savons aussi qu&#8217;il y a des militants et des organisations dans le monde qui continuent \u00e0 revendiquer la lutte intransigeante pour le pouvoir ouvrier et une r\u00e9volution socialiste. C&#8217;est vers eux que nous nous dirigeons.<\/i><\/p>\n<p> <i>Tous ceux qui faisons partie de \u00e0 l&#8217;UIT-QI sont convaincus que la solution \u00e0 la crise de direction r\u00e9volutionnaire ne viendra pas d&#8217;une seule organisation. Nous rejetons toute auto-proclamation. Pour cette raison, nous recherchons un minimum de points r\u00e9volutionnaires qui peuvent nous rapprocher et nous unifier avec des courants, des groupes et des secteurs r\u00e9volutionnaires qui viennent d&#8217;autres traditions et exp\u00e9riences. Nous voyons la construction d&#8217;une internationale r\u00e9volutionnaire qui peut, au milieu de cette situation mondiale complexe et en m\u00eame temps riche, contribuer \u00e0 r\u00e9soudre la crise de la direction r\u00e9volutionnaire.<\/p>\n<p> En ce sens, nous sommes ouverts \u00e0 explorer toutes sortes d&#8217;\u00e9changes politiques et d&#8217;actions communes en vue d&#8217;un regroupement des forces socialistes r\u00e9volutionnaires sur la base d&#8217;un programme r\u00e9volutionnaire minimum que nous mettons en consid\u00e9ration pour engager un processus de d\u00e9bats et d&#8217;exp\u00e9riences dans la lutte des classes, car ce sera le moyen de v\u00e9rifier les accords et\/ou les divergences.<\/i><\/p>\n<p> <strong>Proposition de programme minimum r\u00e9volutionnaire :<\/strong><\/p>\n<p> <\/span><\/p>\n<ul style=\"margin-top: 0cm;\">\n<li><span>Soutien aux luttes contre l&#8217;ajustement capitaliste ! Soutien \u00e0 toutes les luttes des travailleurs, des paysans, des indig\u00e8nes, des \u00e9tudiants et des peuples du monde contre l&#8217;imp\u00e9rialisme et ses gouvernements. Contre les licenciements, les r\u00e9ductions de salaires et de pensions. D\u00e9fendre les syst\u00e8mes publics d&#8217;\u00e9ducation et de sant\u00e9 contre la privatisation et les coupes. Il faut que la crise soit pay\u00e9 par les capitalistes. Non au paiement de la dette ext\u00e9rieure. Pour l&#8217;expropriation de multinationales, de banques et d&#8217;entreprises strat\u00e9giques.<\/span><\/li>\n<\/ul>\n<ul style=\"margin-top: 0cm;\">\n<li><span>Non aux agressions imp\u00e9rialistes dans le monde ! Soutien aux luttes des peuples du Moyen-Orient et de l&#8217;Afrique du Nord contre les dictatures, en particulier la solidarit\u00e9 avec la lutte du peuple palestinien contre l&#8217;\u00c9tat sioniste d&#8217;Isra\u00ebl !<\/span><\/li>\n<\/ul>\n<ul style=\"margin-top: 0cm;\">\n<li><span>Pour l&#8217;autod\u00e9termination nationale des peuples (Catalans, Kurdes, Sahraouis et autres).<br \/> Contre la criminalisation de la protestation, pour la pleine autonomie syndicale des gouvernements et de l&#8217;\u00c9tat. \u00c0 bas la bureaucratie syndicale ! Pour les nouveaux dirigeants antibureaucratiques et pour la d\u00e9mocratie ouvri\u00e8re !<\/span><\/li>\n<\/ul>\n<ul style=\"margin-top: 0cm;\">\n<li><span> Tout le soutien aux luttes des femmes du monde !<\/span><\/li>\n<\/ul>\n<ul style=\"margin-top: 0cm;\">\n<li><span>Nous luttons pour l&#8217;ind\u00e9pendance politique de classe, pas de soutien aux gouvernements bourgeois. Pour des gouvernements ouvriers avec v\u00e9ritable d\u00e9mocratie ouvri\u00e8re et populaire. Pour avancer vers le socialisme.<\/span><\/li>\n<li><span>&nbsp;<\/span><\/li>\n<\/ul>\n<p><strong><span>Pour une Internationale r\u00e9volutionnaire et des partis r\u00e9volutionnaires dans tous les pays.<\/p>\n<p> Comit\u00e9 ex\u00e9cutif international de l&#8217;Unit\u00e9 Internationale des Travailleurs &#8211; Quatri\u00e8me Internationale (UIT-QI)<\/p>\n<p> Mars 2018 <\/span><\/strong><\/p>\n","protected":false},"excerpt":{"rendered":"<p>Les gr\u00e8ves et les r\u00e9bellions des peuples parcourent le monde pour afin de d\u00e9fendre le droit au travail, au salaire, \u00e0 la sant\u00e9, \u00e0 l&#8217;\u00e9ducation publique, \u00e0 l&#8217;environnement, \u00e0 la vie digne de populations enti\u00e8res punies par les multinationales, pour un logement d\u00e9cent, entre d&#8217;autres.<\/p>\n","protected":false},"author":1,"featured_media":3022,"comment_status":"open","ping_status":"open","sticky":false,"template":"","format":"standard","meta":[],"categories":[53],"tags":[],"_links":{"self":[{"href":"https:\/\/uit-ci.org\/index.php\/wp-json\/wp\/v2\/posts\/3023"}],"collection":[{"href":"https:\/\/uit-ci.org\/index.php\/wp-json\/wp\/v2\/posts"}],"about":[{"href":"https:\/\/uit-ci.org\/index.php\/wp-json\/wp\/v2\/types\/post"}],"author":[{"embeddable":true,"href":"https:\/\/uit-ci.org\/index.php\/wp-json\/wp\/v2\/users\/1"}],"replies":[{"embeddable":true,"href":"https:\/\/uit-ci.org\/index.php\/wp-json\/wp\/v2\/comments?post=3023"}],"version-history":[{"count":0,"href":"https:\/\/uit-ci.org\/index.php\/wp-json\/wp\/v2\/posts\/3023\/revisions"}],"wp:featuredmedia":[{"embeddable":true,"href":"https:\/\/uit-ci.org\/index.php\/wp-json\/wp\/v2\/media\/3022"}],"wp:attachment":[{"href":"https:\/\/uit-ci.org\/index.php\/wp-json\/wp\/v2\/media?parent=3023"}],"wp:term":[{"taxonomy":"category","embeddable":true,"href":"https:\/\/uit-ci.org\/index.php\/wp-json\/wp\/v2\/categories?post=3023"},{"taxonomy":"post_tag","embeddable":true,"href":"https:\/\/uit-ci.org\/index.php\/wp-json\/wp\/v2\/tags?post=3023"}],"curies":[{"name":"wp","href":"https:\/\/api.w.org\/{rel}","templated":true}]}}