{"id":3058,"date":"2019-05-02T16:02:51","date_gmt":"2019-05-02T16:02:51","guid":{"rendered":"http:\/\/uit-ci.org\/index.php\/2019\/05\/02\/ante-el-1ro-de-mayo-2019-ni-guaido-ni-maduro-rechazamos-la-injerencia-imperialista-con-la-movilizacion-autonoma-de-los-trabajadores-salgamos-de-maduro\/"},"modified":"2019-05-02T16:02:51","modified_gmt":"2019-05-02T16:02:51","slug":"ante-el-1ro-de-mayo-2019-ni-guaido-ni-maduro-rechazamos-la-injerencia-imperialista-con-la-movilizacion-autonoma-de-los-trabajadores-salgamos-de-maduro","status":"publish","type":"post","link":"https:\/\/uit-ci.org\/index.php\/2019\/05\/02\/ante-el-1ro-de-mayo-2019-ni-guaido-ni-maduro-rechazamos-la-injerencia-imperialista-con-la-movilizacion-autonoma-de-los-trabajadores-salgamos-de-maduro\/","title":{"rendered":"Ante el 1ro de mayo 2019: Ni Guaid\u00f3, ni Maduro. Rechazamos la injerencia imperialista. Con la movilizaci\u00f3n aut\u00f3noma de los trabajadores salgamos de Maduro"},"content":{"rendered":"<p style=\"text-align: right;\"><span style=\"font-size: small;\"><em><span style=\"color: #1d2228; font-family: 'Helvetica Neue', Helvetica, Arial, sans-serif; font-weight: 400; letter-spacing: normal; text-align: left; text-indent: 0px; text-transform: none; white-space: normal; word-spacing: 0px; background-color: #ffffff; float: none;\"><img loading=\"lazy\" class=\" alignleft size-full wp-image-3057\" src=\"http:\/\/uit-ci.org\/wp-content\/uploads\/2019\/05\/20190502-PSL-1ro-de-Mayo.gif\" alt=\"20190502-PSL-1ro-de-Mayo\" style=\"float: left;\" width=\"200\" height=\"200\" \/>Publicamos esta declaracion del 1\u00b0 de mayo del PSL, que se redacto antes del intento del golpe del 30 de abril<\/span><\/em><\/span><\/p>\n<p style=\"text-align: right;\"><span style=\"font-size: small;\">&nbsp;<\/span><\/p>\n<p style=\"text-align: right;\"><span style=\"font-size: small;\"><strong>Partido Socialismo y Libertad\/Corriente Clasista Unitaria Revolucionaria y Aut\u00f3noma<\/strong><\/span><\/p>\n<p>  <!--more-->  <\/p>\n<p><span style=\"font-size: small;\">&nbsp;<\/span><\/p>\n<p><span style=\"font-size: small;\">Este 1ro de Mayo, fecha de lucha de los trabajadores, cuando se conmemoran 133&nbsp; a\u00f1os de la masacre de Chicago, los trabajadores venezolanos y sus familias viven una gran tragedia, producto del brutal ajuste y de la pavorosa crisis econ\u00f3mica y social impuesta por el gobierno. El trabajador no alcanza a vivir, con un salario destruido. El trabajo como mecanismo reproductor de la fuerza de trabajo, ha perdido su funci\u00f3n. Los trabajadores en Venezuela se sienten esclavos y sin futuro, por tal raz\u00f3n se van del pa\u00eds. En hospitales, escuelas, universidades, empresas p\u00fablicas y privadas por miles renuncian. Los servicios est\u00e1n destruidos. En estados con el Zulia, M\u00e9rida y Lara los&nbsp; servicios, el\u00e9ctrico y de agua, no existen. El Metro de CCS est\u00e1 colapsado, con escaleras da\u00f1adas, torniquetes que no giran, y debes estar prevenido a quedarte, si no hay luz. Los sistemas de salud y educaci\u00f3n est\u00e1n en crisis, y todo esto no es a consecuencia de ning\u00fan ataque. Esta es la vil coartada del gobierno para ocultar su responsabilidad en la destrucci\u00f3n del pa\u00eds, en toda su infraestructura y servicios.<\/span><\/p>\n<p><span style=\"font-size: small;\">No se discuten los contratos, se persiguen, despiden, aterrorizan y detienen a los trabajadores que protestan o disienten, como hemos visto en el Metro de Ccs, Ferrominera Orinoco, -FMO- y Venalum y en el Hospital Universitario de Ccs, -HUC-.<\/span><\/p>\n<p><span style=\"font-size: small;\"><\/span><span style=\"font-size: small;\"><strong>Las medidas del gobierno son contra todos los trabajadores<\/strong><\/span><\/p>\n<p><span style=\"font-size: small;\">Con el memorando 2792, el gobierno ha impuesto un retroceso de 90 a\u00f1os a las luchas de los trabajadores. El m\u00e1s brutal ataque al salario, sus escalas y le ha liquidado todas sus incidencias, reflej\u00e1ndose negativamente en las utilidades, las vacaciones, los intereses de prestaciones sociales y la antig\u00fcedad muy importante al t\u00e9rmino de la relaci\u00f3n laboral. El gobierno ha destruido las convenciones colectivas y los sindicatos, como herramienta de lucha.<\/span><\/p>\n<p><span style=\"font-size: small;\">Tambi\u00e9n ha inventado una Sala T\u00e9cnica cuyo objetivo es atacar los procedimientos legales que facultan el derecho a huelga. Como vemos, el gobierno liquida derechos laborales y las herramientas de lucha de los trabajadores, a la vez que otorga fortalezas al Estado como aparato al servicio de los patronos p\u00fablicos y privados. Faculta a la Sala T\u00e9cnica, a devolver los contratos colectivo, siempre que se sospeche que el monto de sus c\u00e1lculos, \u201catenta contra la fuente de trabajo\u201d.&nbsp; Al imponer estas reaccionarias medidas el gobierno cuenta con el aval de los \u201cdirigentes\u201d de la CSBT, y el resto del movimiento sindical que se niegan a denunciarlo.&nbsp;&nbsp;<\/span><\/p>\n<p><span style=\"font-size: small;\">Para el Partido Socialismo y Libertad y la Corriente Clasista Unitaria Revolucionaria y Aut\u00f3noma, el gobierno les ha arrebatado a los trabajadores sus conquistas fundamentales. Diezmado el poder de compra del salario. Es imposible alcanzar la canasta b\u00e1sica, hoy se encuentra en 2 millones y medio de bol\u00edvares, y ha reducido al trabajador a la condici\u00f3n de esclavos, que trabajan por un plato de comida.<\/span><\/p>\n<p><span style=\"font-size: small;\"><\/span><span style=\"font-size: small;\"><strong>Maduro: reprime, detiene, desaparece y despide trabajadores<\/strong><\/span><\/p>\n<p><span style=\"font-size: small;\">Pero adem\u00e1s este gobierno, encarcela y persigue a dirigentes sindicales y desaparece trabajadores. Los cuerpos represivos entran a las empresas y hacen detenciones, como en el caso de Rodney \u00c1lvarez, Alfonzo Rom\u00e1n y los compa\u00f1eros de Venalum y FMO. Triste ha sido el caso del trabajador \u00c1ngel Sequea, de Corpoelec, quien fue detenido luego al apag\u00f3n del 7 de marzo, y apareci\u00f3 muerto un d\u00eda despu\u00e9s en la celda en la que se confin\u00f3, y Al\u00ed Dom\u00ednguez, quien tambi\u00e9n fallece en dudosas circunstancias.&nbsp; El Estado no presenta explicaci\u00f3n sobre lo ocurrido, ni ofrece garant\u00edas a los detenido. Tambi\u00e9n despide a dirigente sindicales como ha Daillily Rodr\u00edguez del Metro de Ccs y Jos\u00e9 Patines y Jes\u00fas Serrano de la Canciller\u00eda. Todo esto se oculta y en su af\u00e1n de popularidad, Nicol\u00e1s Maduro se sigue presentando como el presidente obrero.<\/span><\/p>\n<p><strong style=\"font-size: small;\">Repudiamos la injerencia imperialista<\/strong><\/p>\n<p><span style=\"font-size: small;\"><\/span><span style=\"font-size: small;\">En marco de la tragedia que viven los trabajadores ocasionada por el falso socialismo chavista, el&nbsp; imperialismo aprovecha la debacle y acecha. Son 20 a\u00f1os de robo, corrupci\u00f3n, entrega de los recursos a las transnacionales petroleras, a la banca y las telecomunicaciones, y del pago de la deuda externa. Es este el marco, en el que el imperialismo y Trump, lanzan una contraofensiva vali\u00e9ndose del odio del pueblo, al gobierno hambredor y represivo de Maduro, intentando dar un golpe de Estado y amenazando insolentemente con una eventual intervenci\u00f3n militar. Nosotros denunciamos y repudiamos la injerencia de Trump, y su marioneta y protegido Juan Guaid\u00f3.<\/span><\/p>\n<p><span style=\"font-size: small;\"><\/span><span style=\"font-size: small;\">El Plan Pa\u00eds, anunciado por Guaido y el Frente Amplio, -FA- tienen como prop\u00f3sito un conjunto de medidas contra el pueblo aumentando el desempleo y la miseria. La fantochada de un salario de 30$ anunciada por Jos\u00e9 Guerra, es la continuaci\u00f3n del memorando 2792 del gobierno, es decir: matarnos de hambre.&nbsp; Y la invocada ayuda humanitaria tiene como prop\u00f3sito dividir las FAN y propiciar un golpe de estado. Su objetivo primordial es evitar la acci\u00f3n aut\u00f3noma e independiente de los trabajadores, para por sus propias fuerzas salir de Maduro y que sigamos pagando la crisis.<\/span><\/p>\n<p><span style=\"font-size: small;\"><\/span><span style=\"font-size: small;\"><strong>Los trabajadores no podemos marchar detr\u00e1s de verdugos patronales<\/strong><\/span><\/p>\n<p><span style=\"font-size: small;\"><\/span><span style=\"font-size: small;\">Ambas marchas son opciones patronales. De un lado Nicol\u00e1s Maduro, el patr\u00f3n-estado, responsable de la aplicaci\u00f3n del memorando 2792, con el que se imponen una pol\u00edtica de ajustes hambreador y represivo. Junto a Maduro, y cuidando sus intereses en el Arco Minero y la Faja Petrol\u00edfera del Orinoco los secundan los gobierno de Putin y Erdog\u00e1n, la CSBT, sirviendo de soporte a la permanencia de Maduro en Miraflores.<\/span><\/p>\n<p><span style=\"font-size: small;\"><\/span><span style=\"font-size: small;\">Del otro lado, est\u00e1 la convocatoria de Juan Guaid\u00f3, con el respaldo del FA, la AN, sectores empresariales y su propuesta de Plan Pa\u00eds, el Grupo de Lima, la Comunidad Europea, la ITV y dem\u00e1s centrales, y el tutelaje del imperialismo y Donald Trump.<\/span><\/p>\n<p><span style=\"font-size: small;\"><\/span><span style=\"font-size: small;\">Ambas opciones pretenden hacer marchar a los trabajadores tras sus verdugos y planes de ajustes. Si algo caracteriz\u00f3 a la gesta de los m\u00e1rtires de Chicago, fue la total independencia pol\u00edtica de los patronos y sus partidos y que no podemos marchar detr\u00e1s de opciones que defienden intereses patronales.<\/span><\/p>\n<p><span style=\"font-size: small;\"><\/span><span style=\"font-size: small;\">Por eso, somos del criterio que la ITV, que pudo erigirse en una alternativa aut\u00f3noma e independiente de cualquier variante burguesa, opto por una opci\u00f3n claramente burguesa y pro imperialista&nbsp; encabezada por Guaido, Trump, el Grupo de Lima, y a abandonado la movilizaci\u00f3n unitaria por los derechos de los trabajadores. Queda claro que no basta con la autonom\u00eda frente al gobierno. Ellos olvidan, que los empresarios privados son patronos tambi\u00e9n, y que es necesario mantener la independencia de los trabajadores, tanto en el terreno sindical como el terreno pol\u00edtico.<\/span><\/p>\n<p><span style=\"font-size: small;\"><\/span><span style=\"font-size: small;\"><strong>Hay que salir de este gobierno con la movilizaci\u00f3n obrera y popular<\/strong><\/span><\/p>\n<p><span style=\"font-size: small;\"><\/span><span style=\"font-size: small;\">Quienes militamos en el PSL-Ccura, pensamos que hay que salir de este gobierno, y que esta es tarea primordial de los trabajadores. Y por ello hay que reactivar las movilizaciones de forma unitaria y aut\u00f3noma de los polos burgueses y empresariales que se disputan la renta petrolera y las riquezas del Arco Minero. Para nosotros no es con la movilizaci\u00f3n convocada por Maduro y respaldada por Putin y Erdog\u00e1n y sus planes de hambre o seguir detr\u00e1s de Guaid\u00f3, el FA, en la b\u00fasqueda de alg\u00fan militar corrupto o con \u00ednfulas de empresario o aspirante a golpista y todos protegidos por Donald Trump, que saldremos de Maduro y la tragedia que nos imponen sus pol\u00edticas. Para nosotros ambas propuestas son burguesas y antiobreras.<\/span><\/p>\n<p><span style=\"font-size: small;\">Los trabajadores son los convocados acabar con esta pesadilla, y para lograrlo debemos retomar las calles con movilizaciones aut\u00f3nomas e independientes de ambos polos. En ese marco, proponemos la necesidad de levantar una alianza pol\u00edtico-sindical de los trabajadores y trabajadoras, independiente de Guaid\u00f3 y cualquier variante patronal. Que desde ella llamemos a todo el pueblo a movilizarse contra el gobierno de Maduro. Debemos seguir los ejemplos de lucha de Sudan y Argelia. Es hora del debate democr\u00e1tico entre las bases trabajadoras. Hay que hacer un plan de lucha que comprenda las defensa del salario, de los contratos colectivos, los sindicatos, e impongamos la democracia de las bases con asambleas en cada centro de trabajo, discutiendo como nos afecta el moderando 2792 las nefasta pol\u00edtica del gobierno.<\/span><\/p>\n<p><span style=\"font-size: small;\">Debemos acudir a las bases, en cada f\u00e1brica, en cada puesto de trabajo y propiciar el debate en asambleas, democr\u00e1ticas y participativas como \u00fatil instrumento de unidad de los trabajadores. Debemos pasar a la movilizaci\u00f3n unitaria, a los piquetes, a los paros, y a todas las formas de lucha que arrojen el debate. Las huelgas, ni los paros, se decretan. Nosotros estamos en contra de convocar a formas de lucha sin la consulta de los trabajadores, como ha sido pr\u00e1ctica de muchos, en los \u00faltimos a\u00f1os. Somos partidarios de que las formas de lucha incluidas las huelgas sean votadas en asambleas de trabajadores, con la m\u00e1s amplia democracia, para que surjan con el arraigo desde las bases, como hecho consiente. La democracia de las bases es una herramienta educadora, que lleva a la participaci\u00f3n y el fortalecimiento de los sindicatos. No hay otra salida, sino la movilizaci\u00f3n de los trabajadores. Ni Guiado, tutelado por Trump, ni Maduro tutelado por Erdogan y Putin, son alternativas. Solo la movilizaci\u00f3n obrera y popular puede sacar a Nicol\u00e1s Maduro. Llamamos al sindicalismo combativo, al activismo de izquierda, hartos de este desastre, a Eduardo S\u00e1nchez y a los dirigentes sindicales de izquierda que participaron en la ITV, entre ellos a Marea Socialista, a conformar un polo alternativo que se postule como direcci\u00f3n pol\u00edtica de los trabajadores.<\/span><\/p>\n<p><span style=\"font-size: small;\"><strong>Los trabajadores debemos gobernar<\/strong><\/span><\/p>\n<p><span style=\"font-size: small;\">Por \u00faltimo, estamos por un gobierno de los trabajadores. Los trabajadores deben gobernar y que el rescate del pa\u00eds, solo estar\u00e1 al servicio de los trabajadores si como clase trabajadora, somos gobierno. Nosotros pensamos que los trabajadores, debemos levantar un Plan de gobierno econ\u00f3mico popular, que ponga el pa\u00eds a producir, en el agro y en la industria, siempre guiados por la voluntad de los trabajadores. Donde el petr\u00f3leo, este en su totalidad en manos de los trabajadores, sin empresas mixtas, ni transnacionales. Fuera todos aquellos que se roban nuestro subsuelo. No al Arco Minero. Se impulse la reforma agraria, y se entreguen las tierras a los campesinos pobres. Se rescaten la educaci\u00f3n y el sistema de Salud, Corpoelec y las empresas b\u00e1sicas con el concurso y control de sus trabajadores. Se confisquen y repatrien los capitales y bienes de la corrupci\u00f3n. Libertad para todos los trabajadores presos, empezando por Rodney \u00c1lvarez, Alfonso Rom\u00e1n y Rub\u00e9n Gonz\u00e1lez, la reincorporaci\u00f3n de Deillily Rodr\u00edguez, Jos\u00e9 Patines y Jes\u00fas Serrano a sus puestos de trabajo.<\/span><\/p>\n<p><span style=\"font-size: small;\">&nbsp;<\/span><\/p>\n","protected":false},"excerpt":{"rendered":"<p>Publicamos esta declaracion del 1\u00b0 de mayo del PSL, que se redacto antes del intento del golpe del 30 de abril &nbsp; Partido Socialismo y Libertad\/Corriente Clasista Unitaria Revolucionaria y Aut\u00f3noma<\/p>\n","protected":false},"author":1,"featured_media":3057,"comment_status":"open","ping_status":"open","sticky":false,"template":"","format":"standard","meta":[],"categories":[56],"tags":[],"_links":{"self":[{"href":"https:\/\/uit-ci.org\/index.php\/wp-json\/wp\/v2\/posts\/3058"}],"collection":[{"href":"https:\/\/uit-ci.org\/index.php\/wp-json\/wp\/v2\/posts"}],"about":[{"href":"https:\/\/uit-ci.org\/index.php\/wp-json\/wp\/v2\/types\/post"}],"author":[{"embeddable":true,"href":"https:\/\/uit-ci.org\/index.php\/wp-json\/wp\/v2\/users\/1"}],"replies":[{"embeddable":true,"href":"https:\/\/uit-ci.org\/index.php\/wp-json\/wp\/v2\/comments?post=3058"}],"version-history":[{"count":0,"href":"https:\/\/uit-ci.org\/index.php\/wp-json\/wp\/v2\/posts\/3058\/revisions"}],"wp:featuredmedia":[{"embeddable":true,"href":"https:\/\/uit-ci.org\/index.php\/wp-json\/wp\/v2\/media\/3057"}],"wp:attachment":[{"href":"https:\/\/uit-ci.org\/index.php\/wp-json\/wp\/v2\/media?parent=3058"}],"wp:term":[{"taxonomy":"category","embeddable":true,"href":"https:\/\/uit-ci.org\/index.php\/wp-json\/wp\/v2\/categories?post=3058"},{"taxonomy":"post_tag","embeddable":true,"href":"https:\/\/uit-ci.org\/index.php\/wp-json\/wp\/v2\/tags?post=3058"}],"curies":[{"name":"wp","href":"https:\/\/api.w.org\/{rel}","templated":true}]}}