{"id":3071,"date":"2019-05-08T17:26:37","date_gmt":"2019-05-08T17:26:37","guid":{"rendered":"http:\/\/uit-ci.org\/index.php\/2019\/05\/08\/los-qdiez-puntosq-del-frente-de-izquierda\/"},"modified":"2019-05-08T17:26:37","modified_gmt":"2019-05-08T17:26:37","slug":"los-qdiez-puntosq-del-frente-de-izquierda","status":"publish","type":"post","link":"https:\/\/uit-ci.org\/index.php\/2019\/05\/08\/los-qdiez-puntosq-del-frente-de-izquierda\/","title":{"rendered":"Argentina: Los \u00abdiez puntos\u00bb del Frente de Izquierda"},"content":{"rendered":"<h3 style=\"margin-top: 10px; font-size: 16px; font-family: Verdana, Geneva, Arial, Helvetica, sans-serif; line-height: 19.2px;\"><em style=\"font-family: Verdana, Arial, Helvetica, sans-serif; font-size: 11px;\"><span style=\"font-size: 10.5pt; font-family: Arial, sans-serif; color: #111417; font-style: normal;\"><img loading=\"lazy\" class=\" alignleft size-full wp-image-3070\" src=\"http:\/\/uit-ci.org\/wp-content\/uploads\/2019\/05\/fit_10_puntos.jpg\" alt=\"fit 10 puntos\" style=\"margin-right: 5px; float: left;\" width=\"214\" height=\"113\" srcset=\"https:\/\/uit-ci.org\/wp-content\/uploads\/2019\/05\/fit_10_puntos.jpg 740w, https:\/\/uit-ci.org\/wp-content\/uploads\/2019\/05\/fit_10_puntos-300x158.jpg 300w, https:\/\/uit-ci.org\/wp-content\/uploads\/2019\/05\/fit_10_puntos-600x315.jpg 600w\" sizes=\"(max-width: 214px) 100vw, 214px\" \/><\/span><\/em><\/h3>\n<p style=\"margin: 9.75pt 0cm; background: white;\"><em><span style=\"font-size: 10.5pt; font-family: Arial, sans-serif; color: #111417; font-style: normal;\">Rechazamos el operativo de unidad nacional orquestado por el gobierno de Macri cuyos ejes program\u00e1ticos son para darles garant\u00edas al FMI, a los especuladores financieros y a las grandes patronales de que se seguir\u00e1 avanzando en la guerra que le declararon a la totalidad del pueblo trabajador. Y llamamos a seguir luchando por la derrota del FMI, Macri y los gobernadores<\/span><\/em><em><span style=\"font-size: 10.5pt; font-family: Arial, sans-serif; color: #111417;\">.<\/span><\/em><\/p>\n<p>  <!--more-->  <\/p>\n<p style=\"margin: 9.75pt 0cm; background: white; orphans: 2; widows: 2; word-spacing: 0px; text-align: justify;\"><span style=\"font-size: 10.5pt; font-family: Arial, sans-serif; color: #111417;\">No es casualidad que todas las c\u00e1maras patronales salieron inmediatamente a celebrar un posible acuerdo de esas caracter\u00edsticas. Lo mismo hizo la c\u00fapula de la Iglesia Cat\u00f3lica, luego de haberse reunido con el Papa Bergoglio, bajo el silencio c\u00f3mplice de la traidora burocracia sindical.<\/span><\/p>\n<p style=\"margin: 9.75pt 0cm; background: white; orphans: 2; widows: 2; word-spacing: 0px; text-align: justify;\"><span style=\"font-size: 10.5pt; font-family: Arial, sans-serif; color: #111417;\">Macri convoc\u00f3 en primer lugar al peronismo que le garantiz\u00f3 todas las leyes en el Congreso y aplic\u00f3 las recetas de ajuste en las provincias que gobiernan. Los rechazos cosm\u00e9ticos a la convocatoria por parte de Sergio Massa y Roberto Lavagna son parte de la disputa electoral, pero acuerdan en lo esencial: mantener al FMI dominando la econom\u00eda nacional y seguir pag\u00e1ndole la deuda a los especuladores. Una posici\u00f3n similar ya la adelant\u00f3 el kirchnerismo a trav\u00e9s de sus voceros como Alberto Fern\u00e1ndez, mientras que Daniel Scioli sali\u00f3 a apoyar abiertamente esta iniciativa de Macri y el FMI.<\/span><\/p>\n<p style=\"margin: 9.75pt 0cm; background: white; orphans: 2; widows: 2; word-spacing: 0px; text-align: justify;\"><span style=\"font-size: 10.5pt; font-family: Arial, sans-serif; color: #111417;\">El Frente de Izquierda plantea una salida pol\u00edtica propia de los trabajadores: poner fin al r\u00e9gimen del FMI y sostiene un plan econ\u00f3mico y una reorganizaci\u00f3n integral del pa\u00eds completamente opuestos al que se puso en discusi\u00f3n, cuya prioridad es la defensa de la vida del pueblo trabajador.<\/span><\/p>\n<p style=\"margin: 9.75pt 0cm; background: white; orphans: 2; widows: 2; word-spacing: 0px; text-align: justify;\"><span style=\"font-size: 10.5pt; font-family: Arial, sans-serif; color: #111417;\">Rechazamos el pacto que se est\u00e1 perge\u00f1ando a espaldas y contra el pueblo. Por una Asamblea Constituyente Libre y Soberana que discuta las medidas de emergencia requeridas para satisfacer las necesidades apremiantes de la poblaci\u00f3n trabajadora y promover una transformaci\u00f3n del pa\u00eds sobre nuevas bases sociales.<\/span><\/p>\n<p style=\"margin: 9.75pt 0cm; background: white; orphans: 2; widows: 2; word-spacing: 0px; text-align: justify;\"><span style=\"font-size: 10.5pt; font-family: Arial, sans-serif; color: #111417;\">El Frente de Izquierda plantea 10 puntos y los pone a consideraci\u00f3n de las organizaciones de trabajadores, estudiantiles, populares, para que sean parte de un plan de lucha para lograr derrotar al FMI, Macri y a los gobernadores, para que esta vez, la crisis la paguen los capitalistas, en el camino de imponer un gobierno de trabajadores. Basta de tregua de la CGT, CTA y de toda la burocracia sindical con el gobierno y las patronales. Paro nacional y un plan de lucha para imponer este programa:<\/span><\/p>\n<p style=\"margin: 9.75pt 0cm; background: white; orphans: 2; widows: 2; word-spacing: 0px; text-align: justify;\"><strong><em><span style=\"font-size: 10.5pt; font-family: Arial, sans-serif; color: #111417;\">1) Ruptura con el FMI. No al pago de la deuda. Plata para salario, trabajo, salud, educaci\u00f3n y vivienda, no para el Fondo Monetario. Nacionalizar la banca y el comercio exterior para evitar la fuga de capitales, cuidar a los peque\u00f1os ahorristas y brindar cr\u00e9ditos baratos. Por un plan econ\u00f3mico obrero y popular debatido y gestionado por los trabajadores.<\/span><\/em><\/strong><\/p>\n<p style=\"margin: 9.75pt 0cm; background: white; orphans: 2; widows: 2; word-spacing: 0px;\"><strong><em><span style=\"font-size: 10.5pt; font-family: Arial, sans-serif; color: #111417;\">2) Aumento inmediato de salario y jubilaciones. Que nadie gane menos del valor de la canasta familiar. Ante la escalada de la inflaci\u00f3n, indexaci\u00f3n mensual de salarios y jubilaciones.<\/span><\/em><\/strong><\/p>\n<p style=\"margin: 9.75pt 0cm; background: white; orphans: 2; widows: 2; word-spacing: 0px;\"><strong><em><span style=\"font-size: 10.5pt; font-family: Arial, sans-serif; color: #111417;\">3) Prohibici\u00f3n de despidos y suspensiones. Expropiaci\u00f3n y estatizaci\u00f3n de toda empresa que cierre, puesta a producir, bajo el control de los trabajadores. Basta de trabajo precario y en negro. Todos a planta permanente. Trabajo para todos, reparto de las horas de trabajo sin afectar el salario entre ocupados y desocupados. Abajo la reforma laboral flexibilizadora.<\/span><\/em><\/strong><\/p>\n<p style=\"margin: 9.75pt 0cm; background: white; orphans: 2; widows: 2; word-spacing: 0px;\"><strong><em><span style=\"font-size: 10.5pt; font-family: Arial, sans-serif; color: #111417;\">4) Anulaci\u00f3n de la reforma previsional. Por el 82% m\u00f3vil y el aumento del haber m\u00ednimo que cubra la canasta de los jubilados. Por la restituci\u00f3n de los aportes patronales rebajados por Macri, por Menem y por Cristina.<\/span><\/em><\/strong><\/p>\n<p style=\"margin: 9.75pt 0cm; background: white; orphans: 2; widows: 2; word-spacing: 0px;\"><strong><em><span style=\"font-size: 10.5pt; font-family: Arial, sans-serif; color: #111417;\">5) Eliminaci\u00f3n del IVA de la canasta familiar. Abolici\u00f3n del impuesto al salario. Impuestos progresivos a las grandes fortunas. Impuestos extraordinarios a los grandes capitalistas (banqueros, terratenientes y grandes empresarios) para resolver las necesidades m\u00e1s acuciantes del pueblo trabajador. Comit\u00e9s de control de precios y abastecimiento popular.<\/span><\/em><\/strong><\/p>\n<p style=\"margin: 9.75pt 0cm; background: white; orphans: 2; widows: 2; word-spacing: 0px;\"><strong><em><span style=\"font-size: 10.5pt; font-family: Arial, sans-serif; color: #111417;\">6) Anulaci\u00f3n de los tarifazos. Nacionalizaci\u00f3n y reestatizaci\u00f3n de todas las empresas privatizadas bajo control, administraci\u00f3n y gesti\u00f3n de trabajadores y control de los usuarios populares. Renacionalizaci\u00f3n sin pago del 100% de YPF y de todas las empresas petroleras: por una empresa nacional estatal \u00fanica que funcione bajo el control y la gesti\u00f3n de sus trabajadores. Por un plan nacional energ\u00e9tico controlado por los trabajadores que lleve gas natural y luz a todos los hogares.<\/span><\/em><\/strong><\/p>\n<p style=\"margin: 9.75pt 0cm; background: white; orphans: 2; widows: 2; word-spacing: 0px;\"><strong><em><span style=\"font-size: 10.5pt; font-family: Arial, sans-serif; color: #111417;\">7) Por una educaci\u00f3n nacional \u00fanica, estatal, p\u00fablica, gratuita y laica. Fuera las iglesias de la educaci\u00f3n. Separaci\u00f3n real y efectiva de la Iglesia y el Estado.<\/span><\/em><\/strong><\/p>\n<p style=\"margin: 9.75pt 0cm; background: white; orphans: 2; widows: 2; word-spacing: 0px;\"><strong><em><span style=\"font-size: 10.5pt; font-family: Arial, sans-serif; color: #111417;\">8) Por una cobertura de salud gratuita e integral a cargo del Estado. Nacionalizaci\u00f3n sin pago de los laboratorios que lucran con la salud del pueblo. Por la provisi\u00f3n de medicamentos gratuitos a quienes lo necesitan. Por la expulsi\u00f3n de la burocracia sindical de las obras sociales y su control democr\u00e1tico por parte de comit\u00e9s de trabajadores elegidos en la base.<\/span><\/em><\/strong><\/p>\n<p style=\"margin: 9.75pt 0cm; background: white; orphans: 2; widows: 2; word-spacing: 0px;\"><strong><em><span style=\"font-size: 10.5pt; font-family: Arial, sans-serif; color: #111417;\">9) Por un plan nacional de viviendas populares de calidad y urbanizaci\u00f3n de las villas y asentamientos. Por impuestos progresivos a las viviendas ociosas de los especuladores inmobiliarios.<\/span><\/em><\/strong><\/p>\n<p style=\"margin: 9.75pt 0cm; background: white; orphans: 2; widows: 2; word-spacing: 0px;\"><strong><em><span style=\"font-size: 10.5pt; font-family: Arial, sans-serif; color: #111417;\">10) Por el derecho al aborto legal, seguro y gratuito<\/span><\/em><span style=\"font-size: 10.5pt; font-family: Arial, sans-serif; color: #111417;\">.<\/span><\/strong><\/p>\n<p style=\"margin: 9.75pt 0cm; text-align: right; background: white; orphans: 2; widows: 2; word-spacing: 0px;\" align=\"right\"><strong><span style=\"font-size: 10.5pt; font-family: Arial, sans-serif; color: #111417;\">FRENTE DE IZQUIERDA y de los Trabajadores<\/span><span style=\"font-size: 10.5pt; font-family: Arial, sans-serif; color: #111417;\"><br \/> <span style=\"font-family: Arial, sans-serif;\">PTS-PO-IZQUIERDA SOCIALISTA<\/span><\/span><\/strong><\/p>\n","protected":false},"excerpt":{"rendered":"<p>Rechazamos el operativo de unidad nacional orquestado por el gobierno de Macri cuyos ejes program\u00e1ticos son para darles garant\u00edas al FMI, a los especuladores financieros y a las grandes patronales de que se seguir\u00e1 avanzando en la guerra que le declararon a la totalidad del pueblo trabajador. Y llamamos a seguir luchando por la derrota [&hellip;]<\/p>\n","protected":false},"author":1,"featured_media":3070,"comment_status":"open","ping_status":"open","sticky":false,"template":"","format":"standard","meta":[],"categories":[56],"tags":[],"_links":{"self":[{"href":"https:\/\/uit-ci.org\/index.php\/wp-json\/wp\/v2\/posts\/3071"}],"collection":[{"href":"https:\/\/uit-ci.org\/index.php\/wp-json\/wp\/v2\/posts"}],"about":[{"href":"https:\/\/uit-ci.org\/index.php\/wp-json\/wp\/v2\/types\/post"}],"author":[{"embeddable":true,"href":"https:\/\/uit-ci.org\/index.php\/wp-json\/wp\/v2\/users\/1"}],"replies":[{"embeddable":true,"href":"https:\/\/uit-ci.org\/index.php\/wp-json\/wp\/v2\/comments?post=3071"}],"version-history":[{"count":0,"href":"https:\/\/uit-ci.org\/index.php\/wp-json\/wp\/v2\/posts\/3071\/revisions"}],"wp:featuredmedia":[{"embeddable":true,"href":"https:\/\/uit-ci.org\/index.php\/wp-json\/wp\/v2\/media\/3070"}],"wp:attachment":[{"href":"https:\/\/uit-ci.org\/index.php\/wp-json\/wp\/v2\/media?parent=3071"}],"wp:term":[{"taxonomy":"category","embeddable":true,"href":"https:\/\/uit-ci.org\/index.php\/wp-json\/wp\/v2\/categories?post=3071"},{"taxonomy":"post_tag","embeddable":true,"href":"https:\/\/uit-ci.org\/index.php\/wp-json\/wp\/v2\/tags?post=3071"}],"curies":[{"name":"wp","href":"https:\/\/api.w.org\/{rel}","templated":true}]}}