{"id":3075,"date":"2019-05-13T14:15:08","date_gmt":"2019-05-13T14:15:08","guid":{"rendered":"http:\/\/uit-ci.org\/index.php\/2019\/05\/13\/encuentro-sindical-de-la-ucv-acordo-conformar-plataforma-de-lucha-de-trabajadores-contra-politica-antiobrera-del-gobierno\/"},"modified":"2019-05-13T14:15:08","modified_gmt":"2019-05-13T14:15:08","slug":"encuentro-sindical-de-la-ucv-acordo-conformar-plataforma-de-lucha-de-trabajadores-contra-politica-antiobrera-del-gobierno","status":"publish","type":"post","link":"https:\/\/uit-ci.org\/index.php\/2019\/05\/13\/encuentro-sindical-de-la-ucv-acordo-conformar-plataforma-de-lucha-de-trabajadores-contra-politica-antiobrera-del-gobierno\/","title":{"rendered":"Encuentro sindical de la UCV acord\u00f3 conformar plataforma de lucha de trabajadores contra pol\u00edtica antiobrera del gobierno"},"content":{"rendered":"<p style=\"text-align: justify;\"><span style=\"font-size: medium;\"><strong><img loading=\"lazy\" class=\" alignleft size-full wp-image-3074\" src=\"http:\/\/uit-ci.org\/wp-content\/uploads\/2019\/05\/encuentro_sindical_venezuela.jpg\" width=\"323\" height=\"250\" alt=\"encuentro sindical venezuela\" style=\"margin-right: 5px; float: left;\" srcset=\"https:\/\/uit-ci.org\/wp-content\/uploads\/2019\/05\/encuentro_sindical_venezuela.jpg 1024w, https:\/\/uit-ci.org\/wp-content\/uploads\/2019\/05\/encuentro_sindical_venezuela-300x232.jpg 300w, https:\/\/uit-ci.org\/wp-content\/uploads\/2019\/05\/encuentro_sindical_venezuela-768x594.jpg 768w, https:\/\/uit-ci.org\/wp-content\/uploads\/2019\/05\/encuentro_sindical_venezuela-600x464.jpg 600w, https:\/\/uit-ci.org\/wp-content\/uploads\/2019\/05\/encuentro_sindical_venezuela-750x580.jpg 750w\" sizes=\"(max-width: 323px) 100vw, 323px\" \/><\/strong><\/span><\/p>\n<p style=\"text-align: center;\"><span style=\"font-size: medium;\"><strong><span style=\"font-family: arial, helvetica, sans-serif;\">Encuentro sindical de la UCV acord\u00f3 conformar plataforma de lucha de trabajadores contra pol\u00edtica antiobrera del gobierno<\/span><\/strong><\/span><\/p>\n<p style=\"text-align: justify;\"><span style=\"font-size: small; font-family: arial, helvetica, sans-serif;\"><strong><\/strong><\/span><\/p>\n<p><strong><span style=\"font-family: arial, helvetica, sans-serif; font-size: medium;\">Por Prensa C-cura<\/span><\/strong><\/p>\n<p style=\"text-align: justify;\"><span style=\"font-size: small; font-family: arial, helvetica, sans-serif;\"><strong><\/strong><\/span><\/p>\n<p><span style=\"font-family: arial, helvetica, sans-serif; font-size: small;\">Caracas, 10 de mayo de 2019. Durante todo el d\u00eda de ayer, se llev\u00f3 a cabo en el auditorio de Ingenier\u00eda de la UCV, un primer encuentro de trabajadoras y trabajadores, convocado por Eduardo S\u00e1nchez, presidente de SinatraUCV y la federaci\u00f3n que agrupa a los empleados administrativos de las universidades nacionales.<\/span><\/p>\n<p style=\"text-align: justify;\"><span style=\"font-size: small; font-family: arial, helvetica, sans-serif;\"><strong><\/strong><\/span><\/p>\n<p><span style=\"font-family: arial, helvetica, sans-serif; font-size: small;\">El mismo cont\u00f3 con la participaci\u00f3n de m\u00e1s 100 personas, pertenecientes a distintos sectores laborales. Empleados p\u00fablicos, petroleros, universitarios, trabajadores de salud, de vigilancia privada, de empresas caucheras, alfareras y metalmec\u00e1nicas del centro del pa\u00eds, tambi\u00e9n se hicieron presentes organizaciones pol\u00edticas como Marea Socialista, LTS, Izquierda Revolucionaria, Lucha de Clases, PSL.<\/span><\/p>\n<p>  <!--more-->  <\/p>\n<p style=\"text-align: justify;\"><span style=\"font-size: small; font-family: arial, helvetica, sans-serif;\"><strong><\/strong><\/span><\/p>\n<p><span style=\"font-family: arial, helvetica, sans-serif; font-size: small;\">En el podio se encontraban Eduardo S\u00e1nchez, Horacio Silva, directivo sindical del sector petrolero, Thony Navas, presidente de Sirtrasalud Distrito Capital y Jos\u00e9 Bodas, secretario general de la Futpv, y de la corriente sindical C-cura.<\/span><\/p>\n<p style=\"text-align: justify;\"><span style=\"font-size: small; font-family: arial, helvetica, sans-serif;\"><strong><\/strong><\/span><\/p>\n<p><span style=\"font-family: arial, helvetica, sans-serif; font-size: small;\">El evento fue instalado por C\u00e9sar Mogoll\u00f3n, de la agrupaci\u00f3n Chavismo Bolivariano del estado Aragua, organizaci\u00f3n del chavismo disidente, despedido de Fundacomunal, quien dio la bienvenida a los presentes, y dijo que hab\u00eda llegado el momento de profundizar la lucha de los trabajadores, y presentar al pa\u00eds un plan de lucha ante los ataques del gobierno de Maduro a los derechos de los trabajadores.<\/span><\/p>\n<p style=\"text-align: justify;\"><span style=\"font-size: small; font-family: arial, helvetica, sans-serif;\"><strong><\/strong><\/span><\/p>\n<p><span style=\"font-size: medium;\"><strong><span style=\"font-family: arial, helvetica, sans-serif;\">Eduardo S\u00e1nchez<\/span><\/strong><\/span><\/p>\n<p style=\"text-align: justify;\"><span style=\"font-size: small; font-family: arial, helvetica, sans-serif;\"><strong><\/strong><\/span><\/p>\n<p><span style=\"font-family: arial, helvetica, sans-serif; font-size: small;\">Su intervenci\u00f3n fue seguida por la de Eduardo S\u00e1nchez, quien hizo referencia a las tremendas dificultades para reunir a ese importante grupo de activistas, dada las dificultades con el efectivo y las terribles fallas del transporte.<\/span><\/p>\n<p style=\"text-align: justify;\"><span style=\"font-size: small; font-family: arial, helvetica, sans-serif;\"><strong><\/strong><\/span><\/p>\n<p><span style=\"font-family: arial, helvetica, sans-serif; font-size: small;\">S\u00e1nchez se refiri\u00f3 a la ITV, donde muchos de los factores presentes en el evento participaron el a\u00f1o pasado, y la cual fue una posibilidad de conformar una herramienta de lucha de los trabajadores, pero que termin\u00f3 a la cola de la pol\u00edtica de la derecha encabezada por Guaid\u00f3.<\/span><\/p>\n<p style=\"text-align: justify;\"><span style=\"font-size: small; font-family: arial, helvetica, sans-serif;\"><strong><\/strong><\/span><\/p>\n<p><span style=\"font-family: arial, helvetica, sans-serif; font-size: small;\">Afirm\u00f3 que \u201cesta crisis no la crearon los trabajadores, fue creada por el capital\u201d. Y agreg\u00f3: \u201clos trabajadores estamos perdiendo todo, mientras el gobierno sigue diciendo que hay una guerra econ\u00f3mica, y cuando protestamos nos dicen que somos escu\u00e1lidos y traidores\u201d.<\/span><\/p>\n<p style=\"text-align: justify;\"><span style=\"font-size: small; font-family: arial, helvetica, sans-serif;\"><strong><\/strong><\/span><\/p>\n<p><span style=\"font-family: arial, helvetica, sans-serif; font-size: small;\">Plante\u00f3 que se organiz\u00f3 una gran estructura de corrupci\u00f3n en el gobierno.<\/span><\/p>\n<p style=\"text-align: justify;\"><span style=\"font-size: small; font-family: arial, helvetica, sans-serif;\"><strong><\/strong><\/span><\/p>\n<p><span style=\"font-family: arial, helvetica, sans-serif; font-size: small;\">De acuerdo a S\u00e1nchez, la derecha lo que plantea es un \u201cqu\u00edtate t\u00fa pa ponerme yo\u201d, frente al gobierno, pero dentro de la misma l\u00f3gica capitalista. Y agreg\u00f3 categ\u00f3rico: \u201cen este pa\u00eds todo el mundo quiere que Maduro se vaya\u201d, agregando que \u201cMaduro no saldr\u00e1 si no con la fuerza de los trabajadores, por eso debemos tener un programa de lucha\u201d.<\/span><\/p>\n<p style=\"text-align: justify;\"><span style=\"font-size: small; font-family: arial, helvetica, sans-serif;\"><strong><\/strong><\/span><\/p>\n<p><span style=\"font-family: arial, helvetica, sans-serif; font-size: small;\">\u201cLa polarizaci\u00f3n entre el gobierno y la oposici\u00f3n lo que pretende es evitar que se conforme otra alternativa. Los trabajadores somos una clase independiente y no estamos hoy representados por el gobierno ni por la oposici\u00f3n que encabeza Guaid\u00f3. Aqu\u00ed no hay ninguna revoluci\u00f3n. Los trabajadores debemos organizarnos como clase, con independencia, y construir un instrumento de lucha que incluso vaya m\u00e1s all\u00e1, a lo pol\u00edtico\u201d.<\/span><\/p>\n<p style=\"text-align: justify;\"><span style=\"font-size: small; font-family: arial, helvetica, sans-serif;\"><strong><\/strong><\/span><\/p>\n<p><span style=\"font-family: arial, helvetica, sans-serif; font-size: small;\">Plante\u00f3 la autonom\u00eda sindical, y afirm\u00f3: \u201cLos sindicatos no pueden defender al gobierno ni a los patronos, ni a los partidos\u201d.<\/span><\/p>\n<p style=\"text-align: justify;\"><span style=\"font-size: small; font-family: arial, helvetica, sans-serif;\"><strong><\/strong><\/span><\/p>\n<p><span style=\"font-family: arial, helvetica, sans-serif; font-size: small;\">Fue muy claro en plantear la necesidad de que los trabajadores tengan una herramienta de lucha propia, independiente de Guaid\u00f3, para enfrentar la pol\u00edtica antiobrera del gobierno de Maduro.<\/span><\/p>\n<p style=\"text-align: justify;\"><span style=\"font-size: small; font-family: arial, helvetica, sans-serif;\"><strong><\/strong><\/span><\/p>\n<p><span style=\"font-family: arial, helvetica, sans-serif; font-size: small;\">Cerr\u00f3 rechazando la intervenci\u00f3n imperialista de Estados Unidos, pero tambi\u00e9n la injerencia rusa y china.<\/span><\/p>\n<p style=\"text-align: justify;\"><span style=\"font-size: small; font-family: arial, helvetica, sans-serif;\"><strong><\/strong><\/span><\/p>\n<p><span style=\"font-size: medium;\"><strong><span style=\"font-family: arial, helvetica, sans-serif;\">Jos\u00e9 Bodas<\/span><\/strong><\/span><\/p>\n<p style=\"text-align: justify;\"><span style=\"font-size: small; font-family: arial, helvetica, sans-serif;\"><strong><\/strong><\/span><\/p>\n<p><span style=\"font-family: arial, helvetica, sans-serif; font-size: small;\">Jos\u00e9 Bodas, coordinador de C-cura y secretario general de la Futpv, plante\u00f3 que el gobierno prefiri\u00f3 pagar la deuda externa a costa del hambre de los trabajadores. Hizo una descripci\u00f3n detallada de la terrible situaci\u00f3n operativa de Pdvsa, y de la destrucci\u00f3n del salario de los trabajadores petroleros, y afirm\u00f3: \u201cEste es un gobierno que entrega el petr\u00f3leo a las transnacionales, no solo a las chinas, rusas, noruegas, francesas, tambi\u00e9n a la Chevron norteamericana\u201d.<\/span><\/p>\n<p style=\"text-align: justify;\"><span style=\"font-size: small; font-family: arial, helvetica, sans-serif;\"><strong><\/strong><\/span><\/p>\n<p><span style=\"font-family: arial, helvetica, sans-serif; font-size: small;\">Afirm\u00f3 que el petr\u00f3leo que compra China en Venezuela lo vende en Estados Unidos. \u201cTodas las transnacionales est\u00e1n felices en Venezuela con los salarios de hambre que pagan\u201d, sentenci\u00f3.<\/span><\/p>\n<p style=\"text-align: justify;\"><span style=\"font-size: small; font-family: arial, helvetica, sans-serif;\"><strong><\/strong><\/span><\/p>\n<p><span style=\"font-family: arial, helvetica, sans-serif; font-size: small;\">Bodas repudi\u00f3 el golpe de Estado de Guaid\u00f3 y la injerencia del imperialismo norteamericano, y plante\u00f3 que los trabajadores debemos salir a pelear por nuestros derechos y contra la pol\u00edtica antiobrera y antipopular del gobierno de Maduro. \u201cEs necesario construir una alternativa pol\u00edtico-sindical de los trabajadores, independiente de Guaid\u00f3, que luche por nuestras reivindicaciones\u201d, concluy\u00f3.<\/span><\/p>\n<p style=\"text-align: justify;\"><span style=\"font-size: small; font-family: arial, helvetica, sans-serif;\"><strong><\/strong><\/span><\/p>\n<p><span style=\"font-size: medium;\"><strong><span style=\"font-family: arial, helvetica, sans-serif;\">Thony Navas<\/span><\/strong><\/span><\/p>\n<p style=\"text-align: justify;\"><span style=\"font-size: small; font-family: arial, helvetica, sans-serif;\"><strong><\/strong><\/span><\/p>\n<p><span style=\"font-family: arial, helvetica, sans-serif; font-size: small;\">El presidente del sindicato de salud de la capital plante\u00f3 que \u201cDos c\u00fapulas tratan de hegemonizar, sin embargo, hay un espacio para construir una alternativa clasista, de izquierda para enfrentar al gobierno e independiente de Guaid\u00f3\u201d.<\/span><\/p>\n<p style=\"text-align: justify;\"><span style=\"font-size: small; font-family: arial, helvetica, sans-serif;\"><strong><\/strong><\/span><\/p>\n<p><span style=\"font-family: arial, helvetica, sans-serif; font-size: small;\">\u201cEs necesario la unidad sobre la base de la autonom\u00eda sindical, podemos convertirnos en un referente pol\u00edtico, para lucha por nuestros derechos y contra la pol\u00edtica hambreadora de Maduro\u201d.<\/span><\/p>\n<p style=\"text-align: justify;\"><span style=\"font-size: small; font-family: arial, helvetica, sans-serif;\"><strong><\/strong><\/span><\/p>\n<p><span style=\"font-family: arial, helvetica, sans-serif; font-size: small;\">Y concluy\u00f3 rechazando el golpismo y la injerencia imperialista.<\/span><\/p>\n<p style=\"text-align: justify;\"><span style=\"font-size: small; font-family: arial, helvetica, sans-serif;\"><strong><\/strong><\/span><\/p>\n<p><span style=\"font-family: arial, helvetica, sans-serif; font-size: small;\">Posteriormente, se reunieron cuatro mesas de trabajo, donde se debati\u00f3 la coyuntura pol\u00edtica, los diferentes conflictos en curso actualmente, el programa de lucha y el plan de acci\u00f3n, y la necesidad de instrumentar nuevas formas organizativas y de lucha en el movimiento sindical. Al final del importante debate en las mesas, se presentaron las resoluciones de cada una de ellas, y se convoc\u00f3 a una reuni\u00f3n el pr\u00f3ximo mi\u00e9rcoles en la sede de SinatraUCV, para sistematizar y publicar los acuerdos, y precisar las acciones de calle a realizarse en los pr\u00f3ximos d\u00edas.<\/span><\/p>\n<p style=\"text-align: justify;\"><span style=\"font-size: small; font-family: arial, helvetica, sans-serif;\"><strong><\/strong><\/span><\/p>\n<p><span style=\"font-family: arial, helvetica, sans-serif; font-size: small;\">El evento concluy\u00f3 con un acuerdo general de conformar una plataforma o alianza de lucha nacional, que tenga una mesa de coordinaci\u00f3n que se re\u00fana peri\u00f3dicamente. Los participantes en el evento definir\u00e1n posteriormente el nombre de esta nueva herramienta de lucha<\/span>.<\/p>\n<p style=\"text-align: justify;\"><span style=\"font-size: medium;\"><strong><span style=\"font-family: arial, helvetica, sans-serif;\"><\/span><\/strong><\/span><\/p>\n<p style=\"text-align: center;\"><span style=\"font-size: medium;\"><strong><span style=\"font-family: arial, helvetica, sans-serif;\"><\/span><\/strong><\/span><\/p>\n","protected":false},"excerpt":{"rendered":"<p>Encuentro sindical de la UCV acord\u00f3 conformar plataforma de lucha de trabajadores contra pol\u00edtica antiobrera del gobierno Por Prensa C-cura Caracas, 10 de mayo de 2019. Durante todo el d\u00eda de ayer, se llev\u00f3 a cabo en el auditorio de Ingenier\u00eda de la UCV, un primer encuentro de trabajadoras y trabajadores, convocado por Eduardo S\u00e1nchez, [&hellip;]<\/p>\n","protected":false},"author":1,"featured_media":3074,"comment_status":"open","ping_status":"open","sticky":false,"template":"","format":"standard","meta":[],"categories":[56],"tags":[],"_links":{"self":[{"href":"https:\/\/uit-ci.org\/index.php\/wp-json\/wp\/v2\/posts\/3075"}],"collection":[{"href":"https:\/\/uit-ci.org\/index.php\/wp-json\/wp\/v2\/posts"}],"about":[{"href":"https:\/\/uit-ci.org\/index.php\/wp-json\/wp\/v2\/types\/post"}],"author":[{"embeddable":true,"href":"https:\/\/uit-ci.org\/index.php\/wp-json\/wp\/v2\/users\/1"}],"replies":[{"embeddable":true,"href":"https:\/\/uit-ci.org\/index.php\/wp-json\/wp\/v2\/comments?post=3075"}],"version-history":[{"count":0,"href":"https:\/\/uit-ci.org\/index.php\/wp-json\/wp\/v2\/posts\/3075\/revisions"}],"wp:featuredmedia":[{"embeddable":true,"href":"https:\/\/uit-ci.org\/index.php\/wp-json\/wp\/v2\/media\/3074"}],"wp:attachment":[{"href":"https:\/\/uit-ci.org\/index.php\/wp-json\/wp\/v2\/media?parent=3075"}],"wp:term":[{"taxonomy":"category","embeddable":true,"href":"https:\/\/uit-ci.org\/index.php\/wp-json\/wp\/v2\/categories?post=3075"},{"taxonomy":"post_tag","embeddable":true,"href":"https:\/\/uit-ci.org\/index.php\/wp-json\/wp\/v2\/tags?post=3075"}],"curies":[{"name":"wp","href":"https:\/\/api.w.org\/{rel}","templated":true}]}}