{"id":3107,"date":"2019-05-30T14:20:12","date_gmt":"2019-05-30T14:20:12","guid":{"rendered":"http:\/\/uit-ci.org\/index.php\/2019\/05\/30\/el-reclamo-por-el-aborto-legal-en-la-argentina-y-el-mundo\/"},"modified":"2019-05-30T14:20:12","modified_gmt":"2019-05-30T14:20:12","slug":"el-reclamo-por-el-aborto-legal-en-la-argentina-y-el-mundo","status":"publish","type":"post","link":"https:\/\/uit-ci.org\/index.php\/2019\/05\/30\/el-reclamo-por-el-aborto-legal-en-la-argentina-y-el-mundo\/","title":{"rendered":"Argentina: El reclamo por el aborto legal en la Argentina y el mundo"},"content":{"rendered":"<p><strong><em><span style=\"font-family: arial, helvetica, sans-serif; font-size: small;\"><img loading=\"lazy\" class=\" alignleft size-full wp-image-3106\" src=\"http:\/\/uit-ci.org\/wp-content\/uploads\/2019\/05\/61223975_2404951809556651_2002806755511238656_n.jpg\" width=\"229\" height=\"154\" alt=\"61223975 2404951809556651 2002806755511238656 n\" style=\"margin: 5px; float: left;\" srcset=\"https:\/\/uit-ci.org\/wp-content\/uploads\/2019\/05\/61223975_2404951809556651_2002806755511238656_n.jpg 960w, https:\/\/uit-ci.org\/wp-content\/uploads\/2019\/05\/61223975_2404951809556651_2002806755511238656_n-300x201.jpg 300w, https:\/\/uit-ci.org\/wp-content\/uploads\/2019\/05\/61223975_2404951809556651_2002806755511238656_n-768x515.jpg 768w, https:\/\/uit-ci.org\/wp-content\/uploads\/2019\/05\/61223975_2404951809556651_2002806755511238656_n-600x403.jpg 600w, https:\/\/uit-ci.org\/wp-content\/uploads\/2019\/05\/61223975_2404951809556651_2002806755511238656_n-750x503.jpg 750w\" sizes=\"(max-width: 229px) 100vw, 229px\" \/>Escribe Mercedes Trimarchi Diputada provincia de Buenos Aires por Izquierda Socialista\/ FIT y dirigenta de Isadora<\/span><\/em><\/strong><strong><em><span style=\"font-family: arial, helvetica, sans-serif; font-size: small;\"><\/span><\/em><\/strong><\/p>\n<p><span style=\"font-family: arial, helvetica, sans-serif; font-size: small;\">Por octava vez, el 28 de mayo, d\u00eda de acci\u00f3n por la salud de las mujeres, se present\u00f3 en el Congreso el proyecto de ley de interrupci\u00f3n voluntaria del embarazo (IVE) que elabor\u00f3 la Campa\u00f1a Nacional por el Derecho al Aborto Legal, Seguro y Gratuito.<\/span><\/p>\n<p>  <!--more-->  <\/p>\n<p><span style=\"font-family: arial, helvetica, sans-serif; font-size: small;\">La sala asignada para la conferencia de prensa se colm\u00f3 r\u00e1pidamente con activistas feministas, referentes de la campa\u00f1a, periodistas, actrices y, por supuesto, con diputadas y diputados firmantes del proyecto. Pero lo m\u00e1s destacado de la fecha fue la masividad que se logr\u00f3 tanto en las inmediaciones del Congreso como en las plazas de todo el pa\u00eds. Cientos de miles de mujeres en la Argentina levantaron su pa\u00f1uelo verde para exigir que el aborto sea ley y que sea ahora.<\/span><\/p>\n<p><span style=\"font-family: arial, helvetica, sans-serif; font-size: small;\">Luego del rev\u00e9s que sufri\u00f3 el proyecto en el Senado en 2018, los sectores antiderechos (las iglesias y los partidos patronales que le dieron la espalda al reclamo de las mujeres) vaticinaron que el movimiento hab\u00eda sido derrotado. Incluso, intentaron avanzar, atacando la educaci\u00f3n sexual y obligando a parir a ni\u00f1as violadas, como en el caso de Tucum\u00e1n, gobernada por el peronista Manzur (ex ministro de Salud del gobierno de Cristina).<\/span><\/p>\n<p><span style=\"font-family: arial, helvetica, sans-serif; font-size: small;\">A pesar de estos ataques y de que varias corrientes pol\u00edticas plantearon que hab\u00eda que esperar a que cambie la composici\u00f3n del Parlamento en 2020, se logr\u00f3 imponer que se presente el proyecto este a\u00f1o. Ahora tenemos el desaf\u00edo de seguir movilizadas para que se trate y que se apruebe. As\u00ed se cant\u00f3 y grit\u00f3 en todos los pa\u00f1uelazos que se hicieron a lo largo y ancho del pa\u00eds \u201caborto legal ya\u201d y \u201caborto legal en el hospital\u201d. Con la fuerza de la marea verde (que lleg\u00f3 para quedarse) debemos seguir en las calles hasta que el aborto sea legal, seguro y gratuito.<\/span><\/p>\n<p><strong><span style=\"font-family: arial, helvetica, sans-serif; font-size: small;\">Repercusiones en el mundo<\/span><\/strong><\/p>\n<p><span style=\"font-family: arial, helvetica, sans-serif; font-size: small;\">La lucha de las mujeres argentinas por la legalizaci\u00f3n del aborto con el pa\u00f1uelo verde recorri\u00f3 el globo. Ya en las semanas previas la alfombra roja del prestigioso Festival de Cannes (Francia) se hab\u00eda te\u00f1ido de verde cuando ingresaron referentes de la Campa\u00f1a Nacional por el Derecho al Aborto junto a la mam\u00e1 de Ana Mar\u00eda Acevedo, quien muri\u00f3 porque le negaron un aborto legal en 2007. Este caso emblem\u00e1tico se relata en la pel\u00edcula de Juan Solanas, nominada en el festival, que justamente se llama \u201cQue sea ley\u201d.<\/span><\/p>\n<p><span style=\"font-family: arial, helvetica, sans-serif; font-size: small;\">Por otro lado, la convocatoria al 28M tuvo apoyo internacional en varias ciudades del mundo. Feministas se concentraron en embajadas y consulados de la Argentina para acompa\u00f1ar la presentaci\u00f3n del proyecto de ley, pero sobre todo para exigir que se apruebe porque el aborto es un derecho que ya fue conquistado en la mayor\u00eda de los pa\u00edses del mundo y se tiene que lograr tambi\u00e9n en la Argentina. Las acciones se dieron desde Estados Unidos hasta Chile, pasando por Per\u00fa, Ecuador y Colombia. Y en Europa en ciudades como Berl\u00edn, Barcelona, Madrid , Par\u00eds y Amsterdam.<\/span><\/p>\n","protected":false},"excerpt":{"rendered":"<p>Escribe Mercedes Trimarchi Diputada provincia de Buenos Aires por Izquierda Socialista\/ FIT y dirigenta de Isadora Por octava vez, el 28 de mayo, d\u00eda de acci\u00f3n por la salud de las mujeres, se present\u00f3 en el Congreso el proyecto de ley de interrupci\u00f3n voluntaria del embarazo (IVE) que elabor\u00f3 la Campa\u00f1a Nacional por el Derecho [&hellip;]<\/p>\n","protected":false},"author":1,"featured_media":3106,"comment_status":"open","ping_status":"open","sticky":false,"template":"","format":"standard","meta":[],"categories":[56],"tags":[],"_links":{"self":[{"href":"https:\/\/uit-ci.org\/index.php\/wp-json\/wp\/v2\/posts\/3107"}],"collection":[{"href":"https:\/\/uit-ci.org\/index.php\/wp-json\/wp\/v2\/posts"}],"about":[{"href":"https:\/\/uit-ci.org\/index.php\/wp-json\/wp\/v2\/types\/post"}],"author":[{"embeddable":true,"href":"https:\/\/uit-ci.org\/index.php\/wp-json\/wp\/v2\/users\/1"}],"replies":[{"embeddable":true,"href":"https:\/\/uit-ci.org\/index.php\/wp-json\/wp\/v2\/comments?post=3107"}],"version-history":[{"count":0,"href":"https:\/\/uit-ci.org\/index.php\/wp-json\/wp\/v2\/posts\/3107\/revisions"}],"wp:featuredmedia":[{"embeddable":true,"href":"https:\/\/uit-ci.org\/index.php\/wp-json\/wp\/v2\/media\/3106"}],"wp:attachment":[{"href":"https:\/\/uit-ci.org\/index.php\/wp-json\/wp\/v2\/media?parent=3107"}],"wp:term":[{"taxonomy":"category","embeddable":true,"href":"https:\/\/uit-ci.org\/index.php\/wp-json\/wp\/v2\/categories?post=3107"},{"taxonomy":"post_tag","embeddable":true,"href":"https:\/\/uit-ci.org\/index.php\/wp-json\/wp\/v2\/tags?post=3107"}],"curies":[{"name":"wp","href":"https:\/\/api.w.org\/{rel}","templated":true}]}}