{"id":3109,"date":"2019-05-30T14:58:52","date_gmt":"2019-05-30T14:58:52","guid":{"rendered":"http:\/\/uit-ci.org\/index.php\/2019\/05\/30\/brasil-presentacion-del-libro-por-que-fracaso-el-chavismo\/"},"modified":"2019-05-30T14:58:52","modified_gmt":"2019-05-30T14:58:52","slug":"brasil-presentacion-del-libro-por-que-fracaso-el-chavismo","status":"publish","type":"post","link":"https:\/\/uit-ci.org\/index.php\/2019\/05\/30\/brasil-presentacion-del-libro-por-que-fracaso-el-chavismo\/","title":{"rendered":"Brasil: Presentaci\u00f3n del libro \u201c\u00bfPor qu\u00e9 fracas\u00f3 el chavismo?\u201d"},"content":{"rendered":"<p style=\"text-align: justify;\"><em><strong><span style=\"font-family: arial, helvetica, sans-serif; font-size: small;\"><img loading=\"lazy\" class=\" alignleft size-full wp-image-3108\" src=\"http:\/\/uit-ci.org\/wp-content\/uploads\/2019\/05\/WhatsApp_Image_2019-05-23_at_23.25.49_1.jpeg\" width=\"251\" height=\"141\" alt=\"WhatsApp Image 2019-05-23 at 23.25.49 1\" style=\"margin: 5px; float: left;\" srcset=\"https:\/\/uit-ci.org\/wp-content\/uploads\/2019\/05\/WhatsApp_Image_2019-05-23_at_23.25.49_1.jpeg 1280w, https:\/\/uit-ci.org\/wp-content\/uploads\/2019\/05\/WhatsApp_Image_2019-05-23_at_23.25.49_1-300x169.jpeg 300w, https:\/\/uit-ci.org\/wp-content\/uploads\/2019\/05\/WhatsApp_Image_2019-05-23_at_23.25.49_1-1024x576.jpeg 1024w, https:\/\/uit-ci.org\/wp-content\/uploads\/2019\/05\/WhatsApp_Image_2019-05-23_at_23.25.49_1-768x432.jpeg 768w, https:\/\/uit-ci.org\/wp-content\/uploads\/2019\/05\/WhatsApp_Image_2019-05-23_at_23.25.49_1-600x338.jpeg 600w, https:\/\/uit-ci.org\/wp-content\/uploads\/2019\/05\/WhatsApp_Image_2019-05-23_at_23.25.49_1-750x422.jpeg 750w, https:\/\/uit-ci.org\/wp-content\/uploads\/2019\/05\/WhatsApp_Image_2019-05-23_at_23.25.49_1-1140x641.jpeg 1140w\" sizes=\"(max-width: 251px) 100vw, 251px\" \/>Escribe Adolfo Santos<\/span><\/strong><\/em><\/p>\n<p style=\"text-align: justify;\"><span style=\"font-family: arial, helvetica, sans-serif; font-size: small;\">Con sala llena, fue presentado en R\u00edo de Janeiro el libro \u00bfPor qu\u00e9 fracas\u00f3 el chavismo? en su edici\u00f3n en portugu\u00e9s. Publicado por la Corriente Socialista de los Trabajadores (CST), secci\u00f3n brasilera de la UIT-CI, en la presentaci\u00f3n estuvo uno de sus autores, el dirigente de Izquierda Socialista y de la UIT-CI Miguel Sorans.<\/span><\/p>\n<p>  <!--more-->  <\/p>\n<p style=\"text-align: justify;\"><span style=\"font-family: arial, helvetica, sans-serif; font-size: small;\">Cerca de cien compa\u00f1eros participaron del evento en el Espacio Plinio de Arruda Sampaio. Profesores, trabajadores de la limpieza urbana (\u201cgaris\u201d), funcionarios de la universidad, trabajadores del correo, una delegaci\u00f3n de metroviarios de San Pablo y una importante delegaci\u00f3n de j\u00f3venes de diversas universidades de R\u00edo de Janeiro pertenecientes a la agrupaci\u00f3n Vamos a Luta acompa\u00f1aron con atenci\u00f3n la exposici\u00f3n del compa\u00f1ero Sorans.<\/span><\/p>\n<p style=\"text-align: justify;\"><span style=\"font-family: arial, helvetica, sans-serif; font-size: small;\">El inter\u00e9s demostrado por esta actividad se reflej\u00f3 en las intervenciones que hicieron los presentes destacando la importancia de ese debate para los socialistas y sacar conclusiones de ese rotundo fracaso que result\u00f3 el proyecto chavista del socialismo del siglo XXI. Bruno da Rosa, \u201cgaris\u201d y dirigente de la Oposici\u00f3n Unificada de ese sindicato, expres\u00f3: \u201cEste debate es importante para tambi\u00e9n entender el proceso brasilero. Como dice Miguel, para que exista el socialismo y un gobierno de los trabajadores es necesario romper con tres pilares, con la burgues\u00eda, con las multinacionales y con el sistema financiero dejando de pagar la deuda. Ni el chavismo en Venezuela, ni el PT en Brasil con sus trece a\u00f1os de proyectos de conciliaci\u00f3n hicieron eso, por eso terminaron traicionando a la clase trabajadora\u201d.<\/span><\/p>\n<p style=\"text-align: justify;\"><span style=\"font-family: arial, helvetica, sans-serif; font-size: small;\">Cabe destacar la presencia del compa\u00f1ero Pedro Fuentes, dirigente del MES\/PSOL, que se dirigi\u00f3 a la platea, lo mismo que Ciro Garc\u00eda, dirigente del PSTU, quien manifest\u00f3 coincidencias con la posici\u00f3n desarrollada por Sorans en relaci\u00f3n con el gobierno Ch\u00e1vez-Maduro. Tambi\u00e9n estuvo presente el compa\u00f1ero Bab\u00e1, dirigente de CST\/PSOL y concejal de la ciudad de R\u00edo, quien en su intervenci\u00f3n destac\u00f3 el nefasto papel del chavismo cumpliendo religiosamente con el pago de la deuda al sistema financiero en vez de aplicar ese dinero para resolver los problemas del pueblo trabajador.<\/span><\/p>\n<p style=\"text-align: justify;\"><span style=\"font-family: arial, helvetica, sans-serif; font-size: small;\">El debate que gener\u00f3 la presentaci\u00f3n del libro culmin\u00f3 con varias ruedas de conversaciones que quer\u00edan profundizar sobre este tema tan importante para los rumbos de la revoluci\u00f3n latinoamericana. Sin dudas, el fracaso del proyecto chavista, defendido por amplios sectores de la izquierda y que la burgues\u00eda y el imperialismo utilizan para demostrar el \u201cfracaso del socialismo\u201d, merece un amplio debate. El libro de los compa\u00f1eros Miguel Sorans y Sim\u00f3n Rodr\u00edguez Porras es una excelente herramienta para comprender ese fracaso y sacar las lecciones necesarias para no repetir los errores de ese falso socialismo.<\/span><\/p>\n","protected":false},"excerpt":{"rendered":"<p>Escribe Adolfo Santos Con sala llena, fue presentado en R\u00edo de Janeiro el libro \u00bfPor qu\u00e9 fracas\u00f3 el chavismo? en su edici\u00f3n en portugu\u00e9s. Publicado por la Corriente Socialista de los Trabajadores (CST), secci\u00f3n brasilera de la UIT-CI, en la presentaci\u00f3n estuvo uno de sus autores, el dirigente de Izquierda Socialista y de la UIT-CI [&hellip;]<\/p>\n","protected":false},"author":1,"featured_media":3108,"comment_status":"open","ping_status":"open","sticky":false,"template":"","format":"standard","meta":[],"categories":[56],"tags":[],"_links":{"self":[{"href":"https:\/\/uit-ci.org\/index.php\/wp-json\/wp\/v2\/posts\/3109"}],"collection":[{"href":"https:\/\/uit-ci.org\/index.php\/wp-json\/wp\/v2\/posts"}],"about":[{"href":"https:\/\/uit-ci.org\/index.php\/wp-json\/wp\/v2\/types\/post"}],"author":[{"embeddable":true,"href":"https:\/\/uit-ci.org\/index.php\/wp-json\/wp\/v2\/users\/1"}],"replies":[{"embeddable":true,"href":"https:\/\/uit-ci.org\/index.php\/wp-json\/wp\/v2\/comments?post=3109"}],"version-history":[{"count":0,"href":"https:\/\/uit-ci.org\/index.php\/wp-json\/wp\/v2\/posts\/3109\/revisions"}],"wp:featuredmedia":[{"embeddable":true,"href":"https:\/\/uit-ci.org\/index.php\/wp-json\/wp\/v2\/media\/3108"}],"wp:attachment":[{"href":"https:\/\/uit-ci.org\/index.php\/wp-json\/wp\/v2\/media?parent=3109"}],"wp:term":[{"taxonomy":"category","embeddable":true,"href":"https:\/\/uit-ci.org\/index.php\/wp-json\/wp\/v2\/categories?post=3109"},{"taxonomy":"post_tag","embeddable":true,"href":"https:\/\/uit-ci.org\/index.php\/wp-json\/wp\/v2\/tags?post=3109"}],"curies":[{"name":"wp","href":"https:\/\/api.w.org\/{rel}","templated":true}]}}